{"id":167468,"date":"2021-06-29T11:34:13","date_gmt":"2021-06-29T09:34:13","guid":{"rendered":"https:\/\/smago.de\/ws2\/?p=167468"},"modified":"2021-06-29T11:42:17","modified_gmt":"2021-06-29T09:42:17","slug":"das-supertalent-herz-leidenschaft-humor-lukas-podolski-wechselt-zu-rtl","status":"publish","type":"post","link":"https:\/\/smago.de\/ws2\/smago-informiert\/das-supertalent-herz-leidenschaft-humor-lukas-podolski-wechselt-zu-rtl\/","title":{"rendered":"&#8222;DAS SUPERTALENT&#8220; <br>Herz, Leidenschaft, Humor \u2013 Lukas Podolski wechselt zu RTL!"},"content":{"rendered":"<p>Lukas Podolski wird Juror bei &#8222;Das Supertalent&#8220; +++\u00a0Weitreichende Zusammenarbeit im Show- und Sport-Bereich geplant +++<br \/>\n<!--more--><\/p>\n<p>&nbsp;<\/p>\n<p>&nbsp;<\/p>\n<p>&nbsp;<\/p>\n<p style=\"text-align: justify;\">Fu\u00dfball-Weltmeister und Volksheld Lukas Podolski ist der erste neue Juror bei &#8222;Das Supertalent&#8220;. Damit spielt er jetzt in der ersten Liga der deutschen Fernsehunterhaltung und wird ab Herbst bei RTL \u00fcber Deutschlands gr\u00f6\u00dfte Talente urteilen. Im Rahmen einer weitreichenden Zusammenarbeit wird der sympathische und allseits beliebte Kicker zudem in weiteren Unterhaltungsshows als auch im Sport -Bereich mitwirken.<\/p>\n<p>&nbsp;<\/p>\n<p>&nbsp;<\/p>\n<p style=\"text-align: justify;\"><strong>Henning Tewes, Gesch\u00e4ftsf\u00fchrer RTL Television &amp; Co-Gesch\u00e4ftsleiter TVNOW:<\/strong> &#8222;Lukas Podolski ist einer der erfolgreichsten deutschen Fu\u00dfballspieler und beliebt bei Jung und Alt: Jetzt hat er bei RTL seine neue Heimat gefunden. Wir freuen uns sehr, dass er unser Publikum zuk\u00fcnftig nicht nur auf der gro\u00dfen Showb\u00fchne begeistern wird, sondern auch im Sport-Bereich. Willkommen bei RTL, lieber Lukas.&#8220;<\/p>\n<p>&nbsp;<\/p>\n<p>&nbsp;<\/p>\n<p style=\"text-align: justify;\"><strong>Kai Sturm, RTL-Unterhaltungschef:<\/strong>\u00a0&#8222;Wir freuen uns unglaublich, dass wir mit Lukas Podolski einen Weltmeister und Nationalhelden nach K\u00f6ln zu RTL holen und als Juror f\u00fcr &#8218;Das Supertalent&#8216; gewinnen konnten. Die wichtigste Frage, die hinter jedem Talent steht, ist: Was ist dein Traum? Lukas Podolski hat seinen gro\u00dfen Traum gelebt. All seine Erfahrungen und Gef\u00fchle passen perfekt in die Show.&#8220;<\/p>\n<p>&nbsp;<\/p>\n<p>&nbsp;<\/p>\n<p style=\"text-align: justify;\"><strong>Lukas Podolski:\u00a0<\/strong>&#8222;&#8218;Das Supertalent&#8216; habe ich immer gerne mit meiner Familie geschaut, jetzt sitze ich bald selbst auf dem Jurystuhl. Ich gespannt auf diese und weitere neue Herausforderungen bei meinem neuen Verein. Und das in meiner Heimatstadt K\u00f6ln.&#8220;<\/p>\n<p>&nbsp;<\/p>\n<p>&nbsp;<\/p>\n<p style=\"text-align: justify;\">Die 15. Staffel von &#8222;Das Supertalent&#8220; startet im Herbst bei RTL. Erz\u00e4hlt werden emotionale Geschichten von Menschen und ihren Talenten mit dem Fokus auf Humor, Emotionen, Entertainment und \u00dcberraschungen. Egal ob es sich um Gesangstalente, Akrobaten, Comedians oder lustige Tiertricks handelt \u2013 bei &#8222;Das Supertalent&#8220; kann jeder Mensch, jeden Alters und jeder Herkunft sein ganz pers\u00f6nliches Talent unter Beweis stellen und es auf die gro\u00dfe Showb\u00fchne schaffen.<\/p>\n<p style=\"text-align: justify;\">Produziert wird die Castingshow von UFA Show &amp; Factual GmbH. Zuschauer-Tickets gibt es <a href=\"http:\/\/www.ufa.de\/ticketing\/das-supertalent\">hier.<\/a> Die Casting-Tour geht noch\u00a0bis zum 10. Juli, u. a. in M\u00fcnchen, N\u00fcrnberg, Wien, Frankfurt und K\u00f6ln. Alle Infos und Termine finden Sie <a href=\"https:\/\/www.rtl.de\/cms\/supertalent-2021-so-koennen-sie-sich-fuer-die-neue-staffel-bewerben-4269357.html\">hier.<\/a><\/p>\n<p>&nbsp;<\/p>\n<p>&nbsp;<\/p>\n<p>&nbsp;<\/p>\n<figure id=\"attachment_167469\" aria-describedby=\"caption-attachment-167469\" style=\"width: 800px\" class=\"wp-caption alignnone\"><img decoding=\"async\" loading=\"lazy\" class=\"size-large wp-image-167469\" src=\"https:\/\/smago.de\/ws2\/wp-content\/uploads\/2021\/06\/poldi_supertalent-800x450.jpg\" alt=\"\" width=\"800\" height=\"450\" srcset=\"https:\/\/smago.de\/ws2\/wp-content\/uploads\/2021\/06\/poldi_supertalent-800x450.jpg 800w, https:\/\/smago.de\/ws2\/wp-content\/uploads\/2021\/06\/poldi_supertalent-522x294.jpg 522w, https:\/\/smago.de\/ws2\/wp-content\/uploads\/2021\/06\/poldi_supertalent-267x150.jpg 267w, https:\/\/smago.de\/ws2\/wp-content\/uploads\/2021\/06\/poldi_supertalent-768x432.jpg 768w, https:\/\/smago.de\/ws2\/wp-content\/uploads\/2021\/06\/poldi_supertalent-392x221.jpg 392w, https:\/\/smago.de\/ws2\/wp-content\/uploads\/2021\/06\/poldi_supertalent-130x73.jpg 130w, https:\/\/smago.de\/ws2\/wp-content\/uploads\/2021\/06\/poldi_supertalent-791x445.jpg 791w, https:\/\/smago.de\/ws2\/wp-content\/uploads\/2021\/06\/poldi_supertalent-870x489.jpg 870w, https:\/\/smago.de\/ws2\/wp-content\/uploads\/2021\/06\/poldi_supertalent-292x164.jpg 292w, https:\/\/smago.de\/ws2\/wp-content\/uploads\/2021\/06\/poldi_supertalent-435x245.jpg 435w, https:\/\/smago.de\/ws2\/wp-content\/uploads\/2021\/06\/poldi_supertalent-895x503.jpg 895w, https:\/\/smago.de\/ws2\/wp-content\/uploads\/2021\/06\/poldi_supertalent.jpg 1150w\" sizes=\"(max-width: 800px) 100vw, 800px\" \/><figcaption id=\"caption-attachment-167469\" class=\"wp-caption-text\"><em>Henning Tewes, Gesch\u00e4ftsf\u00fchrer RTL Television &amp; Co-Gesch\u00e4ftsleiter TVNOW, Fu\u00dfball-Weltmeister Lukas Podolski (r.)<\/em><\/p>\n<p><em>Foto-Credit: <strong><a href=\"https:\/\/www.tvnow.de\">TVNOW<\/a><\/strong> \/ Stefan Gregorowius<\/em><\/figcaption><\/figure>\n","protected":false},"excerpt":{"rendered":"<p>Lukas Podolski wird Juror bei &#8222;Das Supertalent&#8220; +++\u00a0Weitreichende Zusammenarbeit im Show- und Sport-Bereich geplant +++<\/p>\n","protected":false},"author":2,"featured_media":167469,"comment_status":"open","ping_status":"closed","sticky":false,"template":"","format":"standard","meta":{"_FSMCFIC_featured_image_caption":"","_FSMCFIC_featured_image_nocaption":"","_FSMCFIC_featured_image_hide":""},"categories":[33,128],"tags":[265],"acf":[],"_links":{"self":[{"href":"https:\/\/smago.de\/ws2\/wp-json\/wp\/v2\/posts\/167468"}],"collection":[{"href":"https:\/\/smago.de\/ws2\/wp-json\/wp\/v2\/posts"}],"about":[{"href":"https:\/\/smago.de\/ws2\/wp-json\/wp\/v2\/types\/post"}],"author":[{"embeddable":true,"href":"https:\/\/smago.de\/ws2\/wp-json\/wp\/v2\/users\/2"}],"replies":[{"embeddable":true,"href":"https:\/\/smago.de\/ws2\/wp-json\/wp\/v2\/comments?post=167468"}],"version-history":[{"count":3,"href":"https:\/\/smago.de\/ws2\/wp-json\/wp\/v2\/posts\/167468\/revisions"}],"predecessor-version":[{"id":167472,"href":"https:\/\/smago.de\/ws2\/wp-json\/wp\/v2\/posts\/167468\/revisions\/167472"}],"wp:featuredmedia":[{"embeddable":true,"href":"https:\/\/smago.de\/ws2\/wp-json\/wp\/v2\/media\/167469"}],"wp:attachment":[{"href":"https:\/\/smago.de\/ws2\/wp-json\/wp\/v2\/media?parent=167468"}],"wp:term":[{"taxonomy":"category","embeddable":true,"href":"https:\/\/smago.de\/ws2\/wp-json\/wp\/v2\/categories?post=167468"},{"taxonomy":"post_tag","embeddable":true,"href":"https:\/\/smago.de\/ws2\/wp-json\/wp\/v2\/tags?post=167468"}],"curies":[{"name":"wp","href":"https:\/\/api.w.org\/{rel}","templated":true}]}}