{"id":167249,"date":"2021-06-24T12:44:05","date_gmt":"2021-06-24T10:44:05","guid":{"rendered":"https:\/\/smago.de\/ws2\/?p=167249"},"modified":"2021-06-24T12:44:05","modified_gmt":"2021-06-24T10:44:05","slug":"jan-delay-feat-ernie-bert-sommerhit-eule-in-der-sesamstrasse","status":"publish","type":"post","link":"https:\/\/smago.de\/ws2\/kinderprogramm\/jan-delay-feat-ernie-bert-sommerhit-eule-in-der-sesamstrasse\/","title":{"rendered":"JAN DELAY feat. ERNIE &#038; BERT <br>Sommerhit \u201eEule\u201c in der &#8222;Sesamstra\u00dfe&#8220;!"},"content":{"rendered":"<p>Premiere des Musikvideo am 25.06.2021 auf dem Sesamstra\u00dfe YouTube-Kanal!<br \/>\n<!--more--><\/p>\n<p style=\"text-align: justify;\">\n<p style=\"text-align: justify;\">HipHop-Legende Jan Delay ist zur\u00fcck in der Sesamstra\u00dfe. Zusammen mit Ernie und Bert hat er seinen Sommerhit \u201eEule\u201c mit einem neuen Text eingespielt. Mit Unterst\u00fctzung einiger Monster und einer schlaflosen Eule haben sie auch ein Video zum Song produziert.<\/p>\n<p style=\"text-align: justify;\">Der Sesamstra\u00dfen-Clip feiert am Freitag, 25. Juni, Weltpremiere. \u201eEule\u201c von Jan Delay mit Ernie und Bert ist ab 12 Uhr auf dem Sesamstra\u00dfe YouTube Kanal zu sehen. Hier geht es direkt zum Song:<\/p>\n<p style=\"text-align: justify;\">\n<p style=\"text-align: justify;\">\n<p style=\"text-align: justify;\"><iframe loading=\"lazy\" src=\"\/\/www.youtube.com\/embed\/RH2x8SHZhak\" width=\"800\" height=\"449\" allowfullscreen=\"allowfullscreen\"><\/iframe><\/p>\n<p style=\"text-align: justify;\">\n<p style=\"text-align: justify;\">\n<p style=\"text-align: justify;\">Die Story: Bert freut sich am Abend darauf, ins Bett zu gehen. Er mag die Ruhe und m\u00f6chte schlafen. Aber er hat die Rechnung mal wieder ohne Ernie gemacht. Er und Jan Delay singen: Showtime statt Schlafen! Und viele in der Sesamstra\u00dfe machen mit. Berts Schlafzimmer wird kurzerhand zum Club, dort tummeln sich pl\u00f6tzlich Monster, eine Eule und andere Puppen, die die Nacht zum Tag machen. Gemeinsam \u00fcberzeugen sie Bert, dass Schlaf in dieser Nacht \u00fcberbewertet ist.<\/p>\n<p style=\"text-align: justify;\">Jan Delay verbindet mit Ernie und Bert eine lange Freundschaft. Schon 2011 hatte die Sesamstra\u00dfe seinen Song \u201eKlar\u201c in einer besonderen Version pr\u00e4sentiert. Der HipHopper hatte mit Ernie und Bert damals \u00fcber echten Teamgeist gesungen.<\/p>\n<p style=\"text-align: justify;\">Die neue Staffel der Sesamstra\u00dfe ist ab Oktober in der ARD-Mediathek zu sehen und im KiKA \u2013 dem Kinderkanal von ARD und ZDF. Mehr aus der Sesamstra\u00dfe gibt&#8217;s in der Sesamstra\u00dfen-App \u2013 jederzeit, kostenlos und werbefrei.<\/p>\n<p>&nbsp;<\/p>\n<p>&nbsp;<\/p>\n<p>&nbsp;<\/p>\n<figure id=\"attachment_167251\" aria-describedby=\"caption-attachment-167251\" style=\"width: 800px\" class=\"wp-caption alignnone\"><img decoding=\"async\" loading=\"lazy\" class=\"size-large wp-image-167251\" src=\"https:\/\/smago.de\/ws2\/wp-content\/uploads\/2021\/06\/3_Sesamstrasse_Jan_Delay-800x528.jpg\" alt=\"\" width=\"800\" height=\"528\" srcset=\"https:\/\/smago.de\/ws2\/wp-content\/uploads\/2021\/06\/3_Sesamstrasse_Jan_Delay-800x528.jpg 800w, https:\/\/smago.de\/ws2\/wp-content\/uploads\/2021\/06\/3_Sesamstrasse_Jan_Delay-522x345.jpg 522w, https:\/\/smago.de\/ws2\/wp-content\/uploads\/2021\/06\/3_Sesamstrasse_Jan_Delay-227x150.jpg 227w, https:\/\/smago.de\/ws2\/wp-content\/uploads\/2021\/06\/3_Sesamstrasse_Jan_Delay-768x507.jpg 768w, https:\/\/smago.de\/ws2\/wp-content\/uploads\/2021\/06\/3_Sesamstrasse_Jan_Delay-1536x1014.jpg 1536w, https:\/\/smago.de\/ws2\/wp-content\/uploads\/2021\/06\/3_Sesamstrasse_Jan_Delay-2048x1352.jpg 2048w, https:\/\/smago.de\/ws2\/wp-content\/uploads\/2021\/06\/3_Sesamstrasse_Jan_Delay-392x259.jpg 392w, https:\/\/smago.de\/ws2\/wp-content\/uploads\/2021\/06\/3_Sesamstrasse_Jan_Delay-130x86.jpg 130w, https:\/\/smago.de\/ws2\/wp-content\/uploads\/2021\/06\/3_Sesamstrasse_Jan_Delay-674x445.jpg 674w, https:\/\/smago.de\/ws2\/wp-content\/uploads\/2021\/06\/3_Sesamstrasse_Jan_Delay-791x522.jpg 791w, https:\/\/smago.de\/ws2\/wp-content\/uploads\/2021\/06\/3_Sesamstrasse_Jan_Delay-288x190.jpg 288w, https:\/\/smago.de\/ws2\/wp-content\/uploads\/2021\/06\/3_Sesamstrasse_Jan_Delay-435x287.jpg 435w, https:\/\/smago.de\/ws2\/wp-content\/uploads\/2021\/06\/3_Sesamstrasse_Jan_Delay-150x100.jpg 150w\" sizes=\"(max-width: 800px) 100vw, 800px\" \/><figcaption id=\"caption-attachment-167251\" class=\"wp-caption-text\"><em>\u00a9 NDR \/ Thorsten Jander<\/em><\/figcaption><\/figure>\n<p>&nbsp;<\/p>\n<p>&nbsp;<\/p>\n<p>&nbsp;<\/p>\n<figure id=\"attachment_167252\" aria-describedby=\"caption-attachment-167252\" style=\"width: 800px\" class=\"wp-caption alignnone\"><img decoding=\"async\" loading=\"lazy\" class=\"size-large wp-image-167252\" src=\"https:\/\/smago.de\/ws2\/wp-content\/uploads\/2021\/06\/1_Sesamstrasse_Jan_Delay-800x448.jpg\" alt=\"\" width=\"800\" height=\"448\" srcset=\"https:\/\/smago.de\/ws2\/wp-content\/uploads\/2021\/06\/1_Sesamstrasse_Jan_Delay-800x448.jpg 800w, https:\/\/smago.de\/ws2\/wp-content\/uploads\/2021\/06\/1_Sesamstrasse_Jan_Delay-522x292.jpg 522w, https:\/\/smago.de\/ws2\/wp-content\/uploads\/2021\/06\/1_Sesamstrasse_Jan_Delay-268x150.jpg 268w, https:\/\/smago.de\/ws2\/wp-content\/uploads\/2021\/06\/1_Sesamstrasse_Jan_Delay-768x430.jpg 768w, https:\/\/smago.de\/ws2\/wp-content\/uploads\/2021\/06\/1_Sesamstrasse_Jan_Delay-1536x860.jpg 1536w, https:\/\/smago.de\/ws2\/wp-content\/uploads\/2021\/06\/1_Sesamstrasse_Jan_Delay-2048x1147.jpg 2048w, https:\/\/smago.de\/ws2\/wp-content\/uploads\/2021\/06\/1_Sesamstrasse_Jan_Delay-392x220.jpg 392w, https:\/\/smago.de\/ws2\/wp-content\/uploads\/2021\/06\/1_Sesamstrasse_Jan_Delay-130x73.jpg 130w, https:\/\/smago.de\/ws2\/wp-content\/uploads\/2021\/06\/1_Sesamstrasse_Jan_Delay-794x445.jpg 794w, https:\/\/smago.de\/ws2\/wp-content\/uploads\/2021\/06\/1_Sesamstrasse_Jan_Delay-870x487.jpg 870w, https:\/\/smago.de\/ws2\/wp-content\/uploads\/2021\/06\/1_Sesamstrasse_Jan_Delay-292x164.jpg 292w, https:\/\/smago.de\/ws2\/wp-content\/uploads\/2021\/06\/1_Sesamstrasse_Jan_Delay-435x244.jpg 435w\" sizes=\"(max-width: 800px) 100vw, 800px\" \/><figcaption id=\"caption-attachment-167252\" class=\"wp-caption-text\"><\/em> <em>\u00a9 NDR \/ Thorsten Jander<\/em><\/figcaption><\/figure>\n","protected":false},"excerpt":{"rendered":"<p>Premiere des Musikvideo am 25.06.2021 auf dem Sesamstra\u00dfe YouTube-Kanal!<\/p>\n","protected":false},"author":2,"featured_media":167250,"comment_status":"open","ping_status":"closed","sticky":false,"template":"","format":"standard","meta":{"_FSMCFIC_featured_image_caption":"","_FSMCFIC_featured_image_nocaption":"","_FSMCFIC_featured_image_hide":""},"categories":[20,27],"tags":[222,2116,2115],"acf":[],"_links":{"self":[{"href":"https:\/\/smago.de\/ws2\/wp-json\/wp\/v2\/posts\/167249"}],"collection":[{"href":"https:\/\/smago.de\/ws2\/wp-json\/wp\/v2\/posts"}],"about":[{"href":"https:\/\/smago.de\/ws2\/wp-json\/wp\/v2\/types\/post"}],"author":[{"embeddable":true,"href":"https:\/\/smago.de\/ws2\/wp-json\/wp\/v2\/users\/2"}],"replies":[{"embeddable":true,"href":"https:\/\/smago.de\/ws2\/wp-json\/wp\/v2\/comments?post=167249"}],"version-history":[{"count":1,"href":"https:\/\/smago.de\/ws2\/wp-json\/wp\/v2\/posts\/167249\/revisions"}],"predecessor-version":[{"id":167253,"href":"https:\/\/smago.de\/ws2\/wp-json\/wp\/v2\/posts\/167249\/revisions\/167253"}],"wp:featuredmedia":[{"embeddable":true,"href":"https:\/\/smago.de\/ws2\/wp-json\/wp\/v2\/media\/167250"}],"wp:attachment":[{"href":"https:\/\/smago.de\/ws2\/wp-json\/wp\/v2\/media?parent=167249"}],"wp:term":[{"taxonomy":"category","embeddable":true,"href":"https:\/\/smago.de\/ws2\/wp-json\/wp\/v2\/categories?post=167249"},{"taxonomy":"post_tag","embeddable":true,"href":"https:\/\/smago.de\/ws2\/wp-json\/wp\/v2\/tags?post=167249"}],"curies":[{"name":"wp","href":"https:\/\/api.w.org\/{rel}","templated":true}]}}