{"id":167131,"date":"2021-06-22T10:26:56","date_gmt":"2021-06-22T08:26:56","guid":{"rendered":"https:\/\/smago.de\/ws2\/?p=167131"},"modified":"2021-06-22T10:27:31","modified_gmt":"2021-06-22T08:27:31","slug":"smago-informiert-starkes-engagement-von-zdf-und-mdr-fuer-das-kindermedienland-thueringen","status":"publish","type":"post","link":"https:\/\/smago.de\/ws2\/kinderprogramm\/smago-informiert-starkes-engagement-von-zdf-und-mdr-fuer-das-kindermedienland-thueringen\/","title":{"rendered":"smago! INFORMIERT <br>Starkes Engagement von ZDF und MDR f\u00fcr das Kindermedienland Th\u00fcringen!"},"content":{"rendered":"<p>Die kidsCon findet\u00a0am 23.06.20212021 von 09:30 Uhr &#8211; 15:30 Uhr als Online-Konferenz via Livestream statt!<br \/>\n<!--more--><\/p>\n<p>&nbsp;<\/p>\n<p>&nbsp;<\/p>\n<p style=\"text-align: justify;\">Mit der ersten Ausgabe der Kindermedien-Onlinekonferenz kidsCon <b>am 23. Juni 2021<\/b> in Erfurt baut die MDR\/ZDF-Digitaltochter ida ihr Engagement in Th\u00fcringen weiter aus. Die Konferenz widmet sich in ihrem Premierenjahr dem Thema &#8222;Digitale Kommunikationsr\u00e4ume f\u00fcr Kinder&#8220;.<\/p>\n<p style=\"text-align: justify;\">Dabei geht es vor allem um Medienkompetenz und die Verantwortung von Medienschaffenden, Gesellschaft und Produktanbietenden, damit Kinder die digitale Welt mit Spa\u00df entdecken und sich sicher darin bewegen k\u00f6nnen.<\/p>\n<p style=\"text-align: justify;\">&#8222;Die kidsCon ist ein weiterer wichtiger Schritt zur St\u00e4rkung des Kindermedienstandortes Th\u00fcringen. Schon jetzt unterst\u00fctzt ida die digitalen Ver\u00e4nderungsprozesse beim KiKA in Erfurt mit konkreten inhaltlichen und technologischen Impulsen. Mit der kidsCon intensiviert unsere gemeinsame Innovationsagentur ihre Aktivit\u00e4ten am zweiten Standort in Erfurt. Perspektivisch soll sich die kidsCon zu einem ThinkTank f\u00fcr innovative und vielf\u00e4ltige Kinderinhalte entwickeln&#8220;, erkl\u00e4rt MDR-Intendantin Karola Wille.<\/p>\n<p style=\"text-align: justify;\">ZDF-Intendant Dr. Thomas Bellut: &#8222;Unsere gemeinsame Unternehmung ida hat mit ihren Sitzen an den Medienstandorten Leipzig und Erfurt eine ideale Ausgangsposition, um aus Mitteldeutschland heraus digitale Innovation f\u00fcr Kinder voranzutreiben \u2013 auf nationalem und internationalem Niveau. Ich w\u00fcnsche dieser ersten kidsCon in Th\u00fcringens Hauptstadt daher viel Erfolg, um richtungweisende Ideen zu heben und konkrete Strategien zu entwickeln.&#8220;<\/p>\n<p style=\"text-align: justify;\">Wohin entwickeln sich digitale Kommunikationsr\u00e4ume f\u00fcr Kinder? Wo lauern dabei die Gefahren f\u00fcr Kinder? Was m\u00fcssen Medienschaffende beachten? Diese Themen werden bei der kidsCon diskutiert, die <b>am 23. Juni 2021 von 9.30 Uhr bis 15.30 Uhr<\/b> als Online-Konferenz via Livestream stattfindet.<\/p>\n<p style=\"text-align: justify;\">Neben Einsch\u00e4tzungen von Fachexpertinnen und -experten (u.a. Cyber-Kriminologe Thomas-Gabriel R\u00fcdiger) und Impulsen namhafter Macherinnen und Macher (u.a. YouTube, KiKA, Lego) wird die rasant wachsende US-amerikanische Spieleplattform &#8222;Roblox&#8220; erstmals auf einer deutschsprachigen Konferenz vertreten sein.<\/p>\n<p>&nbsp;<\/p>\n<p>&nbsp;<\/p>\n<p style=\"text-align: justify;\">Weitere Informationen zum Programm sowie zum Ticketverkauf finden Sie unter <a href=\"http:\/\/www.kidscon.me\/\" target=\"_blank\" rel=\"noopener\">https:\/\/kidscon.me<\/a>!<\/p>\n<p>&nbsp;<\/p>\n<p>&nbsp;<\/p>\n<figure id=\"attachment_167132\" aria-describedby=\"caption-attachment-167132\" style=\"width: 720px\" class=\"wp-caption alignnone\"><img decoding=\"async\" loading=\"lazy\" class=\"size-full wp-image-167132\" src=\"https:\/\/smago.de\/ws2\/wp-content\/uploads\/2021\/06\/kidscon.jpg\" alt=\"\" width=\"720\" height=\"405\" srcset=\"https:\/\/smago.de\/ws2\/wp-content\/uploads\/2021\/06\/kidscon.jpg 720w, https:\/\/smago.de\/ws2\/wp-content\/uploads\/2021\/06\/kidscon-522x294.jpg 522w, https:\/\/smago.de\/ws2\/wp-content\/uploads\/2021\/06\/kidscon-267x150.jpg 267w, https:\/\/smago.de\/ws2\/wp-content\/uploads\/2021\/06\/kidscon-392x221.jpg 392w, https:\/\/smago.de\/ws2\/wp-content\/uploads\/2021\/06\/kidscon-130x73.jpg 130w, https:\/\/smago.de\/ws2\/wp-content\/uploads\/2021\/06\/kidscon-292x164.jpg 292w, https:\/\/smago.de\/ws2\/wp-content\/uploads\/2021\/06\/kidscon-435x245.jpg 435w\" sizes=\"(max-width: 720px) 100vw, 720px\" \/><figcaption id=\"caption-attachment-167132\" class=\"wp-caption-text\"><em>Logo &#8222;kidsCon 2021&#8220;<\/em><\/p>\n<p><em>Foto-Credit: ZDF \/ MDR<\/em><\/figcaption><\/figure>\n","protected":false},"excerpt":{"rendered":"<p>Die kidsCon findet\u00a0am 23.06.20212021 von 09:30 Uhr &#8211; 15:30 Uhr als Online-Konferenz via Livestream statt!<\/p>\n","protected":false},"author":2,"featured_media":167132,"comment_status":"open","ping_status":"closed","sticky":false,"template":"","format":"standard","meta":{"_FSMCFIC_featured_image_caption":"","_FSMCFIC_featured_image_nocaption":"","_FSMCFIC_featured_image_hide":""},"categories":[20],"tags":[60],"acf":[],"_links":{"self":[{"href":"https:\/\/smago.de\/ws2\/wp-json\/wp\/v2\/posts\/167131"}],"collection":[{"href":"https:\/\/smago.de\/ws2\/wp-json\/wp\/v2\/posts"}],"about":[{"href":"https:\/\/smago.de\/ws2\/wp-json\/wp\/v2\/types\/post"}],"author":[{"embeddable":true,"href":"https:\/\/smago.de\/ws2\/wp-json\/wp\/v2\/users\/2"}],"replies":[{"embeddable":true,"href":"https:\/\/smago.de\/ws2\/wp-json\/wp\/v2\/comments?post=167131"}],"version-history":[{"count":2,"href":"https:\/\/smago.de\/ws2\/wp-json\/wp\/v2\/posts\/167131\/revisions"}],"predecessor-version":[{"id":167134,"href":"https:\/\/smago.de\/ws2\/wp-json\/wp\/v2\/posts\/167131\/revisions\/167134"}],"wp:featuredmedia":[{"embeddable":true,"href":"https:\/\/smago.de\/ws2\/wp-json\/wp\/v2\/media\/167132"}],"wp:attachment":[{"href":"https:\/\/smago.de\/ws2\/wp-json\/wp\/v2\/media?parent=167131"}],"wp:term":[{"taxonomy":"category","embeddable":true,"href":"https:\/\/smago.de\/ws2\/wp-json\/wp\/v2\/categories?post=167131"},{"taxonomy":"post_tag","embeddable":true,"href":"https:\/\/smago.de\/ws2\/wp-json\/wp\/v2\/tags?post=167131"}],"curies":[{"name":"wp","href":"https:\/\/api.w.org\/{rel}","templated":true}]}}