{"id":167110,"date":"2021-06-21T16:49:07","date_gmt":"2021-06-21T14:49:07","guid":{"rendered":"https:\/\/smago.de\/ws2\/?p=167110"},"modified":"2021-06-21T16:49:41","modified_gmt":"2021-06-21T14:49:41","slug":"allessa-tolles-chart-geschenk-zum-15-jaehrigen-jubilaeum","status":"publish","type":"post","link":"https:\/\/smago.de\/ws2\/pop-schlager\/allessa-tolles-chart-geschenk-zum-15-jaehrigen-jubilaeum\/","title":{"rendered":"ALLESSA <br>Tolles Chart-Geschenk zum 15-j\u00e4hrigen Jubil\u00e4um:"},"content":{"rendered":"<p>\u201eSommerregen\u201c steigt auf Platz 36 der Offiziellen Deutschen Album Charts\u00a0und Platz 3 der\u00a0Offiziellen\u00a0Top 20 Schlager Album Charts ein!<br \/>\n<!--more--><\/p>\n<p>&nbsp;<\/p>\n<p>&nbsp;<\/p>\n<p style=\"text-align: justify;\">Zu ihrem 15-j\u00e4hrigen Solo-B\u00fchnenjubil\u00e4um gelingt ALLESSA mit ihrem f\u00fcnften Album \u201eSommerregen\u201c zum ersten Mal der Sprung in die Top 100 der deutschen Charts: Der Longplayer erreicht #36 der Offiziellen Deutschen Album Charts und Platz 3 der Official Top 20 Schlager Album.<\/p>\n<p style=\"text-align: justify;\">Allessa: <em>\u201eIch freue mich wirklich! Ein gro\u00dfes Dankesch\u00f6n an mein gesamtes Team und nat\u00fcrlich an meine Fans, die auch in dieser f\u00fcr uns alle au\u00dfergew\u00f6hnlichen Zeit ohne Live-Begegnungen bei Konzerten diesen wunderbaren Erfolg trotzdem m\u00f6glich gemacht haben. Ich hoffe, die neuen Songs meines Albums dann auch endlich wieder live singen zu k\u00f6nnen!&#8220;<\/em><\/p>\n<p style=\"text-align: justify;\">Das neue Album &#8222;Sommerregen&#8220; entstand mit Songwriter-Legende Joachim Horn-Berges, auf den zahlreiche Stars wie Howard Carpendale, Al Bano &amp; Romina Power, Matthias Reim oder Nino de Angelo setzen, in kongenialer Zusammenarbeit mit Jens M\u00f6ller. Produziert wurde das Album von Erfolgsproducer Hubert Molander (u.a Sonia Liebing, Michelle, Beatrice Egli). Die aktuelle Single \u201eVerbotene Liebe\u201c konnte sich seit dem Erscheinen in den Top 10 der deutschen und \u00f6sterreichischen konservativen Radiocharts behaupten und das Video erzielte in k\u00fcrzester Zeit knapp 200.000 YouTube-Views.<\/p>\n<p style=\"text-align: justify;\">Nach Charterfolgen und Goldauszeichnungen mit der \u00f6sterreichischen Girlgroup \u201eC-Bra\u201c und der Popband \u201eRapublic\u201c, startete Allessa 2006 ihre Solokarriere. Alle Soloalben der Grazer S\u00e4ngerin mit italienischen, deutschen und ungarischen Wurzeln konnten sich seitdem in den \u00f6sterreichischen Charts platzieren.<\/p>\n<p style=\"text-align: justify;\">Das Album \u201eSommerregen\u201c ist am 11. Juni 2021 bei TELAMO erschienen.<\/p>\n","protected":false},"excerpt":{"rendered":"<p>\u201eSommerregen\u201c steigt auf Platz 36 der Offiziellen Deutschen Album Charts\u00a0und Platz 3 der\u00a0Offiziellen\u00a0Top 20 Schlager Album Charts ein!<\/p>\n","protected":false},"author":2,"featured_media":164792,"comment_status":"open","ping_status":"closed","sticky":false,"template":"","format":"standard","meta":{"_FSMCFIC_featured_image_caption":"","_FSMCFIC_featured_image_nocaption":"","_FSMCFIC_featured_image_hide":""},"categories":[28],"tags":[318],"acf":[],"_links":{"self":[{"href":"https:\/\/smago.de\/ws2\/wp-json\/wp\/v2\/posts\/167110"}],"collection":[{"href":"https:\/\/smago.de\/ws2\/wp-json\/wp\/v2\/posts"}],"about":[{"href":"https:\/\/smago.de\/ws2\/wp-json\/wp\/v2\/types\/post"}],"author":[{"embeddable":true,"href":"https:\/\/smago.de\/ws2\/wp-json\/wp\/v2\/users\/2"}],"replies":[{"embeddable":true,"href":"https:\/\/smago.de\/ws2\/wp-json\/wp\/v2\/comments?post=167110"}],"version-history":[{"count":3,"href":"https:\/\/smago.de\/ws2\/wp-json\/wp\/v2\/posts\/167110\/revisions"}],"predecessor-version":[{"id":167113,"href":"https:\/\/smago.de\/ws2\/wp-json\/wp\/v2\/posts\/167110\/revisions\/167113"}],"wp:featuredmedia":[{"embeddable":true,"href":"https:\/\/smago.de\/ws2\/wp-json\/wp\/v2\/media\/164792"}],"wp:attachment":[{"href":"https:\/\/smago.de\/ws2\/wp-json\/wp\/v2\/media?parent=167110"}],"wp:term":[{"taxonomy":"category","embeddable":true,"href":"https:\/\/smago.de\/ws2\/wp-json\/wp\/v2\/categories?post=167110"},{"taxonomy":"post_tag","embeddable":true,"href":"https:\/\/smago.de\/ws2\/wp-json\/wp\/v2\/tags?post=167110"}],"curies":[{"name":"wp","href":"https:\/\/api.w.org\/{rel}","templated":true}]}}