{"id":166839,"date":"2021-06-15T00:00:55","date_gmt":"2021-06-14T22:00:55","guid":{"rendered":"https:\/\/smago.de\/ws2\/?p=166839"},"modified":"2021-06-14T21:10:21","modified_gmt":"2021-06-14T19:10:21","slug":"rtl-inspiration-energie-und-haltung-rtl-praesentiert-neuen-markenauftritt","status":"publish","type":"post","link":"https:\/\/smago.de\/ws2\/smago-informiert\/rtl-inspiration-energie-und-haltung-rtl-praesentiert-neuen-markenauftritt\/","title":{"rendered":"&#8222;RTL&#8220; <br>Inspiration, Energie und Haltung: RTL pr\u00e4sentiert neuen Markenauftritt!"},"content":{"rendered":"<p><em>smago!<\/em> meint: na dann &#8230;!<br \/>\n<!--more--><\/p>\n<p>&nbsp;<\/p>\n<p>&nbsp;<\/p>\n<p>&nbsp;<\/p>\n<ul>\n<li>Umfassende Neupositionierung und Neugestaltung zur St\u00e4rkung von RTL als f\u00fchrende Entertainmentmarke in Deutschland und Europa<\/li>\n<li>Neues Multi-Colour-Logo steht f\u00fcr gr\u00f6\u00dfte Vielfalt: Die neue RTL-Farbe ist BUNT<\/li>\n<li>Harmonisierung der Marken-Architektur: Unternehmen und Publikums-Angebote treten in TV, Streaming und Audio sukzessive unter einer Marke auf<\/li>\n<li>Mediengruppe RTL Deutschland wird ab September zu RTL Deutschland \/ Streamingdienst TVNOW wird zum Jahresende in RTL+ umbenannt<\/li>\n<li>Rollout der neuen Marken-Architektur f\u00fcr 2. Jahresh\u00e4lfte 2021 geplant<\/li>\n<\/ul>\n<p>&nbsp;<\/p>\n<p>&nbsp;<\/p>\n<p>&nbsp;<\/p>\n<div class=\"content\" style=\"text-align: justify;\">\n<div class=\"textundbild\">\n<p>Von der TV-Sender-Marke zum Entertainmentanbieter in TV, Streaming und Audio: Mit einer neuen (Marken-)Identit\u00e4t wird Europas bekannteste Medienmarke RTL in die Zukunft gef\u00fchrt. Die Mediengruppe RTL Deutschland hat heute gemeinsam mit ihrem Mutterkonzern RTL Group die Repositionierung und das neue Design ihrer Kernmarke RTL pr\u00e4sentiert. Die umfassende Erneuerung wird RTL als f\u00fchrende Entertainmentmarke in Deutschland und Europa st\u00e4rken und die Marken-Architektur der Mediengruppe RTL Deutschland schrittweise harmonisieren \u2013 von den Unternehmens- und Sendermarken bis hin zu Format- und Audiomarken \u2013 \u00fcber alle digitalen Plattformen hinweg. Im Mittelpunkt steht eine gemeinsame Marke RTL, die ihre Strahlkraft b\u00fcndelt und f\u00fcr positive Unterhaltung, unabh\u00e4ngigen Journalismus sowie Inspiration, Energie und Haltung steht.<\/p>\n<p>Im Zuge der Transformation wird die Mediengruppe RTL Deutschland ab September unter RTL Deutschland firmieren und der schnell wachsende Streamingdienst TVNOW zum Jahresende in RTL+ umbenannt. Die lineare TV-Sendermarke RTLplus wird demn\u00e4chst einen neuen Namen bekommen. RTL Deutschland bleibt ein Markenverbund, in dem VOX, ntv und NITRO als erfolgreiche Familienmitglieder weiterhin als eigene Marken auftreten.<\/p>\n<p>Das neue Multi-Colour-Logo von RTL ist in seiner Farbvielfalt einzigartig in der europ\u00e4ischen Medienlandschaft. Die innovative Modernisierung des dreifarbigen, rechteckigen Logos von RTL\u00a0Television folgt der einfachen Regel: Der Inhalt definiert die Marke. Die Farben des neuen Logos sind individualisierbar, um verschiedene Themen und Partnerschaften in unterschiedlichen Kontexten herauszustellen und spiegeln so die Vielfalt der Inhalte und Menschen bei RTL wider. Das Branding erm\u00f6glicht es allen Nutzer:innen, Mitarbeiter:innen und Partner.innen, ihr pers\u00f6nliches RTL-Logo zu kreieren \u2013 ein klares Statement f\u00fcr Nutzerorientierung und echtes Involvement.<\/p>\n<p>Der neue Markenauftritt von RTL wurde den Mitarbeiter:innen sowie Werbekund:innen, Partner:innen und Journalist:innen heute auf den Screenforce Days, Deutschlands gr\u00f6\u00dftem j\u00e4hrlichen TV-Event, vorgestellt.<\/p>\n<p>Bernd Reichart, CEO Mediengruppe RTL Deutschland: \u201eIm Zuge unserer neuen Markenstrategie b\u00fcndeln wir unsere Kraft und transformieren Europas bekannteste Medienmarke. Wir nutzen Technologien, um unsere Angebote zu individualisieren und damit attraktive Zukunftsm\u00e4rkte zu erschlie\u00dfen. Mit neuem Kompass und starken, eigenen Inhalten lassen wir die Grenzen von Mediengattungen schrittweise hinter uns und schaffen ein Entertainment-Erlebnis voller Inspiration und Vielfalt.\u201c<\/p>\n<p>Stephan Sch\u00e4fer, Gesch\u00e4ftsf\u00fchrer Inhalte &amp; Marken Mediengruppe RTL Deutschland, erg\u00e4nzt: \u201eWir f\u00fchren die Marke RTL in die Zukunft, indem wir sie neu aufladen. Mit positiver Haltung steht RTL f\u00fcr Vielfalt und Relevanz, f\u00fcr Zusammenhalt und Nachhaltigkeit. Programmlich bieten wir daher noch mehr Information und positive Unterhaltung, voller Verantwortungsbewusstsein und Freude.\u201c<\/p>\n<p>Matthias Dang, CEO Ad Alliance und Gesch\u00e4ftsf\u00fchrer Vermarktung, Technologie &amp; Daten Mediengruppe RTL Deutschland: \u201eMit unseren innovativen Werbetechnologien und datengetriebenen Produkten k\u00f6nnen wir unserem Publikum ganz individuelle und auf sie zugeschnittene Angebote machen. Im Mix mit den hohen Reichweiten unserer Sender und digitalen Angebote ist das eine hochattraktive Kombination f\u00fcr Nutzer und Werbungtreibende: H\u00f6chste Reichweite trifft auf maximale Individualisierung.\u201c Der Rollout des neuen Brandings startet im zweiten Halbjahr 2021 bei der Mediengruppe RTL Deutschland sowie bei der RTL Group.<\/p>\n<p>Die Repositionierung von RTL wurde gemeinsam von den Marketingteams der Mediengruppe RTL Deutschland und RTL Group mit Unterst\u00fctzung der Transformationsberaterin Caroline Seifert entwickelt. Das neue Design entstand in enger Zusammenarbeit zwischen dem Designteam der Mediengruppe RTL Deutschland und AKQA, Agentur f\u00fcr Design and Innovation (Gro\u00dfbritannien\/Schweden).<\/p>\n<p>Mit der neuen Markenstrategie geht eine neue Programmausrichtung einher. Anbei ein Ausblick, viele weitere Informationen und Details finden Sie in Text, Bild und Video in unserem Media Hub:<\/p>\n<p>So wird <strong>RTL\u00a0Television<\/strong> sein umfangreiches Informationsangebot um weitere zwei Stunden t\u00e4glich ausbauen und erg\u00e4nzt sein Team um Top-Journalist:innen wie <strong>Pinar Atalay<\/strong> und <strong>Jan Hofer<\/strong>. Neben der neuen Ausgabe von \u201eRTL Aktuell\u201c um 16:45 Uhr wird es ab dem 2. August eine weitere Ausgabe von \u201eExplosiv\u201c um 17 Uhr geben. Zudem wird bereits am 5. Juli das Mittagsjournal \u201ePunkt 12\u201c um eine Stunde bis 15 Uhr verl\u00e4ngert. Ein neues Nachrichtenformat startet am 16. August in der Primetime \u2013 live aus Berlin. Mit Neuzugang <strong>Felix Hutt<\/strong>, der vom SPIEGEL zu RTL wechselt, verst\u00e4rkt ein weiterer Investigativ-Reporter den Bereich der investigativen Recherche, der bisher wesentlich vom <strong>\u201eTeam Wallraff<\/strong>\u201c gepr\u00e4gt wird. Daneben setzt RTL auf noch mehr positive Unterhaltung: Dazu holt der Sender den beliebten Comedian, Moderator, Entertainer, Schauspieler, S\u00e4nger und Autor <strong>Hape Kerkeling<\/strong> zur\u00fcck auf den Bildschirm. Bislang sind eine Serie mit ihm in der Hauptrolle sowie zwei weitere Unterhaltungsformate f\u00fcr TVNOW sowie RTL und VOX geplant. Die Produktion der Serie startet noch in diesem Herbst. Bestehende Hit-Shows entwickelt RTL konsequent weiter und baut das Angebot an Familienunterhaltung aus: Bereits am 16. und 17. Juli gibt es mit <strong>\u201eDie RTL Sommerspiele\u201c<\/strong> ein neues Mega-Sport-Event, moderiert von <strong>Laura Papendick<\/strong> und <strong>Daniel Hartwich<\/strong>. In zwei Primetime-Live-Shows messen sich mehr als 30 sportbegeisterte Prominente. Star-Power in Serie verspricht im Rahmen der Fiction-Offensive von <strong>TVNOW<\/strong> die neue Event-Serie <strong>\u201eHerzogpark<\/strong>\u201c, zu der in M\u00fcnchen die Dreharbeiten gestartet sind. In der hochkar\u00e4tig besetzten Gesellschaftskom\u00f6die stehen u.a. <strong>Heike Makatsch, Lisa Maria Potthoff, Antje Traue und Felicitas Woll<\/strong> in den Hauptrollen vor der Kamera. Die Serie ist im Herbst auf TVNOW abrufbar und im Anschluss bei RTL zu sehen. Auch <strong>VOX<\/strong> hat zahlreiche brandneue Highlights mit Herz, Haltung und der ganz eigenen VOX-Handschrift im Gep\u00e4ck: von der neuen Primetime-Show <strong>\u201eM\u00e4lzer &amp; Henssler liefern ab!\u201c<\/strong> \u00fcber das neuartige Schulexperiment <strong>\u201eEine Schule gegen Rassismus\u201c<\/strong> und das tagesaktuelle VOX-Short-Format <strong>\u201e#VOXStimme\u201c<\/strong> bis zu <strong>\u201eGuidos<\/strong> <strong>Wedding Race\u201c<\/strong> mit VOX-Zuschauer-Liebling Guido Maria Kretschmer.<\/p>\n<\/div>\n<\/div>\n<p>&nbsp;<\/p>\n<p>&nbsp;<\/p>\n<figure id=\"attachment_166840\" aria-describedby=\"caption-attachment-166840\" style=\"width: 800px\" class=\"wp-caption alignnone\"><img decoding=\"async\" loading=\"lazy\" class=\"size-large wp-image-166840\" src=\"https:\/\/smago.de\/ws2\/wp-content\/uploads\/2021\/06\/1779233-800x450.jpg\" alt=\"\" width=\"800\" height=\"450\" srcset=\"https:\/\/smago.de\/ws2\/wp-content\/uploads\/2021\/06\/1779233-800x450.jpg 800w, https:\/\/smago.de\/ws2\/wp-content\/uploads\/2021\/06\/1779233-522x294.jpg 522w, https:\/\/smago.de\/ws2\/wp-content\/uploads\/2021\/06\/1779233-267x150.jpg 267w, https:\/\/smago.de\/ws2\/wp-content\/uploads\/2021\/06\/1779233-768x432.jpg 768w, https:\/\/smago.de\/ws2\/wp-content\/uploads\/2021\/06\/1779233-1536x864.jpg 1536w, https:\/\/smago.de\/ws2\/wp-content\/uploads\/2021\/06\/1779233-392x221.jpg 392w, https:\/\/smago.de\/ws2\/wp-content\/uploads\/2021\/06\/1779233-130x73.jpg 130w, https:\/\/smago.de\/ws2\/wp-content\/uploads\/2021\/06\/1779233-791x445.jpg 791w, https:\/\/smago.de\/ws2\/wp-content\/uploads\/2021\/06\/1779233-870x489.jpg 870w, https:\/\/smago.de\/ws2\/wp-content\/uploads\/2021\/06\/1779233-292x164.jpg 292w, https:\/\/smago.de\/ws2\/wp-content\/uploads\/2021\/06\/1779233-435x245.jpg 435w, https:\/\/smago.de\/ws2\/wp-content\/uploads\/2021\/06\/1779233-895x503.jpg 895w, https:\/\/smago.de\/ws2\/wp-content\/uploads\/2021\/06\/1779233.jpg 1920w\" sizes=\"(max-width: 800px) 100vw, 800px\" \/><figcaption id=\"caption-attachment-166840\" class=\"wp-caption-text\"><em>Foto-Credit: TVNOW<\/em><\/figcaption><\/figure>\n","protected":false},"excerpt":{"rendered":"<p>smago! meint: na dann &#8230;!<\/p>\n","protected":false},"author":2,"featured_media":166840,"comment_status":"open","ping_status":"closed","sticky":false,"template":"","format":"standard","meta":{"_FSMCFIC_featured_image_caption":"","_FSMCFIC_featured_image_nocaption":"","_FSMCFIC_featured_image_hide":""},"categories":[33,128],"tags":[195],"acf":[],"_links":{"self":[{"href":"https:\/\/smago.de\/ws2\/wp-json\/wp\/v2\/posts\/166839"}],"collection":[{"href":"https:\/\/smago.de\/ws2\/wp-json\/wp\/v2\/posts"}],"about":[{"href":"https:\/\/smago.de\/ws2\/wp-json\/wp\/v2\/types\/post"}],"author":[{"embeddable":true,"href":"https:\/\/smago.de\/ws2\/wp-json\/wp\/v2\/users\/2"}],"replies":[{"embeddable":true,"href":"https:\/\/smago.de\/ws2\/wp-json\/wp\/v2\/comments?post=166839"}],"version-history":[{"count":2,"href":"https:\/\/smago.de\/ws2\/wp-json\/wp\/v2\/posts\/166839\/revisions"}],"predecessor-version":[{"id":166842,"href":"https:\/\/smago.de\/ws2\/wp-json\/wp\/v2\/posts\/166839\/revisions\/166842"}],"wp:featuredmedia":[{"embeddable":true,"href":"https:\/\/smago.de\/ws2\/wp-json\/wp\/v2\/media\/166840"}],"wp:attachment":[{"href":"https:\/\/smago.de\/ws2\/wp-json\/wp\/v2\/media?parent=166839"}],"wp:term":[{"taxonomy":"category","embeddable":true,"href":"https:\/\/smago.de\/ws2\/wp-json\/wp\/v2\/categories?post=166839"},{"taxonomy":"post_tag","embeddable":true,"href":"https:\/\/smago.de\/ws2\/wp-json\/wp\/v2\/tags?post=166839"}],"curies":[{"name":"wp","href":"https:\/\/api.w.org\/{rel}","templated":true}]}}