{"id":166720,"date":"2021-06-11T00:00:53","date_gmt":"2021-06-10T22:00:53","guid":{"rendered":"https:\/\/smago.de\/ws2\/?p=166720"},"modified":"2021-06-12T00:52:34","modified_gmt":"2021-06-11T22:52:34","slug":"pauline-sie-laedt-uns-ein-zu-einem-picknick-unterm-eiffelturm","status":"publish","type":"post","link":"https:\/\/smago.de\/ws2\/schlager\/pauline-sie-laedt-uns-ein-zu-einem-picknick-unterm-eiffelturm\/","title":{"rendered":"PAULINE <br>Sie l\u00e4dt uns ein zu einem &#8222;Picknick unterm Eiffelturm&#8220;!"},"content":{"rendered":"<p style=\"text-align: justify;\">Und: Neues Deluxe-Album &#8222;Sommer in Marseille &#8211; Platin Edition&#8220; ab 18.06.2021 im Handel!<br \/>\n<!--more--><\/p>\n<p>&nbsp;<\/p>\n<p>&nbsp;<\/p>\n<p style=\"text-align: justify;\">Mit ihrer neuen Single <strong>\u201ePicknick unterm Eiffelturm\u201c<\/strong> m\u00f6chte sie Pauline wieder musikalisch in die Stadt der Liebe einladen. Was k\u00f6nnte sch\u00f6ner sein, als bei herrlichem Sonnenschein mit einem Glas Prosecco und 1000 K\u00fcssen auf einer Decke im Gras zu liegen und zu tr\u00e4umen. Wenn man dann noch zu einem Picknick unterm Eiffelturm eingeladen wird, dann ist doch das Rendezvous perfekt. Und genau davon erz\u00e4hlt Pauline in ihren neuen Song. Diesen fr\u00f6hlichen Sommerhit hat Mark Bender und Marvin Trecha der jungen Els\u00e4sserin direkt auf den Leib geschrieben. Es gibt eine Mania Music Radio Version, die kein Geringerer als Hitproduzent und \u201eSchlagerpilot\u201c Stefan P\u00f6ssnicker produziert hat und eine Version von Entdecker und Produzent Enrico Falcone. Wenn sie nach dem Picknick noch Lust haben auf eine Tour durch Frankreich, dann l\u00e4dt sie Pauline mit ihrem Titel \u201eMit dem Rucksack durch Frankreich\u201c auf eine Wandertour von Nizza nach Marseille ein.<\/p>\n<p style=\"text-align: justify;\">Die nur 1,56 Meter gro\u00dfe Pauline will hoch hinaus. Neben ihrer klaren, einzigartigen Stimme ist es auch ihr charmanter franz\u00f6sischer Akzent, der die geb\u00fcrtige Hagenauerin (Elsass) so unverwechselbar macht. Nach beendetem Abitur hat die 20-J\u00e4hrige Ende 2019 professionelle Wege eingeschlagen. Frisch unter Vertrag beim Label YOYOSINFONIA \/ YOYO music haben sie Erfolgsproduzent Enrico Falcone (Sinfonia Sound Atelier) und Timo Peter (YOYO music) unter ihre Fittiche genommen. \u201ePauline ist ein Rohdiamant. Sie hat eine einzigartige Stimme und mit ihrem Ehrgeiz und Bescheidenheit auch die richtige Einstellung\u201c, schw\u00e4rmt er \u00fcber seinen j\u00fcngsten Studio-Sch\u00fctzling.<\/p>\n<p>&nbsp;<\/p>\n<p>&nbsp;<\/p>\n<p><iframe loading=\"lazy\" src=\"\/\/www.youtube.com\/embed\/L9v7jwHLNQU\" width=\"800\" height=\"449\" allowfullscreen=\"allowfullscreen\"><\/iframe><\/p>\n<p>&nbsp;<\/p>\n<p>&nbsp;<\/p>\n<p style=\"text-align: justify;\"><strong>Neues Deluxe-Album &#8222;Sommer in Marseille &#8211; Platin Edition&#8220; ab 18.06.2021 im Handel<\/strong><\/p>\n<p>&nbsp;<\/p>\n<p>&nbsp;<\/p>\n<p style=\"text-align: justify;\">Nach ihrem 2020er Deb\u00fct-Album \u201evon Paris nach Berlin\u201c, welches sich bereits nach Ver\u00f6ffentlichung auf Platz 17 der offiziellen Deutschen Schlager Charts platzierte und in \u00d6sterreich sogar einen sensationellen Platz 5 der Verkaufscharts im Bereich Schlager und Platz 44 der internationalen TOP40 Verkaufscharts der Alpenrepublik erreichen konnte, wird Mitte Juni 2021 das <strong>Deluxe-Album \u201eSommer in Marseille \u2013 Platin Edition\u201c<\/strong> ver\u00f6ffentlicht. Auf dieser neuen CD und DVD finden sie u.a. die letzten Hitsingles wie \u201eHey mon amour\u201c, \u201eEin Engel bin ich leider nicht\u201c, \u201eKomm mit mir nach Berlin\u201c und nat\u00fcrlich auch den Sommerhit \u201eSommer in Marseille\u201c. Ein besonderer Ohrwurm ist das Duett \u201e\u2026und jetzt stehen wir hier\u201c mit der charmanten Natalie Lament und ein Hitmedley mit den sch\u00f6nsten Songs von Andrea J\u00fcrgens warten auch auf ihre Fans. Um den Songs auch eine pers\u00f6nliche Note zu verleihen, hat Pauline bei vielen Songs an den Texten intensiv mitgearbeitet. Auf der DVD f\u00fchrt sie Pauline, charmant durch ihre Heimat.<\/p>\n<p>&nbsp;<\/p>\n<p>&nbsp;<\/p>\n<p>&nbsp;<\/p>\n<p>&nbsp;<\/p>\n<p>&nbsp;<\/p>\n<p style=\"text-align: justify;\"><strong>Charterfolge in Deutschland, \u00d6sterreich und Italien<\/strong><\/p>\n<p>&nbsp;<\/p>\n<p style=\"text-align: justify;\">Bereits nach Ver\u00f6ffentlichung platzierte sich Pauline mit ihrem Album auf Platz 17 der offiziellen Deutschen Schlager Charts und in \u00d6sterreich schaffte sie sogar einen sensationellen Platz 5 der Verkaufscharts im Bereich Schlager und Platz 44 der internationalen TOP40 Verkaufscharts der Alpenrepublik. In der MDR Sendung &#8222;Schlager des Monats&#8220; mit Bernhard Brink konnte sie sich auf Rang 50 singen und mit ihrem Song &#8222;Komm mit mir nach Berlin&#8220; belegte sie sogar Platz 1 der iTunes Charts in Italien im Bereich Deutsch Pop.<\/p>\n<p>&nbsp;<\/p>\n<p>&nbsp;<\/p>\n<p>&nbsp;<\/p>\n<p>&nbsp;<\/p>\n<p style=\"text-align: justify;\"><strong>Kontakt &amp; Booking:<\/strong><\/p>\n<p>&nbsp;<\/p>\n<p style=\"text-align: justify;\">Gerne steht Pauline auch f\u00fcr Radio- und TV Interviews zur Verf\u00fcgung.<\/p>\n<p style=\"text-align: justify;\">Wir stellen auch den TV Anstalten das Video gerne zur Verf\u00fcgung. Bitte um kurze Mail, dann senden wir es Ihnen per Wetransfer zu.<\/p>\n<p style=\"text-align: justify;\">Ab sofort ist PAULINE auch wieder Live unterwegs. Ein Liveprogramm von 45 min darf ab sofort gebucht werden.<\/p>\n<p style=\"text-align: justify;\">Bei Interesse bitte anfragen unter <a href=\"mailto:info@pauline-musik.com\">info@pauline-musik.com<\/a>.<\/p>\n<p>&nbsp;<\/p>\n<p>&nbsp;<\/p>\n<p><img decoding=\"async\" loading=\"lazy\" class=\"alignnone size-full wp-image-166722\" src=\"https:\/\/smago.de\/ws2\/wp-content\/uploads\/2021\/06\/Pauline-Sommer-in-Marseille.jpg\" alt=\"\" width=\"581\" height=\"524\" srcset=\"https:\/\/smago.de\/ws2\/wp-content\/uploads\/2021\/06\/Pauline-Sommer-in-Marseille.jpg 581w, https:\/\/smago.de\/ws2\/wp-content\/uploads\/2021\/06\/Pauline-Sommer-in-Marseille-522x471.jpg 522w, https:\/\/smago.de\/ws2\/wp-content\/uploads\/2021\/06\/Pauline-Sommer-in-Marseille-166x150.jpg 166w, https:\/\/smago.de\/ws2\/wp-content\/uploads\/2021\/06\/Pauline-Sommer-in-Marseille-302x272.jpg 302w, https:\/\/smago.de\/ws2\/wp-content\/uploads\/2021\/06\/Pauline-Sommer-in-Marseille-130x117.jpg 130w, https:\/\/smago.de\/ws2\/wp-content\/uploads\/2021\/06\/Pauline-Sommer-in-Marseille-493x445.jpg 493w, https:\/\/smago.de\/ws2\/wp-content\/uploads\/2021\/06\/Pauline-Sommer-in-Marseille-579x522.jpg 579w, https:\/\/smago.de\/ws2\/wp-content\/uploads\/2021\/06\/Pauline-Sommer-in-Marseille-211x190.jpg 211w, https:\/\/smago.de\/ws2\/wp-content\/uploads\/2021\/06\/Pauline-Sommer-in-Marseille-322x290.jpg 322w\" sizes=\"(max-width: 581px) 100vw, 581px\" \/><\/p>\n","protected":false},"excerpt":{"rendered":"<p>Und: Neues Deluxe-Album &#8222;Sommer in Marseille &#8211; Platin Edition&#8220; ab 18.06.2021 im Handel!<\/p>\n","protected":false},"author":2,"featured_media":166721,"comment_status":"open","ping_status":"closed","sticky":false,"template":"","format":"standard","meta":{"_FSMCFIC_featured_image_caption":"","_FSMCFIC_featured_image_nocaption":"","_FSMCFIC_featured_image_hide":""},"categories":[29],"tags":[1409],"acf":[],"_links":{"self":[{"href":"https:\/\/smago.de\/ws2\/wp-json\/wp\/v2\/posts\/166720"}],"collection":[{"href":"https:\/\/smago.de\/ws2\/wp-json\/wp\/v2\/posts"}],"about":[{"href":"https:\/\/smago.de\/ws2\/wp-json\/wp\/v2\/types\/post"}],"author":[{"embeddable":true,"href":"https:\/\/smago.de\/ws2\/wp-json\/wp\/v2\/users\/2"}],"replies":[{"embeddable":true,"href":"https:\/\/smago.de\/ws2\/wp-json\/wp\/v2\/comments?post=166720"}],"version-history":[{"count":5,"href":"https:\/\/smago.de\/ws2\/wp-json\/wp\/v2\/posts\/166720\/revisions"}],"predecessor-version":[{"id":166765,"href":"https:\/\/smago.de\/ws2\/wp-json\/wp\/v2\/posts\/166720\/revisions\/166765"}],"wp:featuredmedia":[{"embeddable":true,"href":"https:\/\/smago.de\/ws2\/wp-json\/wp\/v2\/media\/166721"}],"wp:attachment":[{"href":"https:\/\/smago.de\/ws2\/wp-json\/wp\/v2\/media?parent=166720"}],"wp:term":[{"taxonomy":"category","embeddable":true,"href":"https:\/\/smago.de\/ws2\/wp-json\/wp\/v2\/categories?post=166720"},{"taxonomy":"post_tag","embeddable":true,"href":"https:\/\/smago.de\/ws2\/wp-json\/wp\/v2\/tags?post=166720"}],"curies":[{"name":"wp","href":"https:\/\/api.w.org\/{rel}","templated":true}]}}