{"id":166642,"date":"2021-06-10T23:58:53","date_gmt":"2021-06-10T21:58:53","guid":{"rendered":"https:\/\/smago.de\/ws2\/?p=166642"},"modified":"2021-06-10T13:32:37","modified_gmt":"2021-06-10T11:32:37","slug":"mario-barth-u-a-freitag-11-06-2021-ndr-talk-show-best-of","status":"publish","type":"post","link":"https:\/\/smago.de\/ws2\/nonsens\/mario-barth-u-a-freitag-11-06-2021-ndr-talk-show-best-of\/","title":{"rendered":"MARIO BARTH u.a. <br>Freitag, 11.06.2021: &#8222;NDR Talk Show &#8211; Best Of&#8220;!"},"content":{"rendered":"<p style=\"text-align: justify;\">&#8222;Sport! Spiel! Spa\u00df!&#8220; \/\/ NDR fernsehen, 22:30 Uhr &#8211; 00:30 Uhr + hr fernsehen, 22:45 Uhr &#8211; 00:45 Uhr! Moderation: Barbara\u00a0Sch\u00f6neberger Hubertus\u00a0Meyer-Burckhardt, Bettina\u00a0Tietjen und J\u00f6rg\u00a0Pilawa!<br \/>\n<!--more--><\/p>\n<p>&nbsp;<\/p>\n<p>&nbsp;<\/p>\n<p style=\"text-align: justify;\">Was passiert, wenn vier NDR Talk-Show- Moderator*innen zusammentreffen? Sie reden!<\/p>\n<p style=\"text-align: justify;\">In dieser Sendung sprechen Barbara Sch\u00f6neberger, Bettina Tietjen, Hubertus Meyer-Burckhardt und J\u00f6rg Pilawa \u00fcber ihre sportlichen H\u00f6chstleistungen, gro\u00dfartige Spiele und alles, was Spa\u00df macht. Dazu Talk-Highlights mit Vitali Klitschko, Boris Becker, Franziska van Almsick, Annette Frier, Ralf Schmitz, Olivia Jones, Mario Barth, Nico Rosberg u.v.m.<\/p>\n<p>&nbsp;<\/p>\n<p>&nbsp;<\/p>\n<figure id=\"attachment_166643\" aria-describedby=\"caption-attachment-166643\" style=\"width: 800px\" class=\"wp-caption alignnone\"><img decoding=\"async\" loading=\"lazy\" class=\"size-large wp-image-166643\" src=\"https:\/\/smago.de\/ws2\/wp-content\/uploads\/2021\/06\/1_Moderatoren_NDR_Talk_Show_2019-800x528.jpg\" alt=\"\" width=\"800\" height=\"528\" srcset=\"https:\/\/smago.de\/ws2\/wp-content\/uploads\/2021\/06\/1_Moderatoren_NDR_Talk_Show_2019-800x528.jpg 800w, https:\/\/smago.de\/ws2\/wp-content\/uploads\/2021\/06\/1_Moderatoren_NDR_Talk_Show_2019-522x345.jpg 522w, https:\/\/smago.de\/ws2\/wp-content\/uploads\/2021\/06\/1_Moderatoren_NDR_Talk_Show_2019-227x150.jpg 227w, https:\/\/smago.de\/ws2\/wp-content\/uploads\/2021\/06\/1_Moderatoren_NDR_Talk_Show_2019-768x507.jpg 768w, https:\/\/smago.de\/ws2\/wp-content\/uploads\/2021\/06\/1_Moderatoren_NDR_Talk_Show_2019-1536x1014.jpg 1536w, https:\/\/smago.de\/ws2\/wp-content\/uploads\/2021\/06\/1_Moderatoren_NDR_Talk_Show_2019-2048x1352.jpg 2048w, https:\/\/smago.de\/ws2\/wp-content\/uploads\/2021\/06\/1_Moderatoren_NDR_Talk_Show_2019-392x259.jpg 392w, https:\/\/smago.de\/ws2\/wp-content\/uploads\/2021\/06\/1_Moderatoren_NDR_Talk_Show_2019-130x86.jpg 130w, https:\/\/smago.de\/ws2\/wp-content\/uploads\/2021\/06\/1_Moderatoren_NDR_Talk_Show_2019-674x445.jpg 674w, https:\/\/smago.de\/ws2\/wp-content\/uploads\/2021\/06\/1_Moderatoren_NDR_Talk_Show_2019-791x522.jpg 791w, https:\/\/smago.de\/ws2\/wp-content\/uploads\/2021\/06\/1_Moderatoren_NDR_Talk_Show_2019-288x190.jpg 288w, https:\/\/smago.de\/ws2\/wp-content\/uploads\/2021\/06\/1_Moderatoren_NDR_Talk_Show_2019-435x287.jpg 435w, https:\/\/smago.de\/ws2\/wp-content\/uploads\/2021\/06\/1_Moderatoren_NDR_Talk_Show_2019-150x100.jpg 150w\" sizes=\"(max-width: 800px) 100vw, 800px\" \/><figcaption id=\"caption-attachment-166643\" class=\"wp-caption-text\"><em>Die Moderatoren der NDR-Talkshow (v.l.n.r.): Hubertus Meyer-Burckhardt, Barbara Sch\u00f6neberger, Bettina Tietjen, J\u00f6rg Pilawa<\/em><\/p>\n<p><em>Foto-Credit:\u00a0\u00a9 NDR \/ Uwe Ernst<\/em><\/figcaption><\/figure>\n","protected":false},"excerpt":{"rendered":"<p>&#8222;Sport! Spiel! Spa\u00df!&#8220; \/\/ NDR fernsehen, 22:30 Uhr &#8211; 00:30 Uhr + hr fernsehen, 22:45 Uhr &#8211; 00:45 Uhr! Moderation:<\/p>\n","protected":false},"author":2,"featured_media":166643,"comment_status":"open","ping_status":"closed","sticky":false,"template":"","format":"standard","meta":{"_FSMCFIC_featured_image_caption":"","_FSMCFIC_featured_image_nocaption":"","_FSMCFIC_featured_image_hide":""},"categories":[23,128],"tags":[254],"acf":[],"_links":{"self":[{"href":"https:\/\/smago.de\/ws2\/wp-json\/wp\/v2\/posts\/166642"}],"collection":[{"href":"https:\/\/smago.de\/ws2\/wp-json\/wp\/v2\/posts"}],"about":[{"href":"https:\/\/smago.de\/ws2\/wp-json\/wp\/v2\/types\/post"}],"author":[{"embeddable":true,"href":"https:\/\/smago.de\/ws2\/wp-json\/wp\/v2\/users\/2"}],"replies":[{"embeddable":true,"href":"https:\/\/smago.de\/ws2\/wp-json\/wp\/v2\/comments?post=166642"}],"version-history":[{"count":2,"href":"https:\/\/smago.de\/ws2\/wp-json\/wp\/v2\/posts\/166642\/revisions"}],"predecessor-version":[{"id":166645,"href":"https:\/\/smago.de\/ws2\/wp-json\/wp\/v2\/posts\/166642\/revisions\/166645"}],"wp:featuredmedia":[{"embeddable":true,"href":"https:\/\/smago.de\/ws2\/wp-json\/wp\/v2\/media\/166643"}],"wp:attachment":[{"href":"https:\/\/smago.de\/ws2\/wp-json\/wp\/v2\/media?parent=166642"}],"wp:term":[{"taxonomy":"category","embeddable":true,"href":"https:\/\/smago.de\/ws2\/wp-json\/wp\/v2\/categories?post=166642"},{"taxonomy":"post_tag","embeddable":true,"href":"https:\/\/smago.de\/ws2\/wp-json\/wp\/v2\/tags?post=166642"}],"curies":[{"name":"wp","href":"https:\/\/api.w.org\/{rel}","templated":true}]}}