{"id":166542,"date":"2021-06-07T23:51:28","date_gmt":"2021-06-07T21:51:28","guid":{"rendered":"https:\/\/smago.de\/ws2\/?p=166542"},"modified":"2021-06-07T23:51:45","modified_gmt":"2021-06-07T21:51:45","slug":"smago-informiert-zapp-dokumentation-der-auftrag-die-zukunft-von-ard-zdf","status":"publish","type":"post","link":"https:\/\/smago.de\/ws2\/smago-informiert\/smago-informiert-zapp-dokumentation-der-auftrag-die-zukunft-von-ard-zdf\/","title":{"rendered":"smago! INFORMIERT <br> ZAPP Dokumentation: \u201eDer Auftrag. Die Zukunft von ARD\/ZDF\u201c!"},"content":{"rendered":"<p>Sendetermin: Mittwoch, 09.06.2021, 23:20 Uhr im NDR fernsehen!<br \/>\n<!--more--><\/p>\n<p>&nbsp;<\/p>\n<p>&nbsp;<\/p>\n<p>&nbsp;<\/p>\n<p style=\"text-align: justify;\">Das vorl\u00e4ufige Aus f\u00fcr den h\u00f6heren Rundfunkbeitrag im Dezember 2020 hat eine alte Debatte neu entfacht: Wie soll der \u00f6ffentlich-rechtliche Rundfunk der Zukunft aussehen? Das NDR Medienmagazin ZAPP hat sich auf eine Deutschlandreise begeben. Autor Daniel Bouhs hat drei Verantwortlichen f\u00fcr Medienpolitik eine Deutschlandkarte mit den \u00a0Angeboten von ARD, ZDF und Deutschlandradio mitgebracht und dazu einen Rotstift: Was ist zeitgem\u00e4\u00df &#8211; und was kann nach gut 70 Jahren ARD weg?<\/p>\n<p style=\"text-align: justify;\">In Kiel streicht FDP-Politiker Jan-Marcus Rossa das Erste und die Spartensender der ARD. Hinter Radiosender f\u00fcr ein j\u00fcngeres Publikum setzt er ein Fragezeichen. Der private Markt sei vielf\u00e4ltig genug. In Magdeburg markiert Staatskanzlei-Chef Rainer Robra viele Sender, streicht aber nichts: ARD und ZDF seien wichtig, doch vor allem die Hauptprogramme sollten sich st\u00e4rker voneinander unterscheiden. Und in Mainz, wo die Medienpolitik der L\u00e4nder koordiniert wird, will SPD-Politikerin und Ministerpr\u00e4sidentin Malu Dreyer den Rotstift gar nicht erst entgegennehmen: K\u00fcnftig sollen die Intendanten mit ihren Gremien entscheiden, welche Kan\u00e4le n\u00f6tig sind.<\/p>\n<p style=\"text-align: justify;\">\u201eWir brauchen da erheblich mehr Flexibilit\u00e4t\u201c, erkl\u00e4rt Dreyer gegen\u00fcber ZAPP. Doch auf welche Kan\u00e4le etwa die ARD verzichten w\u00fcrde, verr\u00e4t der ARD-Vorsitzende Tom Buhrow nicht. \u201eEs f\u00fchrt nirgendwo hin, weil jeder gerade in seinem Bundesland erst einmal sagt: Das muss jetzt bleiben!\u201c Dennoch ist er sich sicher, dass es am Ende des Jahrzehnts weniger Kan\u00e4le geben wird: \u201eDas ist doch einfach eine Tatsache.\u201c Was es hei\u00dft, wenn Sender tats\u00e4chlich Programm k\u00fcrzen wollen, davon berichtet wiederum NDR Intendant Joachim Knuth: \u201eDann ist der erste Reflex &#8218;Aber doch nicht der Tatort aus dem Bundesland X oder Y!\u2019 &#8211; und beim Sport ist es genauso\u201c. Irgendwo m\u00fcssten Priorit\u00e4ten gesetzt werden. \u201eWenn Sie das nicht tun, dann gibt es irgendwie Chaos\u201c, erg\u00e4nzt der NDR Intendant.<\/p>\n<p style=\"text-align: justify;\">Der Film zeigt, wie Medienpolitik und Intendanten um die Zukunft des \u00f6ffentlich-rechtlichen Rundfunks ringen, wohin die Debatte zeigt und welche Kr\u00e4fte wirken, wenn die Angebote von ARD und ZDF ver\u00e4ndert werden sollen.<\/p>\n<p>&nbsp;<\/p>\n<p>&nbsp;<\/p>\n<figure id=\"attachment_166543\" aria-describedby=\"caption-attachment-166543\" style=\"width: 800px\" class=\"wp-caption alignnone\"><img decoding=\"async\" loading=\"lazy\" class=\"size-large wp-image-166543\" src=\"https:\/\/smago.de\/ws2\/wp-content\/uploads\/2021\/06\/ARD_ZDF-800x450.gif\" alt=\"\" width=\"800\" height=\"450\" srcset=\"https:\/\/smago.de\/ws2\/wp-content\/uploads\/2021\/06\/ARD_ZDF-800x450.gif 800w, https:\/\/smago.de\/ws2\/wp-content\/uploads\/2021\/06\/ARD_ZDF-522x294.gif 522w, https:\/\/smago.de\/ws2\/wp-content\/uploads\/2021\/06\/ARD_ZDF-267x150.gif 267w, https:\/\/smago.de\/ws2\/wp-content\/uploads\/2021\/06\/ARD_ZDF-768x432.gif 768w, https:\/\/smago.de\/ws2\/wp-content\/uploads\/2021\/06\/ARD_ZDF-392x221.gif 392w, https:\/\/smago.de\/ws2\/wp-content\/uploads\/2021\/06\/ARD_ZDF-130x73.gif 130w, https:\/\/smago.de\/ws2\/wp-content\/uploads\/2021\/06\/ARD_ZDF-791x445.gif 791w, https:\/\/smago.de\/ws2\/wp-content\/uploads\/2021\/06\/ARD_ZDF-870x489.gif 870w, https:\/\/smago.de\/ws2\/wp-content\/uploads\/2021\/06\/ARD_ZDF-292x164.gif 292w, https:\/\/smago.de\/ws2\/wp-content\/uploads\/2021\/06\/ARD_ZDF-435x245.gif 435w, https:\/\/smago.de\/ws2\/wp-content\/uploads\/2021\/06\/ARD_ZDF-895x503.gif 895w\" sizes=\"(max-width: 800px) 100vw, 800px\" \/><figcaption id=\"caption-attachment-166543\" class=\"wp-caption-text\"><em>Foto-Credit: ARD \/ ZDF<\/em><\/figcaption><\/figure>\n","protected":false},"excerpt":{"rendered":"<p>Sendetermin: Mittwoch, 09.06.2021, 23:20 Uhr im NDR fernsehen!<\/p>\n","protected":false},"author":2,"featured_media":166543,"comment_status":"open","ping_status":"closed","sticky":false,"template":"","format":"standard","meta":{"_FSMCFIC_featured_image_caption":"","_FSMCFIC_featured_image_nocaption":"","_FSMCFIC_featured_image_hide":""},"categories":[33,128],"tags":[60],"acf":[],"_links":{"self":[{"href":"https:\/\/smago.de\/ws2\/wp-json\/wp\/v2\/posts\/166542"}],"collection":[{"href":"https:\/\/smago.de\/ws2\/wp-json\/wp\/v2\/posts"}],"about":[{"href":"https:\/\/smago.de\/ws2\/wp-json\/wp\/v2\/types\/post"}],"author":[{"embeddable":true,"href":"https:\/\/smago.de\/ws2\/wp-json\/wp\/v2\/users\/2"}],"replies":[{"embeddable":true,"href":"https:\/\/smago.de\/ws2\/wp-json\/wp\/v2\/comments?post=166542"}],"version-history":[{"count":2,"href":"https:\/\/smago.de\/ws2\/wp-json\/wp\/v2\/posts\/166542\/revisions"}],"predecessor-version":[{"id":166545,"href":"https:\/\/smago.de\/ws2\/wp-json\/wp\/v2\/posts\/166542\/revisions\/166545"}],"wp:featuredmedia":[{"embeddable":true,"href":"https:\/\/smago.de\/ws2\/wp-json\/wp\/v2\/media\/166543"}],"wp:attachment":[{"href":"https:\/\/smago.de\/ws2\/wp-json\/wp\/v2\/media?parent=166542"}],"wp:term":[{"taxonomy":"category","embeddable":true,"href":"https:\/\/smago.de\/ws2\/wp-json\/wp\/v2\/categories?post=166542"},{"taxonomy":"post_tag","embeddable":true,"href":"https:\/\/smago.de\/ws2\/wp-json\/wp\/v2\/tags?post=166542"}],"curies":[{"name":"wp","href":"https:\/\/api.w.org\/{rel}","templated":true}]}}