{"id":166454,"date":"2021-06-06T00:00:44","date_gmt":"2021-06-05T22:00:44","guid":{"rendered":"https:\/\/smago.de\/ws2\/?p=166454"},"modified":"2021-06-05T23:59:32","modified_gmt":"2021-06-05T21:59:32","slug":"wincent-weiss-heute-vorabend-06-06-2021-in-der-sendung-das-zu-gast","status":"publish","type":"post","link":"https:\/\/smago.de\/ws2\/pop\/wincent-weiss-heute-vorabend-06-06-2021-in-der-sendung-das-zu-gast\/","title":{"rendered":"WINCENT WEISS <br>Heute Vorabend (06.06.2021) in der Sendung &#8222;DAS!&#8220; zu Gast!"},"content":{"rendered":"<p>NDR fernsehen, 18:45 Uhr &#8211; 19:30 Uhr (Wh. in der Nacht auf 07.06., 05:10 Uhr &#8211; 05:55 Uhr)!<br \/>\n<!--more--><\/p>\n<p>&nbsp;<\/p>\n<p>&nbsp;<\/p>\n<p style=\"text-align: justify;\">\n<p style=\"text-align: justify;\">&#8222;Feuerwerk&#8220;, &#8222;Hier mit dir&#8220;, &#8222;An Wunder&#8220; oder &#8222;Kaum erwarten&#8220; &#8211; Pops\u00e4nger WINCENT WEISS hat es geschafft, in wenigen Jahren einen Hit an den anderen zu reihen. Dabei singt er seine Lieder nicht nur, er schreibt und komponiert sie auch selbst. Mit &#8222;Vielleicht Irgendwann&#8220; ist gerade sein drittes Album erschienen. Mit maximalem Erfolg: In den deutschen Charts erreichte es auf Anhieb Platz 1.<\/p>\n<p style=\"text-align: justify;\">2013 startete die Karriere des Singer-Songwriters aus Bad Oldesloe. Er nahm an der zehnten Staffel des Wettbewerbs &#8222;Deutschland sucht den Superstar&#8220; teil, kam hier aber nicht in die Finalshows. Weitere Bekanntheit erreichte Weiss, indem er auf Youtube eigene Musikclips hochlud. Den Durchbruch konnte er 2016 mit der Single &#8222;Musik sein&#8220; feiern. Die Erfolgswelle h\u00e4lt bis heute an: Seine Alben werden mit Gold oder Platin pr\u00e4miert und schon so manche Musikpreise wie der &#8222;Echo&#8220;, der &#8222;MTV Europe Music Award&#8220; oder die &#8222;Goldene Henne&#8220; wurden ihm \u00fcberreicht.<\/p>\n<p style=\"text-align: justify;\">Doch der Ruhm hat ihn nicht immer gl\u00fccklich gemacht. Heute sagt er: &#8222;Ich habe Auszeichnungen erhalten und dachte nur: Jetzt muss ich mich wieder freuen und in die Kamera l\u00e4cheln. F\u00fcr mich war das alles eine Reiz\u00fcberflutung.&#8220; Vor zwei Jahren beginnt er eine Therapie gegen Depressionen. Mit dem Thema, das er auch in den Liedern seines aktuellen Albums behandelt, geht er ganz bewusst offen um: &#8222;Ich m\u00f6chte andere ermutigen, sich helfen zu lassen&#8220;, so der S\u00e4nger.<\/p>\n<p style=\"text-align: justify;\">Bei DAS! wird Wincent Weiss von den H\u00f6hen und Tiefen seines Lebens erz\u00e4hlen, aber auch \u00fcber einen Live-Auftritt d\u00fcrfen wir uns freuen: Er pr\u00e4sentiert den offiziellen Song der ARD bei der Fu\u00dfball-EM, &#8222;Die guten Zeiten&#8220;. Und das Sch\u00f6nste &#8211; er singt das Lied gemeinsam mit seinem Freund Johannes Oerding, der eigens daf\u00fcr in unsere Sendung kommt. Eine gro\u00dfe Ehre!<\/p>\n<p>&nbsp;<\/p>\n<p>&nbsp;<\/p>\n<figure id=\"attachment_165426\" aria-describedby=\"caption-attachment-165426\" style=\"width: 800px\" class=\"wp-caption alignnone\"><img decoding=\"async\" loading=\"lazy\" class=\"size-large wp-image-165426\" src=\"https:\/\/smago.de\/ws2\/wp-content\/uploads\/2021\/05\/wincent-weiss-2021-800x533.jpeg\" alt=\"\" width=\"800\" height=\"533\" srcset=\"https:\/\/smago.de\/ws2\/wp-content\/uploads\/2021\/05\/wincent-weiss-2021-800x533.jpeg 800w, https:\/\/smago.de\/ws2\/wp-content\/uploads\/2021\/05\/wincent-weiss-2021-522x348.jpeg 522w, https:\/\/smago.de\/ws2\/wp-content\/uploads\/2021\/05\/wincent-weiss-2021-225x150.jpeg 225w, https:\/\/smago.de\/ws2\/wp-content\/uploads\/2021\/05\/wincent-weiss-2021-768x512.jpeg 768w, https:\/\/smago.de\/ws2\/wp-content\/uploads\/2021\/05\/wincent-weiss-2021-1536x1024.jpeg 1536w, https:\/\/smago.de\/ws2\/wp-content\/uploads\/2021\/05\/wincent-weiss-2021-2048x1365.jpeg 2048w, https:\/\/smago.de\/ws2\/wp-content\/uploads\/2021\/05\/wincent-weiss-2021-392x261.jpeg 392w, https:\/\/smago.de\/ws2\/wp-content\/uploads\/2021\/05\/wincent-weiss-2021-130x87.jpeg 130w, https:\/\/smago.de\/ws2\/wp-content\/uploads\/2021\/05\/wincent-weiss-2021-668x445.jpeg 668w, https:\/\/smago.de\/ws2\/wp-content\/uploads\/2021\/05\/wincent-weiss-2021-783x522.jpeg 783w, https:\/\/smago.de\/ws2\/wp-content\/uploads\/2021\/05\/wincent-weiss-2021-285x190.jpeg 285w, https:\/\/smago.de\/ws2\/wp-content\/uploads\/2021\/05\/wincent-weiss-2021-435x290.jpeg 435w, https:\/\/smago.de\/ws2\/wp-content\/uploads\/2021\/05\/wincent-weiss-2021-150x100.jpeg 150w, https:\/\/smago.de\/ws2\/wp-content\/uploads\/2021\/05\/wincent-weiss-2021-370x247.jpeg 370w\" sizes=\"(max-width: 800px) 100vw, 800px\" \/><figcaption id=\"caption-attachment-165426\" class=\"wp-caption-text\"><em>Foto-Credit: Marvin Str\u00f6ter<\/em><\/figcaption><\/figure>\n","protected":false},"excerpt":{"rendered":"<p>NDR fernsehen, 18:45 Uhr &#8211; 19:30 Uhr (Wh. in der Nacht auf 07.06., 05:10 Uhr &#8211; 05:55 Uhr)!<\/p>\n","protected":false},"author":2,"featured_media":165426,"comment_status":"open","ping_status":"closed","sticky":false,"template":"","format":"standard","meta":{"_FSMCFIC_featured_image_caption":"","_FSMCFIC_featured_image_nocaption":"","_FSMCFIC_featured_image_hide":""},"categories":[27],"tags":[638],"acf":[],"_links":{"self":[{"href":"https:\/\/smago.de\/ws2\/wp-json\/wp\/v2\/posts\/166454"}],"collection":[{"href":"https:\/\/smago.de\/ws2\/wp-json\/wp\/v2\/posts"}],"about":[{"href":"https:\/\/smago.de\/ws2\/wp-json\/wp\/v2\/types\/post"}],"author":[{"embeddable":true,"href":"https:\/\/smago.de\/ws2\/wp-json\/wp\/v2\/users\/2"}],"replies":[{"embeddable":true,"href":"https:\/\/smago.de\/ws2\/wp-json\/wp\/v2\/comments?post=166454"}],"version-history":[{"count":1,"href":"https:\/\/smago.de\/ws2\/wp-json\/wp\/v2\/posts\/166454\/revisions"}],"predecessor-version":[{"id":166455,"href":"https:\/\/smago.de\/ws2\/wp-json\/wp\/v2\/posts\/166454\/revisions\/166455"}],"wp:featuredmedia":[{"embeddable":true,"href":"https:\/\/smago.de\/ws2\/wp-json\/wp\/v2\/media\/165426"}],"wp:attachment":[{"href":"https:\/\/smago.de\/ws2\/wp-json\/wp\/v2\/media?parent=166454"}],"wp:term":[{"taxonomy":"category","embeddable":true,"href":"https:\/\/smago.de\/ws2\/wp-json\/wp\/v2\/categories?post=166454"},{"taxonomy":"post_tag","embeddable":true,"href":"https:\/\/smago.de\/ws2\/wp-json\/wp\/v2\/tags?post=166454"}],"curies":[{"name":"wp","href":"https:\/\/api.w.org\/{rel}","templated":true}]}}