{"id":166314,"date":"2021-06-03T22:55:56","date_gmt":"2021-06-03T20:55:56","guid":{"rendered":"https:\/\/smago.de\/ws2\/?p=166314"},"modified":"2021-06-04T22:11:11","modified_gmt":"2021-06-04T20:11:11","slug":"andreas-zaron-ab-heute-04-06-2021-startet-er-mit-dem-titel-liebe-xxl-wieder-durch","status":"publish","type":"post","link":"https:\/\/smago.de\/ws2\/pop-schlager\/andreas-zaron-ab-heute-04-06-2021-startet-er-mit-dem-titel-liebe-xxl-wieder-durch\/","title":{"rendered":"ANDREAS ZARON <br>Ab heute (04.06.2021) startet er mit dem Titel &#8222;Liebe XXL&#8220; wieder durch!"},"content":{"rendered":"<p>Der Videoclip geht um 15:00 Uhr online!<br \/>\n<!--more--><\/p>\n<p>&nbsp;<\/p>\n<p>&nbsp;<\/p>\n<p style=\"text-align: justify;\">Das Warten hat ein Ende. Zaron ist wieder da!<\/p>\n<p style=\"text-align: justify;\">Richtig weg war er eigentlich nicht &#8211; in den letzten Jahren jedoch haupts\u00e4chlich auf den Theaterb\u00fchnen in Deutschland, \u00d6sterreich und der Schweiz unterwegs. Aber jetzt startet er auch musikalisch wieder voll durch:<\/p>\n<p style=\"text-align: justify;\">Genau da, wo er 2013 nach insgesamt 30 Top-20-Airplay-Chartplatzierungen aufgeh\u00f6rt hat, kn\u00fcpft Zaron mit seinem neuen Titel \u201eLiebe XXL\u201c wieder an. Seine Radiohits \u201eIch schenk dir diesen Tag\u201c, \u201eDein Wolkenwegschieber\u201c oder \u201eMama, mach das Radio lauter\u201c stehen f\u00fcr 100 % Wiedererkennungswert. 100 % typisch Zaron. Und so geht die Erfolgsstory weiter: Mit einer absolut hitverd\u00e4chtigen Hookline, knackigem Arrangement und lakonisch-witzigem Text behandelt er diesmal das Thema verschm\u00e4hte Liebe. Aber nicht gef\u00fchlsduselig oder aus der Opferhaltung heraus. Mit Augenzwinkern und l\u00e4ssigem Gesang erkl\u00e4rt er dem \u201eHerz in Gr\u00f6sse S\u201c charmant seine \u201eLiebe XXL\u201c. Und das Ganze groovt auch noch so, dass es Niemanden mehr auf den Sitzen h\u00e4lt. Andreas schrieb sich, wie immer, den ausgekl\u00fcgelten Text auf den Leib, und die eing\u00e4ngige Musik zusammen mit Willy Kl\u00fcter, der auch f\u00fcr die raffinierte Produktion verantwortlich zeigt. Im dazugeh\u00f6rigen Video, das ganz sicher zum Schmunzeln und Grinsen verleitet, zieht der gelernte Schauspieler alle Register mit witzigen optischen Gags, lockeren Dancemoves und einer geh\u00f6rigen Portion Selbstironie. Der perfekte Gute-Laune-Song, wie gemacht f\u00fcr den kommenden Sommer!<\/p>\n<p>&nbsp;<\/p>\n<p>&nbsp;<\/p>\n<p>Der Videoclip geht heute (04.06.2021) um 15:00 Uhr HIER online &#8230;:<\/p>\n<p>&nbsp;<\/p>\n<p><iframe loading=\"lazy\" src=\"\/\/www.youtube.com\/embed\/KaakEHhAtbA\" width=\"800\" height=\"449\" allowfullscreen=\"allowfullscreen\"><\/iframe><\/p>\n","protected":false},"excerpt":{"rendered":"<p>Der Videoclip geht um 15:00 Uhr online!<\/p>\n","protected":false},"author":2,"featured_media":166315,"comment_status":"open","ping_status":"closed","sticky":false,"template":"","format":"standard","meta":{"_FSMCFIC_featured_image_caption":"","_FSMCFIC_featured_image_nocaption":"","_FSMCFIC_featured_image_hide":""},"categories":[28],"tags":[952],"acf":[],"_links":{"self":[{"href":"https:\/\/smago.de\/ws2\/wp-json\/wp\/v2\/posts\/166314"}],"collection":[{"href":"https:\/\/smago.de\/ws2\/wp-json\/wp\/v2\/posts"}],"about":[{"href":"https:\/\/smago.de\/ws2\/wp-json\/wp\/v2\/types\/post"}],"author":[{"embeddable":true,"href":"https:\/\/smago.de\/ws2\/wp-json\/wp\/v2\/users\/2"}],"replies":[{"embeddable":true,"href":"https:\/\/smago.de\/ws2\/wp-json\/wp\/v2\/comments?post=166314"}],"version-history":[{"count":1,"href":"https:\/\/smago.de\/ws2\/wp-json\/wp\/v2\/posts\/166314\/revisions"}],"predecessor-version":[{"id":166316,"href":"https:\/\/smago.de\/ws2\/wp-json\/wp\/v2\/posts\/166314\/revisions\/166316"}],"wp:featuredmedia":[{"embeddable":true,"href":"https:\/\/smago.de\/ws2\/wp-json\/wp\/v2\/media\/166315"}],"wp:attachment":[{"href":"https:\/\/smago.de\/ws2\/wp-json\/wp\/v2\/media?parent=166314"}],"wp:term":[{"taxonomy":"category","embeddable":true,"href":"https:\/\/smago.de\/ws2\/wp-json\/wp\/v2\/categories?post=166314"},{"taxonomy":"post_tag","embeddable":true,"href":"https:\/\/smago.de\/ws2\/wp-json\/wp\/v2\/tags?post=166314"}],"curies":[{"name":"wp","href":"https:\/\/api.w.org\/{rel}","templated":true}]}}