{"id":166302,"date":"2021-06-04T00:00:23","date_gmt":"2021-06-03T22:00:23","guid":{"rendered":"https:\/\/smago.de\/ws2\/?p=166302"},"modified":"2021-06-03T22:38:17","modified_gmt":"2021-06-03T20:38:17","slug":"thomas-gottschalk-heute-04-06-2021-swr-fernsehen-gottschalk-feiert-nochmal-18","status":"publish","type":"post","link":"https:\/\/smago.de\/ws2\/deutsch-rock\/thomas-gottschalk-heute-04-06-2021-swr-fernsehen-gottschalk-feiert-nochmal-18\/","title":{"rendered":"THOMAS GOTTSCHALK <br>Heute (04.06.2021), SWR Fernsehen: &#8222;Gottschalk feiert: Nochmal 18!&#8220;!"},"content":{"rendered":"<p><span class=\"title columns\"><span class=\"subtitle\">&#8222;Der gro\u00dfe Promi-Geburtstag &#8211; G\u00e4ste: Andy Borg, Alexander Herrmann und Laura Wontorra&#8220; \/\/ 20:15 Uhr &#8211; 21:45 Uhr!<\/span><\/span><!--more--><\/p>\n<p>&nbsp;<\/p>\n<p>&nbsp;<\/p>\n<p>&nbsp;<\/p>\n<div id=\"i8qugd-accordion\" class=\"accordion-content\" role=\"tabpanel\" data-tab-content=\"\" aria-labelledby=\"i8qugd-accordion-label\" aria-hidden=\"false\">\n<div class=\"event-detail\">\n<div class=\"detail-top row collapse \">\n<div class=\"row collapse\">\n<p style=\"text-align: justify;\">Endlich vollj\u00e4hrig! Endlich F\u00fchrerschein! Endlich frei! Nie mehr Eltern um Erlaubnis fragen m\u00fcssen! Endlich feiern, solange man will! Mit dem 18. Geburtstag schien das Leben endlich loszugehen. Showmaster Thomas Gottschalk reist einmal im Monat im SWR Fernsehen mit drei prominenten G\u00e4sten zur\u00fcck in die Zeit ihrer Vollj\u00e4hrigkeit. Dieses Mal zu Gast: Moderatorin Laura Wontorra, S\u00e4nger Andy Borg und Koch Alexander Herrmann.<\/p>\n<p style=\"text-align: justify;\">Mal geht es in die Achtziger, dann in die Neunziger, die Zeit der Boygroups und des Techno, aber auch in die sp\u00e4ten Siebziger, als Achtzehnj\u00e4hrige den H\u00fcftschwung von John Travolta nachahmten. Wann und wie haben die prominenten G\u00e4ste ihren 18. Geburtstag gefeiert? Welche Tr\u00e4ume und W\u00fcnsche hatten sie damals und was ist daraus geworden? Wen haben sie bewundert? In wen waren sie verliebt?In jeder Show feiern die drei Prominenten noch einmal ihrem &#8222;Achtzehnten&#8220; in den unterschiedlichen Jahrzehnten.<\/p>\n<p style=\"text-align: justify;\">Zusammen mit seinen G\u00e4sten beleuchtet Thomas Gottschalk in der Show Themen, die verbinden und auch die Erinnerung entfachen &#8211; ob Musik, TV- und Kinogeschichte, Mode- und Styling-Trends. Was von alldem ist heute noch immer oder vielleicht schon wieder hot? Thomas Gottschalk holt die Fotoalben und Super-8 Filme heraus und blickt mit nostalgischer Freude zur\u00fcck.<\/p>\n<p style=\"text-align: justify;\">Eine Show rund um das wahrscheinlich aufregendste Jahr des Lebens.<\/p>\n<\/div>\n<\/div>\n<\/div>\n<\/div>\n<p>&nbsp;<\/p>\n<p>&nbsp;<\/p>\n<figure id=\"attachment_166303\" aria-describedby=\"caption-attachment-166303\" style=\"width: 800px\" class=\"wp-caption alignnone\"><img decoding=\"async\" loading=\"lazy\" class=\"size-large wp-image-166303\" src=\"https:\/\/smago.de\/ws2\/wp-content\/uploads\/2021\/06\/7_F3_Gottschalk_feiert_Nochmal_18-800x528.jpg\" alt=\"\" width=\"800\" height=\"528\" srcset=\"https:\/\/smago.de\/ws2\/wp-content\/uploads\/2021\/06\/7_F3_Gottschalk_feiert_Nochmal_18-800x528.jpg 800w, https:\/\/smago.de\/ws2\/wp-content\/uploads\/2021\/06\/7_F3_Gottschalk_feiert_Nochmal_18-522x345.jpg 522w, https:\/\/smago.de\/ws2\/wp-content\/uploads\/2021\/06\/7_F3_Gottschalk_feiert_Nochmal_18-227x150.jpg 227w, https:\/\/smago.de\/ws2\/wp-content\/uploads\/2021\/06\/7_F3_Gottschalk_feiert_Nochmal_18-768x507.jpg 768w, https:\/\/smago.de\/ws2\/wp-content\/uploads\/2021\/06\/7_F3_Gottschalk_feiert_Nochmal_18-1536x1014.jpg 1536w, https:\/\/smago.de\/ws2\/wp-content\/uploads\/2021\/06\/7_F3_Gottschalk_feiert_Nochmal_18-2048x1352.jpg 2048w, https:\/\/smago.de\/ws2\/wp-content\/uploads\/2021\/06\/7_F3_Gottschalk_feiert_Nochmal_18-392x259.jpg 392w, https:\/\/smago.de\/ws2\/wp-content\/uploads\/2021\/06\/7_F3_Gottschalk_feiert_Nochmal_18-130x86.jpg 130w, https:\/\/smago.de\/ws2\/wp-content\/uploads\/2021\/06\/7_F3_Gottschalk_feiert_Nochmal_18-674x445.jpg 674w, https:\/\/smago.de\/ws2\/wp-content\/uploads\/2021\/06\/7_F3_Gottschalk_feiert_Nochmal_18-791x522.jpg 791w, https:\/\/smago.de\/ws2\/wp-content\/uploads\/2021\/06\/7_F3_Gottschalk_feiert_Nochmal_18-288x190.jpg 288w, https:\/\/smago.de\/ws2\/wp-content\/uploads\/2021\/06\/7_F3_Gottschalk_feiert_Nochmal_18-435x287.jpg 435w, https:\/\/smago.de\/ws2\/wp-content\/uploads\/2021\/06\/7_F3_Gottschalk_feiert_Nochmal_18-150x100.jpg 150w\" sizes=\"(max-width: 800px) 100vw, 800px\" \/><figcaption id=\"caption-attachment-166303\" class=\"wp-caption-text\"><em>Andy Borg singt &#8222;Needles and Pins&#8220; (Smokie), dahinter ein Simca 1100<\/em><\/p>\n<p><em>\u00a9 SWR &#8211; Talpa \/ Christian Koch<\/em><\/figcaption><\/figure>\n<p>&nbsp;<\/p>\n<p>&nbsp;<\/p>\n<p>&nbsp;<\/p>\n<p>&nbsp;<\/p>\n<figure id=\"attachment_166304\" aria-describedby=\"caption-attachment-166304\" style=\"width: 800px\" class=\"wp-caption alignnone\"><img decoding=\"async\" loading=\"lazy\" class=\"size-large wp-image-166304\" src=\"https:\/\/smago.de\/ws2\/wp-content\/uploads\/2021\/06\/8_F3_Gottschalk_feiert_Nochmal_18-800x528.jpg\" alt=\"\" width=\"800\" height=\"528\" srcset=\"https:\/\/smago.de\/ws2\/wp-content\/uploads\/2021\/06\/8_F3_Gottschalk_feiert_Nochmal_18-800x528.jpg 800w, https:\/\/smago.de\/ws2\/wp-content\/uploads\/2021\/06\/8_F3_Gottschalk_feiert_Nochmal_18-522x345.jpg 522w, https:\/\/smago.de\/ws2\/wp-content\/uploads\/2021\/06\/8_F3_Gottschalk_feiert_Nochmal_18-227x150.jpg 227w, https:\/\/smago.de\/ws2\/wp-content\/uploads\/2021\/06\/8_F3_Gottschalk_feiert_Nochmal_18-768x507.jpg 768w, https:\/\/smago.de\/ws2\/wp-content\/uploads\/2021\/06\/8_F3_Gottschalk_feiert_Nochmal_18-1536x1014.jpg 1536w, https:\/\/smago.de\/ws2\/wp-content\/uploads\/2021\/06\/8_F3_Gottschalk_feiert_Nochmal_18-2048x1352.jpg 2048w, https:\/\/smago.de\/ws2\/wp-content\/uploads\/2021\/06\/8_F3_Gottschalk_feiert_Nochmal_18-392x259.jpg 392w, https:\/\/smago.de\/ws2\/wp-content\/uploads\/2021\/06\/8_F3_Gottschalk_feiert_Nochmal_18-130x86.jpg 130w, https:\/\/smago.de\/ws2\/wp-content\/uploads\/2021\/06\/8_F3_Gottschalk_feiert_Nochmal_18-674x445.jpg 674w, https:\/\/smago.de\/ws2\/wp-content\/uploads\/2021\/06\/8_F3_Gottschalk_feiert_Nochmal_18-791x522.jpg 791w, https:\/\/smago.de\/ws2\/wp-content\/uploads\/2021\/06\/8_F3_Gottschalk_feiert_Nochmal_18-288x190.jpg 288w, https:\/\/smago.de\/ws2\/wp-content\/uploads\/2021\/06\/8_F3_Gottschalk_feiert_Nochmal_18-435x287.jpg 435w, https:\/\/smago.de\/ws2\/wp-content\/uploads\/2021\/06\/8_F3_Gottschalk_feiert_Nochmal_18-150x100.jpg 150w\" sizes=\"(max-width: 800px) 100vw, 800px\" \/><figcaption id=\"caption-attachment-166304\" class=\"wp-caption-text\"><em>Thomas Gottschalk reist einmal im Monat mit seinen drei prominenten G\u00e4sten zur\u00fcck in die Zeit ihrer Vollj\u00e4hrigkeit.<\/em><br \/><em>Bei &#8222;Rockin&#8216; All Over the World&#8220; (Status Quo) ist kein Halten mehr: Thomas Gottschalk (li.) und Andy Borg mit T\u00e4nzer*innen um den Simca 1100<\/em><\/p>\n<p><em>\u00a9 SWR &#8211; Talpa \/ Christian Koch<\/em><\/figcaption><\/figure>\n<p>&nbsp;<\/p>\n<p>&nbsp;<\/p>\n<p>&nbsp;<\/p>\n<p>&nbsp;<\/p>\n<figure id=\"attachment_166305\" aria-describedby=\"caption-attachment-166305\" style=\"width: 800px\" class=\"wp-caption alignnone\"><img decoding=\"async\" loading=\"lazy\" class=\"size-large wp-image-166305\" src=\"https:\/\/smago.de\/ws2\/wp-content\/uploads\/2021\/06\/2_F3_Gottschalk_feiert_Nochmal_18-800x528.jpg\" alt=\"\" width=\"800\" height=\"528\" srcset=\"https:\/\/smago.de\/ws2\/wp-content\/uploads\/2021\/06\/2_F3_Gottschalk_feiert_Nochmal_18-800x528.jpg 800w, https:\/\/smago.de\/ws2\/wp-content\/uploads\/2021\/06\/2_F3_Gottschalk_feiert_Nochmal_18-522x345.jpg 522w, https:\/\/smago.de\/ws2\/wp-content\/uploads\/2021\/06\/2_F3_Gottschalk_feiert_Nochmal_18-227x150.jpg 227w, https:\/\/smago.de\/ws2\/wp-content\/uploads\/2021\/06\/2_F3_Gottschalk_feiert_Nochmal_18-768x507.jpg 768w, https:\/\/smago.de\/ws2\/wp-content\/uploads\/2021\/06\/2_F3_Gottschalk_feiert_Nochmal_18-1536x1014.jpg 1536w, https:\/\/smago.de\/ws2\/wp-content\/uploads\/2021\/06\/2_F3_Gottschalk_feiert_Nochmal_18-2048x1352.jpg 2048w, https:\/\/smago.de\/ws2\/wp-content\/uploads\/2021\/06\/2_F3_Gottschalk_feiert_Nochmal_18-392x259.jpg 392w, https:\/\/smago.de\/ws2\/wp-content\/uploads\/2021\/06\/2_F3_Gottschalk_feiert_Nochmal_18-130x86.jpg 130w, https:\/\/smago.de\/ws2\/wp-content\/uploads\/2021\/06\/2_F3_Gottschalk_feiert_Nochmal_18-674x445.jpg 674w, https:\/\/smago.de\/ws2\/wp-content\/uploads\/2021\/06\/2_F3_Gottschalk_feiert_Nochmal_18-791x522.jpg 791w, https:\/\/smago.de\/ws2\/wp-content\/uploads\/2021\/06\/2_F3_Gottschalk_feiert_Nochmal_18-288x190.jpg 288w, https:\/\/smago.de\/ws2\/wp-content\/uploads\/2021\/06\/2_F3_Gottschalk_feiert_Nochmal_18-435x287.jpg 435w, https:\/\/smago.de\/ws2\/wp-content\/uploads\/2021\/06\/2_F3_Gottschalk_feiert_Nochmal_18-150x100.jpg 150w\" sizes=\"(max-width: 800px) 100vw, 800px\" \/><figcaption id=\"caption-attachment-166305\" class=\"wp-caption-text\"><em>v.li.: Andy Borg, Alexander Herrmann, Thomas Gottschalk und Laura Wontorra<\/em><\/p>\n<p><em>\u00a9 SWR &#8211; Talpa \/ Christian Koch<\/em><\/figcaption><\/figure>\n<p>&nbsp;<\/p>\n<p>&nbsp;<\/p>\n<p>&nbsp;<\/p>\n<figure id=\"attachment_166306\" aria-describedby=\"caption-attachment-166306\" style=\"width: 800px\" class=\"wp-caption alignnone\"><img decoding=\"async\" loading=\"lazy\" class=\"size-large wp-image-166306\" src=\"https:\/\/smago.de\/ws2\/wp-content\/uploads\/2021\/06\/3_F3_Gottschalk_feiert_Nochmal_18-800x528.jpg\" alt=\"\" width=\"800\" height=\"528\" srcset=\"https:\/\/smago.de\/ws2\/wp-content\/uploads\/2021\/06\/3_F3_Gottschalk_feiert_Nochmal_18-800x528.jpg 800w, https:\/\/smago.de\/ws2\/wp-content\/uploads\/2021\/06\/3_F3_Gottschalk_feiert_Nochmal_18-522x345.jpg 522w, https:\/\/smago.de\/ws2\/wp-content\/uploads\/2021\/06\/3_F3_Gottschalk_feiert_Nochmal_18-227x150.jpg 227w, https:\/\/smago.de\/ws2\/wp-content\/uploads\/2021\/06\/3_F3_Gottschalk_feiert_Nochmal_18-768x507.jpg 768w, https:\/\/smago.de\/ws2\/wp-content\/uploads\/2021\/06\/3_F3_Gottschalk_feiert_Nochmal_18-1536x1014.jpg 1536w, https:\/\/smago.de\/ws2\/wp-content\/uploads\/2021\/06\/3_F3_Gottschalk_feiert_Nochmal_18-2048x1352.jpg 2048w, https:\/\/smago.de\/ws2\/wp-content\/uploads\/2021\/06\/3_F3_Gottschalk_feiert_Nochmal_18-392x259.jpg 392w, https:\/\/smago.de\/ws2\/wp-content\/uploads\/2021\/06\/3_F3_Gottschalk_feiert_Nochmal_18-130x86.jpg 130w, https:\/\/smago.de\/ws2\/wp-content\/uploads\/2021\/06\/3_F3_Gottschalk_feiert_Nochmal_18-674x445.jpg 674w, https:\/\/smago.de\/ws2\/wp-content\/uploads\/2021\/06\/3_F3_Gottschalk_feiert_Nochmal_18-791x522.jpg 791w, https:\/\/smago.de\/ws2\/wp-content\/uploads\/2021\/06\/3_F3_Gottschalk_feiert_Nochmal_18-288x190.jpg 288w, https:\/\/smago.de\/ws2\/wp-content\/uploads\/2021\/06\/3_F3_Gottschalk_feiert_Nochmal_18-435x287.jpg 435w, https:\/\/smago.de\/ws2\/wp-content\/uploads\/2021\/06\/3_F3_Gottschalk_feiert_Nochmal_18-150x100.jpg 150w\" sizes=\"(max-width: 800px) 100vw, 800px\" \/><figcaption id=\"caption-attachment-166306\" class=\"wp-caption-text\"><em>v.li.: Alexander Herrmann, Laura Wontorra, Andy Borg, und Thomas Gottschalk<\/em><\/p>\n<p><em>\u00a9 SWR &#8211; Talpa \/ Christian Koch<\/em><\/figcaption><\/figure>\n<p>&nbsp;<\/p>\n<p>&nbsp;<\/p>\n<p>&nbsp;<\/p>\n<figure id=\"attachment_166307\" aria-describedby=\"caption-attachment-166307\" style=\"width: 800px\" class=\"wp-caption alignnone\"><img decoding=\"async\" loading=\"lazy\" class=\"size-large wp-image-166307\" src=\"https:\/\/smago.de\/ws2\/wp-content\/uploads\/2021\/06\/16_F3_Gottschalk_feiert_Nochmal_18-800x528.jpg\" alt=\"\" width=\"800\" height=\"528\" srcset=\"https:\/\/smago.de\/ws2\/wp-content\/uploads\/2021\/06\/16_F3_Gottschalk_feiert_Nochmal_18-800x528.jpg 800w, https:\/\/smago.de\/ws2\/wp-content\/uploads\/2021\/06\/16_F3_Gottschalk_feiert_Nochmal_18-522x345.jpg 522w, https:\/\/smago.de\/ws2\/wp-content\/uploads\/2021\/06\/16_F3_Gottschalk_feiert_Nochmal_18-227x150.jpg 227w, https:\/\/smago.de\/ws2\/wp-content\/uploads\/2021\/06\/16_F3_Gottschalk_feiert_Nochmal_18-768x507.jpg 768w, https:\/\/smago.de\/ws2\/wp-content\/uploads\/2021\/06\/16_F3_Gottschalk_feiert_Nochmal_18-1536x1014.jpg 1536w, https:\/\/smago.de\/ws2\/wp-content\/uploads\/2021\/06\/16_F3_Gottschalk_feiert_Nochmal_18-2048x1352.jpg 2048w, https:\/\/smago.de\/ws2\/wp-content\/uploads\/2021\/06\/16_F3_Gottschalk_feiert_Nochmal_18-392x259.jpg 392w, https:\/\/smago.de\/ws2\/wp-content\/uploads\/2021\/06\/16_F3_Gottschalk_feiert_Nochmal_18-130x86.jpg 130w, https:\/\/smago.de\/ws2\/wp-content\/uploads\/2021\/06\/16_F3_Gottschalk_feiert_Nochmal_18-674x445.jpg 674w, https:\/\/smago.de\/ws2\/wp-content\/uploads\/2021\/06\/16_F3_Gottschalk_feiert_Nochmal_18-791x522.jpg 791w, https:\/\/smago.de\/ws2\/wp-content\/uploads\/2021\/06\/16_F3_Gottschalk_feiert_Nochmal_18-288x190.jpg 288w, https:\/\/smago.de\/ws2\/wp-content\/uploads\/2021\/06\/16_F3_Gottschalk_feiert_Nochmal_18-435x287.jpg 435w, https:\/\/smago.de\/ws2\/wp-content\/uploads\/2021\/06\/16_F3_Gottschalk_feiert_Nochmal_18-150x100.jpg 150w\" sizes=\"(max-width: 800px) 100vw, 800px\" \/><figcaption id=\"caption-attachment-166307\" class=\"wp-caption-text\"><em>Schlussbild mit Musik: Thomas Gottschalk (Mi.) und Laura Wontorra (li.), Andy Borg (vorne), Alexander Herrmann (li. verdeck), Ella Endlich (re.) und die Showpraktikant*in Josefine &amp; Moritz Stritter<\/em><\/p>\n<p><em>\u00a9 SWR &#8211; Talpa \/ Christian Koch<\/em><\/figcaption><\/figure>\n<p>&nbsp;<\/p>\n<p>&nbsp;<\/p>\n<p>&nbsp;<\/p>\n<p>&nbsp;<\/p>\n<figure id=\"attachment_166308\" aria-describedby=\"caption-attachment-166308\" style=\"width: 800px\" class=\"wp-caption alignnone\"><img decoding=\"async\" loading=\"lazy\" class=\"size-large wp-image-166308\" src=\"https:\/\/smago.de\/ws2\/wp-content\/uploads\/2021\/06\/5_F3_Gottschalk_feiert_Nochmal_18-800x528.jpg\" alt=\"\" width=\"800\" height=\"528\" srcset=\"https:\/\/smago.de\/ws2\/wp-content\/uploads\/2021\/06\/5_F3_Gottschalk_feiert_Nochmal_18-800x528.jpg 800w, https:\/\/smago.de\/ws2\/wp-content\/uploads\/2021\/06\/5_F3_Gottschalk_feiert_Nochmal_18-522x345.jpg 522w, https:\/\/smago.de\/ws2\/wp-content\/uploads\/2021\/06\/5_F3_Gottschalk_feiert_Nochmal_18-227x150.jpg 227w, https:\/\/smago.de\/ws2\/wp-content\/uploads\/2021\/06\/5_F3_Gottschalk_feiert_Nochmal_18-768x507.jpg 768w, https:\/\/smago.de\/ws2\/wp-content\/uploads\/2021\/06\/5_F3_Gottschalk_feiert_Nochmal_18-1536x1014.jpg 1536w, https:\/\/smago.de\/ws2\/wp-content\/uploads\/2021\/06\/5_F3_Gottschalk_feiert_Nochmal_18-2048x1352.jpg 2048w, https:\/\/smago.de\/ws2\/wp-content\/uploads\/2021\/06\/5_F3_Gottschalk_feiert_Nochmal_18-392x259.jpg 392w, https:\/\/smago.de\/ws2\/wp-content\/uploads\/2021\/06\/5_F3_Gottschalk_feiert_Nochmal_18-130x86.jpg 130w, https:\/\/smago.de\/ws2\/wp-content\/uploads\/2021\/06\/5_F3_Gottschalk_feiert_Nochmal_18-674x445.jpg 674w, https:\/\/smago.de\/ws2\/wp-content\/uploads\/2021\/06\/5_F3_Gottschalk_feiert_Nochmal_18-791x522.jpg 791w, https:\/\/smago.de\/ws2\/wp-content\/uploads\/2021\/06\/5_F3_Gottschalk_feiert_Nochmal_18-288x190.jpg 288w, https:\/\/smago.de\/ws2\/wp-content\/uploads\/2021\/06\/5_F3_Gottschalk_feiert_Nochmal_18-435x287.jpg 435w, https:\/\/smago.de\/ws2\/wp-content\/uploads\/2021\/06\/5_F3_Gottschalk_feiert_Nochmal_18-150x100.jpg 150w\" sizes=\"(max-width: 800px) 100vw, 800px\" \/><figcaption id=\"caption-attachment-166308\" class=\"wp-caption-text\"><em>\u00a9 SWR &#8211; Talpa \/ Christian Koch<\/em><\/figcaption><\/figure>\n","protected":false},"excerpt":{"rendered":"<p>&#8222;Der gro\u00dfe Promi-Geburtstag &#8211; G\u00e4ste: Andy Borg, Alexander Herrmann und Laura Wontorra&#8220; \/\/ 20:15 Uhr &#8211; 21:45 Uhr!<\/p>\n","protected":false},"author":2,"featured_media":166303,"comment_status":"open","ping_status":"closed","sticky":false,"template":"","format":"standard","meta":{"_FSMCFIC_featured_image_caption":"","_FSMCFIC_featured_image_nocaption":"","_FSMCFIC_featured_image_hide":""},"categories":[5,29,128],"tags":[247],"acf":[],"_links":{"self":[{"href":"https:\/\/smago.de\/ws2\/wp-json\/wp\/v2\/posts\/166302"}],"collection":[{"href":"https:\/\/smago.de\/ws2\/wp-json\/wp\/v2\/posts"}],"about":[{"href":"https:\/\/smago.de\/ws2\/wp-json\/wp\/v2\/types\/post"}],"author":[{"embeddable":true,"href":"https:\/\/smago.de\/ws2\/wp-json\/wp\/v2\/users\/2"}],"replies":[{"embeddable":true,"href":"https:\/\/smago.de\/ws2\/wp-json\/wp\/v2\/comments?post=166302"}],"version-history":[{"count":2,"href":"https:\/\/smago.de\/ws2\/wp-json\/wp\/v2\/posts\/166302\/revisions"}],"predecessor-version":[{"id":166310,"href":"https:\/\/smago.de\/ws2\/wp-json\/wp\/v2\/posts\/166302\/revisions\/166310"}],"wp:featuredmedia":[{"embeddable":true,"href":"https:\/\/smago.de\/ws2\/wp-json\/wp\/v2\/media\/166303"}],"wp:attachment":[{"href":"https:\/\/smago.de\/ws2\/wp-json\/wp\/v2\/media?parent=166302"}],"wp:term":[{"taxonomy":"category","embeddable":true,"href":"https:\/\/smago.de\/ws2\/wp-json\/wp\/v2\/categories?post=166302"},{"taxonomy":"post_tag","embeddable":true,"href":"https:\/\/smago.de\/ws2\/wp-json\/wp\/v2\/tags?post=166302"}],"curies":[{"name":"wp","href":"https:\/\/api.w.org\/{rel}","templated":true}]}}