{"id":166295,"date":"2021-06-04T00:00:59","date_gmt":"2021-06-03T22:00:59","guid":{"rendered":"https:\/\/smago.de\/ws2\/?p=166295"},"modified":"2021-06-03T23:55:38","modified_gmt":"2021-06-03T21:55:38","slug":"bernhard-brink-praesentiert-die-schlager-des-monats-juni-heute-04-06-2021-mdr-fernsehen","status":"publish","type":"post","link":"https:\/\/smago.de\/ws2\/schlager\/bernhard-brink-praesentiert-die-schlager-des-monats-juni-heute-04-06-2021-mdr-fernsehen\/","title":{"rendered":"BERNHARD BRINK pr\u00e4sentiert &#8230;: <br>&#8222;Die Schlager des Monats&#8220; &#8211; Mai &#8211; heute (04.06.2021), MDR FERNSEHEN!"},"content":{"rendered":"<p>20:15 Uhr &#8211; 21:45 Uhr!<br \/>\n<!--more--><\/p>\n<p>&nbsp;<\/p>\n<p>&nbsp;<\/p>\n<p style=\"text-align: justify;\">Das MDR FERNSEHEN pr\u00e4sentiert exklusiv die monatlichen nationalen Schlagercharts. Die Sendung bildet die TOP 50 der Schlageralbumcharts ab und erz\u00e4hlt das Neueste aus der Welt des Schlagers, sie greift Trends auf &#8211; spiegelt die Schlagerszene wider und belebt sie gleicherma\u00dfen. Nat\u00fcrlich gibt es auch einen festen Platz f\u00fcr Newcomer und Neuvorstellungen.<\/p>\n<p style=\"text-align: justify;\">Pr\u00e4sentiert werden &#8222;Die Schlager des Monats&#8220; von Bernhard Brink. Als DER Schlagertitan und Schlagerexperte steht er national f\u00fcr Schlager. Bernhard Brink geh\u00f6rt seit mehr als 40 Jahren mit anhaltendem Erfolg bei Plattenverk\u00e4ufen und in den Airplaycharts der Schlagerszene an wie kein Zweiter.<\/p>\n<p style=\"text-align: justify;\">Alle Daten und Fakten der monatlichen Charts finden die Schlagerfans dann sofort nach Ausstrahlung exklusiv auf <strong><a href=\"http:\/\/www.meine-schlagerwelt.de\">www.meine-schlagerwelt.de<\/a><\/strong> &#8211; das Portal wird die Sendung nicht nur begleiten, sondern mit Reporter Peter Heller auch auf dem Bildschirm pr\u00e4sent sein &#8211; sowie auf <strong><a href=\"http:\/\/www.smago.de\">www.smago.de<\/a><\/strong>.<\/p>\n<p>&nbsp;<\/p>\n<p>&nbsp;<\/p>\n<p style=\"text-align: justify;\"><strong>Die G\u00e4ste:<\/strong> Laura Wilde, Ramon Roselly, Laura van den Elzen &amp; Mark Hoffmann (Sieger im Voting zum &#8222;Hit des Monats&#8220;).<\/p>\n<p>&nbsp;<\/p>\n<p>&nbsp;<\/p>\n<figure id=\"attachment_143009\" aria-describedby=\"caption-attachment-143009\" style=\"width: 710px\" class=\"wp-caption alignnone\"><img decoding=\"async\" loading=\"lazy\" class=\"size-full wp-image-143009\" src=\"https:\/\/smago.de\/ws2\/wp-content\/uploads\/2020\/03\/bb_sdm.jpg\" alt=\"\" width=\"710\" height=\"469\" srcset=\"https:\/\/smago.de\/ws2\/wp-content\/uploads\/2020\/03\/bb_sdm.jpg 710w, https:\/\/smago.de\/ws2\/wp-content\/uploads\/2020\/03\/bb_sdm-522x345.jpg 522w, https:\/\/smago.de\/ws2\/wp-content\/uploads\/2020\/03\/bb_sdm-227x150.jpg 227w, https:\/\/smago.de\/ws2\/wp-content\/uploads\/2020\/03\/bb_sdm-392x259.jpg 392w, https:\/\/smago.de\/ws2\/wp-content\/uploads\/2020\/03\/bb_sdm-130x86.jpg 130w, https:\/\/smago.de\/ws2\/wp-content\/uploads\/2020\/03\/bb_sdm-674x445.jpg 674w, https:\/\/smago.de\/ws2\/wp-content\/uploads\/2020\/03\/bb_sdm-288x190.jpg 288w, https:\/\/smago.de\/ws2\/wp-content\/uploads\/2020\/03\/bb_sdm-435x287.jpg 435w, https:\/\/smago.de\/ws2\/wp-content\/uploads\/2020\/03\/bb_sdm-150x100.jpg 150w\" sizes=\"(max-width: 710px) 100vw, 710px\" \/><figcaption id=\"caption-attachment-143009\" class=\"wp-caption-text\">Foto-Credit: MDR &#8211; fmp \/ Evelyn Sander<\/figcaption><\/figure>\n","protected":false},"excerpt":{"rendered":"<p>20:15 Uhr &#8211; 21:45 Uhr!<\/p>\n","protected":false},"author":2,"featured_media":143009,"comment_status":"open","ping_status":"closed","sticky":false,"template":"","format":"standard","meta":{"_FSMCFIC_featured_image_caption":"","_FSMCFIC_featured_image_nocaption":"","_FSMCFIC_featured_image_hide":""},"categories":[29,39,128],"tags":[119],"acf":[],"_links":{"self":[{"href":"https:\/\/smago.de\/ws2\/wp-json\/wp\/v2\/posts\/166295"}],"collection":[{"href":"https:\/\/smago.de\/ws2\/wp-json\/wp\/v2\/posts"}],"about":[{"href":"https:\/\/smago.de\/ws2\/wp-json\/wp\/v2\/types\/post"}],"author":[{"embeddable":true,"href":"https:\/\/smago.de\/ws2\/wp-json\/wp\/v2\/users\/2"}],"replies":[{"embeddable":true,"href":"https:\/\/smago.de\/ws2\/wp-json\/wp\/v2\/comments?post=166295"}],"version-history":[{"count":4,"href":"https:\/\/smago.de\/ws2\/wp-json\/wp\/v2\/posts\/166295\/revisions"}],"predecessor-version":[{"id":166328,"href":"https:\/\/smago.de\/ws2\/wp-json\/wp\/v2\/posts\/166295\/revisions\/166328"}],"wp:featuredmedia":[{"embeddable":true,"href":"https:\/\/smago.de\/ws2\/wp-json\/wp\/v2\/media\/143009"}],"wp:attachment":[{"href":"https:\/\/smago.de\/ws2\/wp-json\/wp\/v2\/media?parent=166295"}],"wp:term":[{"taxonomy":"category","embeddable":true,"href":"https:\/\/smago.de\/ws2\/wp-json\/wp\/v2\/categories?post=166295"},{"taxonomy":"post_tag","embeddable":true,"href":"https:\/\/smago.de\/ws2\/wp-json\/wp\/v2\/tags?post=166295"}],"curies":[{"name":"wp","href":"https:\/\/api.w.org\/{rel}","templated":true}]}}