{"id":166291,"date":"2021-06-03T23:59:50","date_gmt":"2021-06-03T21:59:50","guid":{"rendered":"https:\/\/smago.de\/ws2\/?p=166291"},"modified":"2021-06-03T22:16:05","modified_gmt":"2021-06-03T20:16:05","slug":"piet-klocke-u-a-freitag-04-06-2021-in-der-ndr-talk-show-zu-gast","status":"publish","type":"post","link":"https:\/\/smago.de\/ws2\/comedy\/piet-klocke-u-a-freitag-04-06-2021-in-der-ndr-talk-show-zu-gast\/","title":{"rendered":"PIET KLOCKE u.a. <br>Freitag (04.06.2021) in der &#8222;NDR Talk Show&#8220; zu Gast!"},"content":{"rendered":"<p style=\"text-align: justify;\">NDR fernsehen + hr fernsehen, 22:00 Uhr &#8211; 00:00 Uhr! Moderation: Bettina Tietjen und J\u00f6rg Pilawa!<br \/>\n<!--more--><\/p>\n<p>&nbsp;<\/p>\n<p>&nbsp;<\/p>\n<p>&nbsp;<\/p>\n<p>&nbsp;<\/p>\n<h2 style=\"text-align: justify;\">Stefanie Heinzmann, S\u00e4ngerin<\/h2>\n<div class=\"contentimage w50\" style=\"text-align: justify;\"><\/div>\n<p style=\"text-align: justify;\">Sie ist eine der erfolgreichsten Schweizer S\u00e4ngerinnen und ein Star im gesamten deutschsprachigen Raum. Sie gewann Preise wie den Echo oder den MTV Music Award. Womit sich Stefanie Heinzmann bisher zur\u00fcckgehalten hat: Nur ein Jahr vor ihrem Sieg bei Stefan Raab wies sie sich in die psychiatrische Klinik ein. Die damals fast 18-J\u00e4hrige steckte in einer tiefen Krise. Die Pubert\u00e4t, ein Bandscheibenvorfall mit starken Schmerzen, Termine als S\u00e4ngerin und die Schule \u00fcberforderten sie komplett. Sie begann sich selbst zu verletzen und entwickelte eine Essst\u00f6rung. In der NDR Talk Show spricht sie \u00fcber die schwierigste Zeit ihres Lebens und gibt denjenigen Rat, die nichts lieber wollen als raus aus dem eigenen K\u00f6rper zu kommen. Ein wichtiger Apell, in Zeiten in denen hierzulande die Fallzahlen von essgest\u00f6rten Jugendlichen stetig steigen.<\/p>\n<p>&nbsp;<\/p>\n<p>&nbsp;<\/p>\n<p>&nbsp;<\/p>\n<p>&nbsp;<\/p>\n<p>&nbsp;<\/p>\n<h2 style=\"text-align: justify;\">Kenza Ait Si Abbou Lyadini, KI-Expertin<\/h2>\n<div class=\"contentimage w50\" style=\"text-align: justify;\"><\/div>\n<p style=\"text-align: justify;\">Computer entscheiden \u00fcber unseren Job, unseren Krankenversicherungstarif, unsere Partnersuche &#8211; sie wissen alles \u00fcber uns. Aber was wissen wir eigentlich \u00fcber sie? Kenza Ait Si Abbou Lyadini ist Managerin f\u00fcr Robotik und K\u00fcnstliche Intelligenz &#8211; als eine von wenigen Frauen in diesem Bereich. In der NDR Talk Show am 4. Juni erkl\u00e4rt die geb\u00fcrtige Marokkanerin, warum wir keine Angst vor der Technik haben m\u00fcssen und warum sie sich daf\u00fcr einsetzt, dass mehr M\u00e4dchen das Programmieren lernen.<\/p>\n<div class=\"contentbox voll\" style=\"text-align: justify;\">\n<div class=\"textpadding\"><\/div>\n<\/div>\n<h2><\/h2>\n<p>&nbsp;<\/p>\n<p>&nbsp;<\/p>\n<p>&nbsp;<\/p>\n<p>&nbsp;<\/p>\n<h2 style=\"text-align: justify;\">Piet Klocke, Kabarettist und Musiker<\/h2>\n<div class=\"contentimage w50\" style=\"text-align: justify;\"><\/div>\n<div style=\"text-align: justify;\"><\/div>\n<p style=\"text-align: justify;\">Dieser Mann bezeichnet sich selbst als\u00a0&#8222;Vollzeit-Chaot&#8220;, &#8222;Berufs-Wahnsinniger&#8220; oder wahlweise als &#8222;Welt-Missversteher&#8220;: Piet Klocke nimmt seine Fans mittlerweile seit Jahrzehnten mit in seine abstruse Gedankenwelt. Endlose Ketten von Assoziationen, Ideen und Geschichten machen es ihm nicht immer leicht, die begonnenen S\u00e4tze zu Ende zu bringen. Nach seiner Zeit als Gr\u00fcndungsmitglied des Musiktheaters Kamikaze Orkester und mehreren Jahren Reiserei als Bandmitglied sowie als Film- und Fernsehmusiker, wurde der im Ruhrgebiet geb\u00fcrtige Piet Klocke als Kom\u00f6diant in ganz Deutschland bekannt. In seinem neuem Buch hat er sein gesammeltes Nichtwissen \u00fcber das nicht immer leichte Leben notiert, denn, wie er sagt: &#8222;F\u00fcr&#8217;s Leben muss man geboren sein!&#8220;<\/p>\n<p>&nbsp;<\/p>\n<p>&nbsp;<\/p>\n<p>&nbsp;<\/p>\n<p>&nbsp;<\/p>\n<p>&nbsp;<\/p>\n<h2 style=\"text-align: justify;\">Michel Abdollahi, Journalist<\/h2>\n<div class=\"contentimage w50\" style=\"text-align: justify;\"><\/div>\n<p style=\"text-align: justify;\">F\u00fcr seine ARD-Reportage &#8222;Im Nazidorf&#8220; wurde der Journalist Michel Abdollahi mit dem Deutschen Fernsehpreis ausgezeichnet und sein Buch &#8222;Deutschland schafft mich&#8220; war ein Spiegel-Bestseller. Jetzt hat sich der 40-J\u00e4hrige auf die Suche nach den Hintergr\u00fcnden und Hinterm\u00e4nnern des illegalen Handels mit Menschenaffen gemacht. In den Tiefen des Kongo-Beckens suchte er gemeinsam mit ehemaligen Wilderern die letzten lebenden Exemplare der Bonobos, der kleinsten Menschenaffenart. Er findet aber nur eine von Wilderern erschossene Bonobo-Mutter. Denn f\u00fcr jedes Affenbaby, das in Zoos oder als Haustier endet, sterben im Schnitt zehn erwachsene Affen. Sein bereits mehrfach international ausgezeichneter Film &#8222;Planet ohne Affen&#8220; l\u00e4uft am 7. Juni um 20:15 Uhr im Ersten. Was er bei seinen Recherchen \u00fcber die vom Aussterben bedrohte Menschenaffenart in den USA, den Vereinigten Arabischen Emiraten und Thailand alles erlebt hat, das erz\u00e4hlt Michel Abdollahi in der NDR Talk Show.<\/p>\n<div class=\"image-container\"><\/div>\n<div><\/div>\n<div><\/div>\n<div><\/div>\n<div><\/div>\n<div><\/div>\n<h2 style=\"text-align: justify;\">Gerrit und Frederik Braun, Erfinder und Betreiber vom Miniatur Wunderland<\/h2>\n<div class=\"contentimage w50\" style=\"text-align: justify;\"><\/div>\n<div style=\"text-align: justify;\"><\/div>\n<p style=\"text-align: justify;\">Eine der beliebtesten Attraktionen Deutschlands ist das &#8222;Miniatur Wunderland&#8220; von \u00a0Gerrit und Frederik Braun. Sie sind die Erfinder und Betreiber dieser kleinen Wunderwelt in der Hamburger Speicherstadt. Den Braun-Br\u00fcdern reichte nie ein kleiner Ausschnitt &#8211; es musste die ganze Welt abgebildet werden. In diesem Sommer wird Monaco fertig gestellt. Das Miniatur Wunderland ist viel mehr als eine Modelleisenbahn. Auf 1.500 Quadratmetern fahren Z\u00fcge, LKWs und Schiffe und starten Flugzeuge. Besonders beliebt bei Besuchern aus dem Ausland sind\u00a0das Schloss Neuschwanstein, der K\u00f6lner Dom und die Elbphilharmonie.\u00a0Am 16. August wird das Miniatur Wunderland schon 20 Jahre alt &#8211; wie sie das feiern und wie ihnen diese Erfolgsgeschichte gelungen ist, erz\u00e4hlen Gerrit und Frederik Braun in der NDR Talk Show.<\/p>\n<p>&nbsp;<\/p>\n<p>&nbsp;<\/p>\n<p>&nbsp;<\/p>\n<p>&nbsp;<\/p>\n<p>&nbsp;<\/p>\n<h2 style=\"text-align: justify;\">Meret Becker, Schauspielerin<\/h2>\n<div class=\"contentimage w50\" style=\"text-align: justify;\"><\/div>\n<p style=\"text-align: justify;\">Meret Becker hat das geballte Talent ihrer Schauspiel-Familie geerbt, geb\u00fcndelt und perfektioniert. Mutter Monika Hansen, Vater Rolf, Stiefvater Otto Sander und Bruder Ben &#8211; alle waren und sind Ausnahmek\u00fcnstler:innen, wie sie selbst. Ihre Rolle in &#8222;Kleine Haie&#8220; 1992 war der Beginn ihrer gro\u00dfen Laufbahn. Sie machte sich auch als S\u00e4ngerin einen gro\u00dfen Namen. Nach zahlreichen Filmen und B\u00fchnenerfolgen war sie zuletzt als Schauspieldiva Esther Kasabian in &#8222;Babylon Berlin&#8220; zu sehen. Seit 2015 ist sie als Tatort-Kommissarin Nina Rubin in Berlin unterwegs. <a title=\"Link: Link zur Sendungsseite auf daserste.de\" href=\"https:\/\/www.daserste.de\/unterhaltung\/krimi\/tatort\/sendung\/die-dritte-haut-100.html\" target=\"_blank\" rel=\"noopener\">&#8222;Die dritte Haut&#8220;<\/a> hei\u00dft der n\u00e4chste Tatort mit ihr. Leider einer der letzten, denn zum Jahresende h\u00f6rt sie auf. Warum, und welche anderen spannenden Projekte sie nun angeht, erz\u00e4hlt Meret Becker in der NDR Talk Show.<\/p>\n<p>&nbsp;<\/p>\n<p>&nbsp;<\/p>\n<p>&nbsp;<\/p>\n<figure id=\"attachment_166292\" aria-describedby=\"caption-attachment-166292\" style=\"width: 800px\" class=\"wp-caption alignnone\"><img decoding=\"async\" loading=\"lazy\" class=\"size-large wp-image-166292\" src=\"https:\/\/smago.de\/ws2\/wp-content\/uploads\/2021\/06\/3_NDR_Talk_Show_aus_Hannover_2019-800x448.jpg\" alt=\"\" width=\"800\" height=\"448\" srcset=\"https:\/\/smago.de\/ws2\/wp-content\/uploads\/2021\/06\/3_NDR_Talk_Show_aus_Hannover_2019-800x448.jpg 800w, https:\/\/smago.de\/ws2\/wp-content\/uploads\/2021\/06\/3_NDR_Talk_Show_aus_Hannover_2019-522x292.jpg 522w, https:\/\/smago.de\/ws2\/wp-content\/uploads\/2021\/06\/3_NDR_Talk_Show_aus_Hannover_2019-268x150.jpg 268w, https:\/\/smago.de\/ws2\/wp-content\/uploads\/2021\/06\/3_NDR_Talk_Show_aus_Hannover_2019-768x430.jpg 768w, https:\/\/smago.de\/ws2\/wp-content\/uploads\/2021\/06\/3_NDR_Talk_Show_aus_Hannover_2019-1536x860.jpg 1536w, https:\/\/smago.de\/ws2\/wp-content\/uploads\/2021\/06\/3_NDR_Talk_Show_aus_Hannover_2019-2048x1147.jpg 2048w, https:\/\/smago.de\/ws2\/wp-content\/uploads\/2021\/06\/3_NDR_Talk_Show_aus_Hannover_2019-392x220.jpg 392w, https:\/\/smago.de\/ws2\/wp-content\/uploads\/2021\/06\/3_NDR_Talk_Show_aus_Hannover_2019-130x73.jpg 130w, https:\/\/smago.de\/ws2\/wp-content\/uploads\/2021\/06\/3_NDR_Talk_Show_aus_Hannover_2019-794x445.jpg 794w, https:\/\/smago.de\/ws2\/wp-content\/uploads\/2021\/06\/3_NDR_Talk_Show_aus_Hannover_2019-870x487.jpg 870w, https:\/\/smago.de\/ws2\/wp-content\/uploads\/2021\/06\/3_NDR_Talk_Show_aus_Hannover_2019-292x164.jpg 292w, https:\/\/smago.de\/ws2\/wp-content\/uploads\/2021\/06\/3_NDR_Talk_Show_aus_Hannover_2019-435x244.jpg 435w\" sizes=\"(max-width: 800px) 100vw, 800px\" \/><figcaption id=\"caption-attachment-166292\" class=\"wp-caption-text\"><em>\u00a9 NDR \/ Hendrik L\u00fcders<\/em><\/figcaption><\/figure>\n","protected":false},"excerpt":{"rendered":"<p>NDR fernsehen + hr fernsehen, 22:00 Uhr &#8211; 00:00 Uhr! Moderation: Bettina Tietjen und J\u00f6rg Pilawa!<\/p>\n","protected":false},"author":2,"featured_media":166292,"comment_status":"open","ping_status":"closed","sticky":false,"template":"","format":"standard","meta":{"_FSMCFIC_featured_image_caption":"","_FSMCFIC_featured_image_nocaption":"","_FSMCFIC_featured_image_hide":""},"categories":[3,128],"tags":[254],"acf":[],"_links":{"self":[{"href":"https:\/\/smago.de\/ws2\/wp-json\/wp\/v2\/posts\/166291"}],"collection":[{"href":"https:\/\/smago.de\/ws2\/wp-json\/wp\/v2\/posts"}],"about":[{"href":"https:\/\/smago.de\/ws2\/wp-json\/wp\/v2\/types\/post"}],"author":[{"embeddable":true,"href":"https:\/\/smago.de\/ws2\/wp-json\/wp\/v2\/users\/2"}],"replies":[{"embeddable":true,"href":"https:\/\/smago.de\/ws2\/wp-json\/wp\/v2\/comments?post=166291"}],"version-history":[{"count":2,"href":"https:\/\/smago.de\/ws2\/wp-json\/wp\/v2\/posts\/166291\/revisions"}],"predecessor-version":[{"id":166294,"href":"https:\/\/smago.de\/ws2\/wp-json\/wp\/v2\/posts\/166291\/revisions\/166294"}],"wp:featuredmedia":[{"embeddable":true,"href":"https:\/\/smago.de\/ws2\/wp-json\/wp\/v2\/media\/166292"}],"wp:attachment":[{"href":"https:\/\/smago.de\/ws2\/wp-json\/wp\/v2\/media?parent=166291"}],"wp:term":[{"taxonomy":"category","embeddable":true,"href":"https:\/\/smago.de\/ws2\/wp-json\/wp\/v2\/categories?post=166291"},{"taxonomy":"post_tag","embeddable":true,"href":"https:\/\/smago.de\/ws2\/wp-json\/wp\/v2\/tags?post=166291"}],"curies":[{"name":"wp","href":"https:\/\/api.w.org\/{rel}","templated":true}]}}