{"id":166034,"date":"2021-05-27T23:59:50","date_gmt":"2021-05-27T21:59:50","guid":{"rendered":"https:\/\/smago.de\/ws2\/?p=166034"},"modified":"2021-05-27T14:05:28","modified_gmt":"2021-05-27T12:05:28","slug":"isabel-varell-u-a-freitag-28-05-2021-zum-thema-von-schuld-und-verzeihen-in-der-talk-show-nachtcafe-zu-gast-wh-v-2020","status":"publish","type":"post","link":"https:\/\/smago.de\/ws2\/schlager\/isabel-varell-u-a-freitag-28-05-2021-zum-thema-von-schuld-und-verzeihen-in-der-talk-show-nachtcafe-zu-gast-wh-v-2020\/","title":{"rendered":"ISABEL VARELL u.a. <br>Freitag (28.05.2021) zum Thema &#8222;Von Schuld und Verzeihen&#8220; in der Talk-Show &#8222;NACHTCAF\u00c9&#8220; zu Gast! (Wh. v. 2020!)!"},"content":{"rendered":"<p>SWR Fernsehen, 22:00 Uhr &#8211; 23:30 Uhr! Moderation: Michael Steinbrecher!<br \/>\n<!--more--><\/p>\n<h1 style=\"text-align: justify;\"><\/h1>\n<p>&nbsp;<\/p>\n<p>&nbsp;<\/p>\n<p class=\"lead\" style=\"text-align: justify;\">\u201eDas kann ich\u00a0mir\u00a0nie verzeihen!\u201c\u00a0Schuldgef\u00fchle k\u00f6nnen lange Schatten auf das Leben werfen, sie beeinflussen k\u00fcnftige Entscheidungen und qu\u00e4len Menschen manchmal ein Leben lang.<\/p>\n<p>&nbsp;<\/p>\n<p>&nbsp;<\/p>\n<p>&nbsp;<\/p>\n<p>&nbsp;<\/p>\n<div class=\"bodytext\" style=\"text-align: justify;\">\n<h2>Die G\u00e4ste bei Michael Steinbrecher:<\/h2>\n<\/div>\n<p>&nbsp;<\/p>\n<p>&nbsp;<\/p>\n<p>&nbsp;<\/p>\n<div class=\"bodytext\" style=\"text-align: justify;\">\n<p style=\"text-align: justify;\"><strong>Isabel Varell<\/strong><\/p>\n<p>&nbsp;<\/p>\n<p style=\"text-align: justify;\">Die Kindheit von Isabel Varell war\u00a0von Gewalt\u00a0gepr\u00e4gt.\u00a0Ob schlechte Noten oder\u00a0Partys mit Freunden\u00a0&#8211; als junges M\u00e4dchen wurde\u00a0sie\u00a0st\u00e4ndig bestraft, geschlagen und gedem\u00fctigt.\u00a0\u201cMeine Mutter\u00a0gab\u00a0mir immer das Gef\u00fchl, dass ich nichts kann, strunz dumm\u00a0bin\u00a0und in der Gosse landen werde.\u201c\u00a0Bis heute f\u00e4llt es\u00a0der Moderatorin\u00a0schwer,\u00a0ihr\u00a0zu verzeihen.<\/p>\n<\/div>\n<p>&nbsp;<\/p>\n<p>&nbsp;<\/p>\n<p>&nbsp;<\/p>\n<div class=\"bodytext\" style=\"text-align: justify;\">\n<p>&nbsp;<\/p>\n<p style=\"text-align: justify;\"><strong>Franz Sch\u00f6nmoser<\/strong><\/p>\n<p>&nbsp;<\/p>\n<p style=\"text-align: justify;\">Franz\u00a0Sch\u00f6nmoser\u00a0ist das Schlimmste passiert, was sich ein Gro\u00dfvater vorstellen kann.\u00a0Auf seinem Bauernhof \u00fcberrollte er mit einem Radlader\u00a0seine\u00a0eigene Enkelin. Seitdem begleiten\u00a0ihn die Trauer und das\u00a0Schuldgef\u00fchl\u00a0am\u00a0tragischen Tod der Siebenj\u00e4hrigen:\u00a0\u201cIch kann es mir nicht erkl\u00e4ren, warum ich da nicht besser aufgepasst habe.\u201c<\/p>\n<\/div>\n<p>&nbsp;<\/p>\n<p>&nbsp;<\/p>\n<p>&nbsp;<\/p>\n<div class=\"bodytext\" style=\"text-align: justify;\">\n<p style=\"text-align: justify;\"><strong>Katrin Biber<\/strong><\/p>\n<p>&nbsp;<\/p>\n<\/div>\n<div class=\"bodytext\" style=\"text-align: justify;\">\n<p style=\"text-align: justify;\">Nachdem\u00a0die Schwester von Katrin Biber \u00a0nach einer Party verschwand,\u00a0f\u00fchrte\u00a0nach einer langen Suchaktion\u00a0die Spur zu ihrem damaligen Freund.\u00a0Trotz der Wut und aufgekommener Schuldzuweisungen innerhalb der eigenen Familie\u00a0geht Katrin Biber heute\u00a0positiv durchs Leben:\u00a0\u201cWichtiger als dem M\u00f6rder zu verzeihen ist es, mir selbst zu vergeben und wieder mit mir ins Reine zu kommen.\u201c<\/p>\n<\/div>\n<p>&nbsp;<\/p>\n<p>&nbsp;<\/p>\n<p>&nbsp;<\/p>\n<p>&nbsp;<\/p>\n<div class=\"bodytext\" style=\"text-align: justify;\">\n<p style=\"text-align: justify;\"><strong>Mike Fuchs<\/strong><\/p>\n<\/div>\n<p>&nbsp;<\/p>\n<div class=\"bodytext\" style=\"text-align: justify;\">\n<p style=\"text-align: justify;\">Mike Fuchs war gemeinsam mit einer Bergkameradin\u00a0auf einer Expedition\u00a0in Alaska, als beide in einen schweren Sturm gerieten.\u00a0Es begann ein Kampf ums \u00dcberleben,\u00a0bis\u00a0er\u00a0pl\u00f6tzlich\u00a0Sylvia\u00a0aus den Augen verlor.\u00a0Die Bergsteigerin\u00a0kehrte von der\u00a0Tour\u00a0nicht zur\u00fcck.\u00a0\u201cIch frage mich immer noch was w\u00e4re, wenn ich mich mal zehn Sekunden fr\u00fcher umgedreht h\u00e4tte\u201c, so der\u00a0Extremsportler.<\/p>\n<\/div>\n<p>&nbsp;<\/p>\n<p>&nbsp;<\/p>\n<p>&nbsp;<\/p>\n<p>&nbsp;<\/p>\n<div class=\"bodytext\">\n<p style=\"text-align: justify;\"><strong>Michaela Huber<\/strong><\/p>\n<p style=\"text-align: justify;\"><strong><br \/>\n<\/strong>Die Suche nach der Verantwortlichkeit ist das zentrale Thema von Trauma- und Psychotherapeutin Michaela Huber:\u00a0\u201eSchuldgef\u00fchle k\u00f6nnen sehr lange Schatten auf das Leben werfen\u00a0und sogar \u00fcber Generationen weitergegeben werden.\u00a0Die Zerrissenheit zwischen Selbstvorw\u00fcrfen, Gewissensbissen und tiefem Schmerz kann die Betroffenen f\u00f6rmlich auffressen.\u201c<\/p>\n<\/div>\n<p>&nbsp;<\/p>\n<p>&nbsp;<\/p>\n<figure id=\"attachment_146562\" aria-describedby=\"caption-attachment-146562\" style=\"width: 800px\" class=\"wp-caption alignnone\"><img decoding=\"async\" loading=\"lazy\" class=\"size-large wp-image-146562\" src=\"https:\/\/smago.de\/ws2\/wp-content\/uploads\/2020\/05\/6_Nachtcafe_2017-800x480.jpg\" alt=\"\" width=\"800\" height=\"480\" srcset=\"https:\/\/smago.de\/ws2\/wp-content\/uploads\/2020\/05\/6_Nachtcafe_2017-800x480.jpg 800w, https:\/\/smago.de\/ws2\/wp-content\/uploads\/2020\/05\/6_Nachtcafe_2017-522x313.jpg 522w, https:\/\/smago.de\/ws2\/wp-content\/uploads\/2020\/05\/6_Nachtcafe_2017-250x150.jpg 250w, https:\/\/smago.de\/ws2\/wp-content\/uploads\/2020\/05\/6_Nachtcafe_2017-768x461.jpg 768w, https:\/\/smago.de\/ws2\/wp-content\/uploads\/2020\/05\/6_Nachtcafe_2017-1536x922.jpg 1536w, https:\/\/smago.de\/ws2\/wp-content\/uploads\/2020\/05\/6_Nachtcafe_2017-2048x1229.jpg 2048w, https:\/\/smago.de\/ws2\/wp-content\/uploads\/2020\/05\/6_Nachtcafe_2017-392x235.jpg 392w, https:\/\/smago.de\/ws2\/wp-content\/uploads\/2020\/05\/6_Nachtcafe_2017-130x78.jpg 130w, https:\/\/smago.de\/ws2\/wp-content\/uploads\/2020\/05\/6_Nachtcafe_2017-742x445.jpg 742w, https:\/\/smago.de\/ws2\/wp-content\/uploads\/2020\/05\/6_Nachtcafe_2017-870x522.jpg 870w, https:\/\/smago.de\/ws2\/wp-content\/uploads\/2020\/05\/6_Nachtcafe_2017-292x175.jpg 292w, https:\/\/smago.de\/ws2\/wp-content\/uploads\/2020\/05\/6_Nachtcafe_2017-435x261.jpg 435w\" sizes=\"(max-width: 800px) 100vw, 800px\" \/><figcaption id=\"caption-attachment-146562\" class=\"wp-caption-text\">Foto-Credit: SWR \/ Tom Oettle<\/figcaption><\/figure>\n","protected":false},"excerpt":{"rendered":"<p>SWR Fernsehen, 22:00 Uhr &#8211; 23:30 Uhr! Moderation: Michael Steinbrecher!<\/p>\n","protected":false},"author":2,"featured_media":146562,"comment_status":"open","ping_status":"closed","sticky":false,"template":"","format":"standard","meta":{"_FSMCFIC_featured_image_caption":"","_FSMCFIC_featured_image_nocaption":"","_FSMCFIC_featured_image_hide":""},"categories":[29,128],"tags":[],"acf":[],"_links":{"self":[{"href":"https:\/\/smago.de\/ws2\/wp-json\/wp\/v2\/posts\/166034"}],"collection":[{"href":"https:\/\/smago.de\/ws2\/wp-json\/wp\/v2\/posts"}],"about":[{"href":"https:\/\/smago.de\/ws2\/wp-json\/wp\/v2\/types\/post"}],"author":[{"embeddable":true,"href":"https:\/\/smago.de\/ws2\/wp-json\/wp\/v2\/users\/2"}],"replies":[{"embeddable":true,"href":"https:\/\/smago.de\/ws2\/wp-json\/wp\/v2\/comments?post=166034"}],"version-history":[{"count":2,"href":"https:\/\/smago.de\/ws2\/wp-json\/wp\/v2\/posts\/166034\/revisions"}],"predecessor-version":[{"id":166036,"href":"https:\/\/smago.de\/ws2\/wp-json\/wp\/v2\/posts\/166034\/revisions\/166036"}],"wp:featuredmedia":[{"embeddable":true,"href":"https:\/\/smago.de\/ws2\/wp-json\/wp\/v2\/media\/146562"}],"wp:attachment":[{"href":"https:\/\/smago.de\/ws2\/wp-json\/wp\/v2\/media?parent=166034"}],"wp:term":[{"taxonomy":"category","embeddable":true,"href":"https:\/\/smago.de\/ws2\/wp-json\/wp\/v2\/categories?post=166034"},{"taxonomy":"post_tag","embeddable":true,"href":"https:\/\/smago.de\/ws2\/wp-json\/wp\/v2\/tags?post=166034"}],"curies":[{"name":"wp","href":"https:\/\/api.w.org\/{rel}","templated":true}]}}