{"id":166027,"date":"2021-05-27T23:59:52","date_gmt":"2021-05-27T21:59:52","guid":{"rendered":"https:\/\/smago.de\/ws2\/?p=166027"},"modified":"2021-05-27T13:52:29","modified_gmt":"2021-05-27T11:52:29","slug":"gil-ofarim-u-a-freitag-28-05-2021-in-der-ndr-talk-show-zu-gast","status":"publish","type":"post","link":"https:\/\/smago.de\/ws2\/deutsch-rock\/gil-ofarim-u-a-freitag-28-05-2021-in-der-ndr-talk-show-zu-gast\/","title":{"rendered":"GIL OFARIM u.a. <br>Freitag (28.05.2021) in der &#8222;NDR Talk Show&#8220; zu Gast!"},"content":{"rendered":"<p style=\"text-align: justify;\">NDR fernsehen, 22:00 Uhr &#8211; 00:15 Uhr + hr fernsehen, 22:00 Uhr &#8211; 00:00 Uhr! Moderation: Barbara Sch\u00f6neberger und Hubertus Meyer-Burckhardt!<br \/>\n<!--more--><\/p>\n<p>&nbsp;<\/p>\n<p>&nbsp;<\/p>\n<p>&nbsp;<\/p>\n<h2 style=\"text-align: justify;\">Maria Furtw\u00e4ngler, Schauspielerin<\/h2>\n<div class=\"contentimage w50\" style=\"text-align: justify;\"><\/div>\n<div style=\"text-align: justify;\"><\/div>\n<p style=\"text-align: justify;\">Maria Furtw\u00e4ngler ist als &#8222;Tatort&#8220;-Kommissarin\u00a0seit 2002 eine feste TV-Gr\u00f6\u00dfe. Dass sie auch eine kom\u00f6diantische Seite hat, zeigt die Schauspielerin in ihrer Rolle als Fahrschullehrerin Beate Harzer in der Comedy-Serie &#8222;Ausgebremst&#8220;. Die inzwischen zweite Staffel des Formats l\u00e4uft ab dem 30. Mai im Ersten. &#8222;Ausgebremst&#8220; spiegelt die Bedingungen des Lockdowns, denn die Protagonisten begegnen sich fast nur am Computer. Autoren und Schauspieler verzichten auf ihre Gage, das Geld geht an die Aktion #KunstNothilfe, welche von der Corona-Pandemie stark betroffene Kunst- und Kulturschaffende unterst\u00fctzt. Und auf noch etwas m\u00f6chte Maria Furtw\u00e4ngler hinweisen, die sich stark f\u00fcr eine gleichberechtigte Gesellschaft einsetzt: Gerade w\u00e4hrend des Corona-Lockdowns habe sich gezeigt, dass es Doppelstandards bei den Geschlechtern gebe: &#8222;Beim Homeschooling in der Pandemie ist ganz klar, wer letztlich zu Hause bleibt: die Frau. Die Frauen m\u00fcssten zusehen, dass alles l\u00e4uft. Und zwar vollkommen unabh\u00e4ngig davon, in welcher sozialen Schicht sich das abspielt&#8220;, kritisiert die Schauspielerin.<\/p>\n<p>&nbsp;<\/p>\n<p>&nbsp;<\/p>\n<p>&nbsp;<\/p>\n<p>&nbsp;<\/p>\n<p>&nbsp;<\/p>\n<h2 style=\"text-align: justify;\">Bastian Pastewka, Komiker<\/h2>\n<div class=\"contentimage w50\" style=\"text-align: justify;\"><\/div>\n<p style=\"text-align: justify;\">Ein Schie\u00dfeisen im Geigenkasten, eine Giftspinne als Hochzeitsgeschenk, eine Hinrichtung mit einer b\u00f6sen \u00dcberraschung und ein G\u00e4nsehaut verursachender Anruf nachts um 3 Uhr &#8211; Bastian Pastewka, der Kenner der anspruchsvollen Krimi-Unterhaltung, pr\u00e4sentiert in seinem Podcast &#8222;Kein Mucks!&#8220; spannende Kriminalh\u00f6rspiele der 1950er- bis 80er-Jahre. Im Sommer 2020 startete das humoristische Multitalent Pastewka seine 29-teilige Podcast-Reihe. Mit Expertise, Begeisterung und jeder Menge Witz pr\u00e4sentiert und kommentiert der H\u00f6rspiel-Liebhaber Bastian Pastewka Kult-Thriller aus den Archiven von Radio Bremen.<\/p>\n<p>&nbsp;<\/p>\n<p>&nbsp;<\/p>\n<p>&nbsp;<\/p>\n<p>&nbsp;<\/p>\n<p>&nbsp;<\/p>\n<h2 style=\"text-align: justify;\">Dr. Eckart von Hirschhausen, Wissenschaftsjournalist und Autor<\/h2>\n<div class=\"contentimage w50\" style=\"text-align: justify;\"><\/div>\n<p style=\"text-align: justify;\">Die Lage ist ernst, sagt Eckart von Hirschhausen, aber wir k\u00f6nnen etwas tun. In seinem neuen Buch &#8222;Mensch, Erde!&#8220; erkl\u00e4rt der Arzt und Wissenschaftsjournalist, warum es gesunde Menschen nur auf einer gesunden Erde gibt. Eckart von Hirschhausen macht sich auf die Suche nach Ideen f\u00fcr eine bessere Welt: Verbrauchen wir so viel, weil wir nicht wissen, was wir wirklich brauchen? Bringt uns ausgerechnet unser Wunsch nach individueller Unsterblichkeit kollektiv um? Und kann man \u00fcber all diese menschlichen Widerspr\u00fcche nicht auch lachen? Die Antworten gibt der 53-J\u00e4hrige in der NDR Talk Show.<\/p>\n<p>&nbsp;<\/p>\n<p>&nbsp;<\/p>\n<p>&nbsp;<\/p>\n<p>&nbsp;<\/p>\n<h2 style=\"text-align: justify;\">Gil Ofarim, S\u00e4nger<\/h2>\n<div class=\"contentimage w50\" style=\"text-align: justify;\"><\/div>\n<p style=\"text-align: justify;\">Gil Ofarim ist ein Multitalent: Als Teil einer gro\u00dfen K\u00fcnstlerfamilie und Sohn des israelischen Superstars Abi Ofarim ver\u00f6ffentlichte er schon vor 20 Jahren Hits und wird zum umjubelten Teenie-Schwarm. Er verkauft f\u00fcnf Millionen Tontr\u00e4ger und reist um die ganze Welt. Musik macht er bis heute erfolgreich und seit seinem letzten Album &#8222;Alles auf Hoffnung&#8220; sogar auf deutsch. Neben seiner B\u00fchnenkarriere f\u00e4llt der 38-J\u00e4hrige auch durch seinen Hang zum Siegertreppchen auf: Ob &#8222;It takes 2&#8220;, &#8222;The Masked Singer&#8220; oder &#8222;Let&#8217;s Dance&#8220; &#8211; die vorderen Pl\u00e4tze sind ihm sicher. In seinem ersten Buch &#8222;Freiheit in mir&#8220; erz\u00e4hlt der zweifache Vater von fast 40 Jahren traumhafter Erfolge und magischer Momente voller Liebe und Gl\u00fcck, aber auch von R\u00fcckschl\u00e4gen, Entt\u00e4uschungen, Zweifeln und Trauer. Was in seinem Leben mittlerweile wirklich z\u00e4hlt und wie sich Freiheit f\u00fcr ihn anf\u00fchlt, erz\u00e4hlt Gil Ofarim in der NDR Talk Show.<\/p>\n<p>&nbsp;<\/p>\n<p>&nbsp;<\/p>\n<p>&nbsp;<\/p>\n<p>&nbsp;<\/p>\n<p>&nbsp;<\/p>\n<h2 style=\"text-align: justify;\">Omer Meir Wellber, Dirigent<\/h2>\n<div class=\"contentimage w50\" style=\"text-align: justify;\"><\/div>\n<p style=\"text-align: justify;\">Er geh\u00f6rt zu den besten Dirigenten seiner Generation: Omer Meir Wellber. Geboren 1981 in der israelischen Gro\u00dfstadt Be&#8217;er Sheva, beginnt er als F\u00fcnfj\u00e4hriger mit Klavier- und Akkordeonunterricht, mit neun Jahren f\u00e4ngt er an zu komponieren. Heute ist er Erster Gastdirigent an der Semperoper, Chefdirigent des BBC Philharmonic in Manchester und Musikdirektor am Teatro Massimo in Palermo. Wie sich der 39-J\u00e4hrige zus\u00e4tzlich f\u00fcr die Wohlt\u00e4tigkeitsorganisation &#8222;Save A Child&#8217;s Heart&#8220; einsetzt und dass er die Pegida-Demonstranten in Dresden schon mal in die Oper einl\u00e4dt, davon berichtet Omer Meir Wellber am 28. Mai in der NDR Talk Show.<\/p>\n<p>&nbsp;<\/p>\n<p>&nbsp;<\/p>\n<p>&nbsp;<\/p>\n<p>&nbsp;<\/p>\n<p>&nbsp;<\/p>\n<h2 style=\"text-align: justify;\">Sophie von Bechtolsheim, Historikerin<\/h2>\n<div class=\"contentimage w50\" style=\"text-align: justify;\"><\/div>\n<div style=\"text-align: justify;\"><\/div>\n<p style=\"text-align: justify;\">Die Historikerin und Kommunikationswissenschaftlerin Sophie von Bechtolsheim ist die Enkeltochter von Claus Schenk Graf von Stauffenberg, der am 20. Juli 1944 versuchte, Hitler mit einem Sprengsatz zu t\u00f6ten. \u00dcber ihren Gro\u00dfvater hat die 52-J\u00e4hrige ein erfolgreiches Buch geschrieben. Nach der Ver\u00f6ffentlichung von &#8222;Stauffenberg: Mein Gro\u00dfvater war kein Attent\u00e4ter&#8220; meldeten sich viele Menschen bei ihr und erz\u00e4hlten die Geschichten ihrer Familien in der Nazizeit: Manche waren Nachfahren von T\u00e4tern, manche von Opfern des NS-Regimes. In ihrem neuen Buch &#8222;Stauffenberg. Folgen&#8220; hat sie nun zw\u00f6lf dieser vom Nationalsozialismus gepr\u00e4gten Lebensgeschichten versammelt. Jeder trage einen historischen &#8222;Rucksack&#8220; mit sich, sagt Bechtolsheim, n\u00e4mlich &#8222;dass wir alle unsere Geschichte erben, und zwar die gro\u00dfe, allgemeine, aber auch das, was in den Familien passiert ist.&#8220;<\/p>\n<p>&nbsp;<\/p>\n<p>&nbsp;<\/p>\n<p>&nbsp;<\/p>\n<p>&nbsp;<\/p>\n<p>&nbsp;<\/p>\n<h2 style=\"text-align: justify;\">Olaf Scholz, Politiker und SPD-Kanzlerkandidat<\/h2>\n<div class=\"contentimage w50\" style=\"text-align: justify;\"><\/div>\n<p style=\"text-align: justify;\">Er ist ein echter Hamburger Jung: der SPD-Kanzlerkandidat Olaf Scholz. Der 62-J\u00e4hrige wuchs als \u00c4ltestes von drei Kindern in Rahlstedt auf. Schon als Gymnasiast trat er 1975 in die SPD ein &#8211; 36 Jahre sp\u00e4ter wurde er Erster B\u00fcrgermeister der Hansestadt. Heute lebt Scholz als Finanzminister in Potsdam. Wie er auf seine turbulenten Jahre im Hamburger Rathaus zur\u00fcckblickt und wie er aktuell im Kampf um die Kanzlerkandidatur entspannt ohne seinem Lieblingshobby &#8211; dem Rudern auf der Alster &#8211; nachgehen zu k\u00f6nnen, all das verr\u00e4t Scholz am 28. Mai in der NDR Talk Show.<\/p>\n<p>&nbsp;<\/p>\n<p>&nbsp;<\/p>\n<p>&nbsp;<\/p>\n<figure id=\"attachment_159500\" aria-describedby=\"caption-attachment-159500\" style=\"width: 800px\" class=\"wp-caption alignnone\"><img decoding=\"async\" loading=\"lazy\" class=\"size-large wp-image-159500\" src=\"https:\/\/smago.de\/ws2\/wp-content\/uploads\/2021\/01\/4_NDR_Talk_Show_2016-800x534.jpg\" alt=\"\" width=\"800\" height=\"534\" srcset=\"https:\/\/smago.de\/ws2\/wp-content\/uploads\/2021\/01\/4_NDR_Talk_Show_2016-800x534.jpg 800w, https:\/\/smago.de\/ws2\/wp-content\/uploads\/2021\/01\/4_NDR_Talk_Show_2016-522x348.jpg 522w, https:\/\/smago.de\/ws2\/wp-content\/uploads\/2021\/01\/4_NDR_Talk_Show_2016-225x150.jpg 225w, https:\/\/smago.de\/ws2\/wp-content\/uploads\/2021\/01\/4_NDR_Talk_Show_2016-768x512.jpg 768w, https:\/\/smago.de\/ws2\/wp-content\/uploads\/2021\/01\/4_NDR_Talk_Show_2016-1536x1024.jpg 1536w, https:\/\/smago.de\/ws2\/wp-content\/uploads\/2021\/01\/4_NDR_Talk_Show_2016-2048x1366.jpg 2048w, https:\/\/smago.de\/ws2\/wp-content\/uploads\/2021\/01\/4_NDR_Talk_Show_2016-392x261.jpg 392w, https:\/\/smago.de\/ws2\/wp-content\/uploads\/2021\/01\/4_NDR_Talk_Show_2016-130x87.jpg 130w, https:\/\/smago.de\/ws2\/wp-content\/uploads\/2021\/01\/4_NDR_Talk_Show_2016-667x445.jpg 667w, https:\/\/smago.de\/ws2\/wp-content\/uploads\/2021\/01\/4_NDR_Talk_Show_2016-783x522.jpg 783w, https:\/\/smago.de\/ws2\/wp-content\/uploads\/2021\/01\/4_NDR_Talk_Show_2016-285x190.jpg 285w, https:\/\/smago.de\/ws2\/wp-content\/uploads\/2021\/01\/4_NDR_Talk_Show_2016-435x290.jpg 435w, https:\/\/smago.de\/ws2\/wp-content\/uploads\/2021\/01\/4_NDR_Talk_Show_2016-150x100.jpg 150w, https:\/\/smago.de\/ws2\/wp-content\/uploads\/2021\/01\/4_NDR_Talk_Show_2016-370x247.jpg 370w\" sizes=\"(max-width: 800px) 100vw, 800px\" \/><figcaption id=\"caption-attachment-159500\" class=\"wp-caption-text\"><em>Foto-Credit: NDR \/ Uwe Ernst<\/em><\/figcaption><\/figure>\n","protected":false},"excerpt":{"rendered":"<p>NDR fernsehen, 22:00 Uhr &#8211; 00:15 Uhr + hr fernsehen, 22:00 Uhr &#8211; 00:00 Uhr! Moderation: Barbara Sch\u00f6neberger und Hubertus<\/p>\n","protected":false},"author":2,"featured_media":159500,"comment_status":"open","ping_status":"closed","sticky":false,"template":"","format":"standard","meta":{"_FSMCFIC_featured_image_caption":"","_FSMCFIC_featured_image_nocaption":"","_FSMCFIC_featured_image_hide":""},"categories":[5,28],"tags":[254],"acf":[],"_links":{"self":[{"href":"https:\/\/smago.de\/ws2\/wp-json\/wp\/v2\/posts\/166027"}],"collection":[{"href":"https:\/\/smago.de\/ws2\/wp-json\/wp\/v2\/posts"}],"about":[{"href":"https:\/\/smago.de\/ws2\/wp-json\/wp\/v2\/types\/post"}],"author":[{"embeddable":true,"href":"https:\/\/smago.de\/ws2\/wp-json\/wp\/v2\/users\/2"}],"replies":[{"embeddable":true,"href":"https:\/\/smago.de\/ws2\/wp-json\/wp\/v2\/comments?post=166027"}],"version-history":[{"count":2,"href":"https:\/\/smago.de\/ws2\/wp-json\/wp\/v2\/posts\/166027\/revisions"}],"predecessor-version":[{"id":166029,"href":"https:\/\/smago.de\/ws2\/wp-json\/wp\/v2\/posts\/166027\/revisions\/166029"}],"wp:featuredmedia":[{"embeddable":true,"href":"https:\/\/smago.de\/ws2\/wp-json\/wp\/v2\/media\/159500"}],"wp:attachment":[{"href":"https:\/\/smago.de\/ws2\/wp-json\/wp\/v2\/media?parent=166027"}],"wp:term":[{"taxonomy":"category","embeddable":true,"href":"https:\/\/smago.de\/ws2\/wp-json\/wp\/v2\/categories?post=166027"},{"taxonomy":"post_tag","embeddable":true,"href":"https:\/\/smago.de\/ws2\/wp-json\/wp\/v2\/tags?post=166027"}],"curies":[{"name":"wp","href":"https:\/\/api.w.org\/{rel}","templated":true}]}}