{"id":166001,"date":"2021-05-27T10:35:38","date_gmt":"2021-05-27T08:35:38","guid":{"rendered":"https:\/\/smago.de\/ws2\/?p=166001"},"modified":"2021-05-27T14:12:09","modified_gmt":"2021-05-27T12:12:09","slug":"mitch-keller-land-in-sicht-sein-drittes-album-meine-zeit-erscheint-final-am-28-05-2021","status":"publish","type":"post","link":"https:\/\/smago.de\/ws2\/pop-schlager\/mitch-keller-land-in-sicht-sein-drittes-album-meine-zeit-erscheint-final-am-28-05-2021\/","title":{"rendered":"MITCH KELLER <br>Land in Sicht: Sein drittes Album &#8222;Meine Zeit&#8220; erscheint final am 28.05.2021!"},"content":{"rendered":"<p>Auch in dieser CD steckt &#8222;100% Mitch Keller&#8220; &#8230;:<br \/>\n<!--more--><\/p>\n<p>&nbsp;<\/p>\n<p>&nbsp;<\/p>\n<p style=\"text-align: justify;\">Das mittlerweile dritte Album von Allroundtalent MITCH KELLER steht in den Startl\u00f6chern. \u201eMeine Zeit\u201c verspricht tanzbare Lieder aus dem Leben und \u00fcber das Leben, echte Ohrw\u00fcrmer und gef\u00fchlvolle G\u00e4nsehautmomente. Bei jedem Song merkt man beim geb\u00fcrtigen Berliner die gro\u00dfe Liebe zur Musik!<\/p>\n<p style=\"text-align: justify;\">Kaum ein S\u00e4nger ist so vielf\u00e4ltig wie Mitch Keller. Egal ob als S\u00e4nger, Songwriter, Vocal Producer, Chors\u00e4nger, Werbe- oder Synchronsprecher, er gibt immer einhundert Prozent und \u00fcberzeugt mit seiner kraftvollen Stimme, die direkt ins Herz geht.<\/p>\n<p style=\"text-align: justify;\">Eines ist ihm dabei besonders wichtig: Dankbarkeit! Der zweifache Vater ist jeden Tag aufs Neue dankbar f\u00fcr seine Familie, seine Erlebnisse, und den Traum leben zu d\u00fcrfen, als Musiker zu arbeiten. Auch sein neues Werk ist wieder ein ganz Pers\u00f6nliches geworden: <em>\u201eMein drittes Studioalbum steht f\u00fcr<\/em> <em>gestern \u2013 heute \u2013 und morgen. Das Besondere daran ist, dass es auch Coversongs enth\u00e4lt. Lieder, mit denen ich gro\u00df geworden bin. Wichtig war es mir aber auf jeden Titel meinen eigenen Text zu schreiben\u201c, <\/em>so Mitch Keller \u00fcber \u201eMeine Zeit\u201c.<\/p>\n<p style=\"text-align: justify;\">Bereits die Single-Auskopplungen <strong>\u201eWir sind immer noch hier\u201c<\/strong> und <strong>\u201eSteh auf, wenn du f\u00e4llst\u201c<\/strong> (Cover von Nick Kamen &#8211; \u201eI promised myself\u201c) liefen sehr erfolgreich im Radio und konnten sich wochenlang in der Top 5 der Radio Charts &#8222;Deutschland Konservativ Pop&#8220; platzieren.<\/p>\n<p style=\"text-align: justify;\">13 Songs des neuen Albums wurden von Mitch Keller wieder selbst geschrieben. Seinen Kindern hat er auf dem neuen Werk die Titel \u201eGlaub an dich\u201c und \u201eSophie\u201c gewidmet. Der S\u00e4nger \u00fcber \u201eGlaub an dich\u201c: <em>\u201eDieser Song ist f\u00fcr meinen Sohn. Ich sage immer: du kannst alles<\/em> <em>\u2013<\/em> <em>wirklich alles erreichen, was<\/em> <em>du willst. Du musst es nur wollen und es dir als Ziel setzen. Mit jedem weiteren Lebensjahr merkt man, was einem nicht liegt und was man gut kann. Das Wichtigste aber ist, dass man an sich selbst glaubt und an seine F\u00e4higkeiten.\u201c<\/em><\/p>\n<p style=\"text-align: justify;\">Das Lied \u201eSophie\u201c handelt von seiner J\u00fcngsten: <em>\u201eGenau das ist meine Tochter! Ein Wirbelwind \u2013<\/em> <em>\u00e4h,<\/em> <em>M\u00e4dchen mit Herz. Immer in Action und immer f\u00fcr eine \u00dcberraschung gut. Jeder Blick in diese blauen, ehrlichen Augen, schenkt mir jeden Tag ein gutes Gef\u00fchl.\u201c<\/em><\/p>\n<p style=\"text-align: justify;\">Neben diesen zwei sehr pers\u00f6nlichen Tracks gibt es noch eine Premiere. Die Cover-Version \u201eLiebe ohne Leiden\u201c, die Mitch Keller auf eine besondere Idee brachte: <em>\u201eDer Song ist mein erstes Familien-Duett. Als wir diesen Titel im Radio h\u00f6rten und mitsummten, dachte ich mir: Warum nicht mal ein Duett mit meiner Tochter? Und auch wenn sie viel zu jung ist, diesen Text zu verstehen, so w\u00fcnsche ich ihr sp\u00e4ter genau das \u2013 Liebe ohne Leiden!\u201c<\/em><\/p>\n<p style=\"text-align: justify;\">Mit der Ballade \u201eMusik\u201c sorgt Mitch Keller f\u00fcr pures G\u00e4nsehaut-Feeling. Gerade in der jetzigen Zeit, die f\u00fcr uns alle eine Herausforderung ist, f\u00fchlen sich viele Menschen einsam. Musik kann Trost spenden und helfen. So hei\u00dft es im Refrain: \u201eMusik, wenn sie auf die Reise geht, jedes kleine Herz bewegt\u2026<\/p>\n<p style=\"text-align: justify;\">Musik, die jede Dunkelheit besiegt.\u201c Genau diese Emotion m\u00f6chte Mitch Keller beim Zuh\u00f6ren hervorrufen: <em>\u201eEgal wie die Zeiten sind, ob gut oder schlecht, wie viele Sprachen man spricht, ob arm<\/em> <em>oder reich, gro\u00df oder klein, jung oder alt \u2013 Musik verbindet uns weltweit und transportiert Gef\u00fchle. Ich bin sehr dankbar daf\u00fcr, dass ich von Musik leben kann und Menschen damit Freude, Mut und Hoffnung geben kann.\u201c<\/em><\/p>\n<p style=\"text-align: justify;\">Auch an die Fu\u00dfball-EM hat der S\u00e4nger, der selbst leidenschaftlich gerne Fu\u00dfball spielt, gedacht. Mit dem Song \u201eWir sind United\u201c m\u00f6chte er f\u00fcr die Fu\u00dfball-Hymne zur EM sorgen: <em>\u201eAls Freunde von mir<\/em> <em>2020 in Teltow einen Fu\u00dfball-Verein gr\u00fcndeten, fragten sie mich, ob ich Ihnen oder besser gesagt \u201eUNS\u201c eine Hymne schreiben k\u00f6nne. Ich habe tats\u00e4chlich ein Jahr gebraucht und dann kam die passende Idee. Als meine Produzenten und mein Manager den Titel h\u00f6rten, dachten sie an die EM. Und so kam es zu dieser offiziellen Deutschland-Version.\u201c<\/em><\/p>\n<p style=\"text-align: justify;\">Auch die anderen Songs \u00fcberzeugen und haben echtes Hit-Potenzial. Eine \u00dcberraschung auf dem Album ist die Nummer \u201eZeit f\u00fcr Wunder\u201c. Es ist zwar noch Zeit bis zur besinnlichen Jahreszeit. Aber schon jetzt steht fest: dieses Lied ist eine der ganz gro\u00dfen Balladen! Eine Winterhymne, die ber\u00fchrt, verzaubert und gemeinsam mit einem Kinderchor und der gef\u00fchlvollen Stimme von Mitch Keller sorgt der Song direkt f\u00fcr G\u00e4nsehaut. Man tr\u00e4umt sich sofort zur\u00fcck in seine eigene Kindheit, als alles noch so leicht war. Mitch Keller: \u201e<em>Alle Jahre wieder kommt die Zeit, wo vor allem Kinderaugen leuchten und<\/em> <em>wir uns alle nah f\u00fchlen. Ich wollte schon lange ein Lied schreiben, dass diese weihnachtliche Stimmung beschreibt \u2013 Zeit f\u00fcr Wunder! Ich w\u00fcnschte mir, wir w\u00fcrden einfach mal Wunder zulassen und an etwas glauben, was im ersten Moment nicht greifbar ist! Es geht um Tr\u00e4ume und diese Unbeschwertheit, die uns als Kind umgibt &#8211; als wir die Welt noch aus Kinderaugen sahen.\u201c<\/em><\/p>\n<p style=\"text-align: justify;\">13 wunderbare, unterschiedliche Titel sorgen f\u00fcr 100% Mitch Keller und jeder wird sich in den Songs wiederfinden. Der zweifache Familienvater und Ehemann besingt Dinge aus dem allt\u00e4glichen Leben und ber\u00fchrt beim Zuh\u00f6ren mit ganz pers\u00f6nlichen, echten Geschichten und seiner gef\u00fchlvollen Stimme. Ein Album, das viel Spa\u00df macht und je nach aktueller Stimmungslage zum Tanzen, Tr\u00e4umen oder laut Mitsingen einl\u00e4dt.<\/p>\n<p style=\"text-align: justify;\">Das Album \u201eMeine Zeit\u201c von Mitch Keller erscheint am 28.05.2021 bei TELAMO.<\/p>\n<p>&nbsp;<\/p>\n<p>&nbsp;<\/p>\n<p><iframe loading=\"lazy\" src=\"\/\/www.youtube.com\/embed\/fRiGSYU3HZc?feature=youtu\" width=\"800\" height=\"449\" allowfullscreen=\"allowfullscreen\"><\/iframe><\/p>\n<p>&nbsp;<\/p>\n<p>&nbsp;<\/p>\n<p>&nbsp;<\/p>\n<p>&nbsp;<\/p>\n<p><img decoding=\"async\" loading=\"lazy\" class=\"alignnone size-large wp-image-166041\" src=\"https:\/\/smago.de\/ws2\/wp-content\/uploads\/2021\/05\/keller_CD_back-800x667.jpg\" alt=\"\" width=\"800\" height=\"667\" srcset=\"https:\/\/smago.de\/ws2\/wp-content\/uploads\/2021\/05\/keller_CD_back-800x667.jpg 800w, https:\/\/smago.de\/ws2\/wp-content\/uploads\/2021\/05\/keller_CD_back-522x435.jpg 522w, https:\/\/smago.de\/ws2\/wp-content\/uploads\/2021\/05\/keller_CD_back-180x150.jpg 180w, https:\/\/smago.de\/ws2\/wp-content\/uploads\/2021\/05\/keller_CD_back-768x641.jpg 768w, https:\/\/smago.de\/ws2\/wp-content\/uploads\/2021\/05\/keller_CD_back-326x272.jpg 326w, https:\/\/smago.de\/ws2\/wp-content\/uploads\/2021\/05\/keller_CD_back-719x600.jpg 719w, https:\/\/smago.de\/ws2\/wp-content\/uploads\/2021\/05\/keller_CD_back-130x108.jpg 130w, https:\/\/smago.de\/ws2\/wp-content\/uploads\/2021\/05\/keller_CD_back-533x445.jpg 533w, https:\/\/smago.de\/ws2\/wp-content\/uploads\/2021\/05\/keller_CD_back-626x522.jpg 626w, https:\/\/smago.de\/ws2\/wp-content\/uploads\/2021\/05\/keller_CD_back-228x190.jpg 228w, https:\/\/smago.de\/ws2\/wp-content\/uploads\/2021\/05\/keller_CD_back-348x290.jpg 348w, https:\/\/smago.de\/ws2\/wp-content\/uploads\/2021\/05\/keller_CD_back.jpg 1200w\" sizes=\"(max-width: 800px) 100vw, 800px\" \/><\/p>\n","protected":false},"excerpt":{"rendered":"<p>Auch in dieser CD steckt &#8222;100% Mitch Keller&#8220; &#8230;:<\/p>\n","protected":false},"author":2,"featured_media":164890,"comment_status":"open","ping_status":"closed","sticky":false,"template":"","format":"standard","meta":{"_FSMCFIC_featured_image_caption":"","_FSMCFIC_featured_image_nocaption":"","_FSMCFIC_featured_image_hide":""},"categories":[28],"tags":[40],"acf":[],"_links":{"self":[{"href":"https:\/\/smago.de\/ws2\/wp-json\/wp\/v2\/posts\/166001"}],"collection":[{"href":"https:\/\/smago.de\/ws2\/wp-json\/wp\/v2\/posts"}],"about":[{"href":"https:\/\/smago.de\/ws2\/wp-json\/wp\/v2\/types\/post"}],"author":[{"embeddable":true,"href":"https:\/\/smago.de\/ws2\/wp-json\/wp\/v2\/users\/2"}],"replies":[{"embeddable":true,"href":"https:\/\/smago.de\/ws2\/wp-json\/wp\/v2\/comments?post=166001"}],"version-history":[{"count":4,"href":"https:\/\/smago.de\/ws2\/wp-json\/wp\/v2\/posts\/166001\/revisions"}],"predecessor-version":[{"id":166042,"href":"https:\/\/smago.de\/ws2\/wp-json\/wp\/v2\/posts\/166001\/revisions\/166042"}],"wp:featuredmedia":[{"embeddable":true,"href":"https:\/\/smago.de\/ws2\/wp-json\/wp\/v2\/media\/164890"}],"wp:attachment":[{"href":"https:\/\/smago.de\/ws2\/wp-json\/wp\/v2\/media?parent=166001"}],"wp:term":[{"taxonomy":"category","embeddable":true,"href":"https:\/\/smago.de\/ws2\/wp-json\/wp\/v2\/categories?post=166001"},{"taxonomy":"post_tag","embeddable":true,"href":"https:\/\/smago.de\/ws2\/wp-json\/wp\/v2\/tags?post=166001"}],"curies":[{"name":"wp","href":"https:\/\/api.w.org\/{rel}","templated":true}]}}