{"id":165788,"date":"2021-05-21T23:59:35","date_gmt":"2021-05-21T21:59:35","guid":{"rendered":"https:\/\/smago.de\/ws2\/?p=165788"},"modified":"2021-05-21T23:39:51","modified_gmt":"2021-05-21T21:39:51","slug":"eurovision-song-contest-samstag-22-05-2021-eurovision-song-contest-2021-countdown-fuer-rotterdam","status":"publish","type":"post","link":"https:\/\/smago.de\/ws2\/pop\/eurovision-song-contest-samstag-22-05-2021-eurovision-song-contest-2021-countdown-fuer-rotterdam\/","title":{"rendered":"&#8222;EUROVISION SONG CONTEST&#8220; <br>Sa., 22.05.2021: &#8222;Eurovision Song Contest 2021&#8220; &#8211; &#8222;Countdown f\u00fcr Rotterdam&#8220;!"},"content":{"rendered":"<p>Das Erste \/ ARD, 20:15 Uhr &#8211; 21:00 Uhr! Moderation: Barbara Sch\u00f6neberger! \u00dcbertragung aus Hamburg! Sehen Sie HIER den Vorschau-Trailer &#8230;:<br \/>\n<!--more--><\/p>\n<p>&nbsp;<\/p>\n<p>&nbsp;<\/p>\n<p class=\"text small\" style=\"text-align: justify;\">Runterz\u00e4hlen bis zur Eurovision-Hymne f\u00fcr das gro\u00dfe Finale des \u201eEurovision Song Contest\u201c: Wer gewinnt den ESC 2021? F\u00fcr Deutschland im Rennen: Jendrik mit seinem Song \u201eI Don\u2019t Feel Hate\u201c. Im \u201eCountdown f\u00fcr Rotterdam\u201c ab 20:15 Uhr im Ersten hat Moderatorin Barbara Sch\u00f6neberger Topstars der deutschen Musikszene zu Gast. Sie empf\u00e4ngt live im Studio in Hamburg unter anderem Jan Delay, Sarah Connor, Michael Schulte und Newcomerin Zoe Wees. Zum deutschen Act Jendrik ist eine Live-Schalte nach Rotterdam geplant. Um 21:00 Uhr beginnt dann das Finale des \u201eEurovision Song Contest\u201c 2021. 26 Nationen konkurrieren in der gr\u00f6\u00dften Live-Musikshow der Welt um den Titel. Deutschland ist zusammen mit Italien, Frankreich, England, Spanien und den ausrichtenden Niederlanden als Finalteilnehmer gesetzt. Moderiert wird das Finale des 65. ESC von Chantal Janzen, Jan Smit, Edsilia Rombley und Nikkie de Jager.<\/p>\n<p class=\"text small\" style=\"text-align: justify;\">Der geb\u00fcrtige Hamburger Jendrik geht mit einem selbst geschriebenen Song ins Rennen. \u201eI Don\u2019t Feel Hate\u201c ist ein Song gegen Hate Speech. Jendrik \u00fcberzeugte in einem mehrstufigen Auswahlverfahren zwei unabh\u00e4ngige Jurys. Im Finale kann das Publikum live dabei sein, wenn Jendrik beim \u201eEurovision Song Contest\u201c in Rotterdam gegen die anderen internationalen K\u00fcnstler*innen antritt. Deutscher Kommentator ist Peter Urban.<\/p>\n<p class=\"text small\" style=\"text-align: justify;\">Moderatorin Barbara Sch\u00f6neberger blickt direkt im Anschluss an das \u201eEurovision Song Contest\u201c-Finale mit prominenten G\u00e4sten auf die Highlights der Show, die bewegendsten Momente und die beeindruckendsten Auftritte. Zudem sind Live-Schalten nach Rotterdam zu ESC-Kommentator Peter Urban und zu Jendrik geplant.<\/p>\n<p>&nbsp;<\/p>\n<p>&nbsp;<\/p>\n<p>&nbsp;<\/p>\n<p>Sehen Sie <strong><a href=\"https:\/\/presse.daserste.de\/programm\/programmablauf\/vorschau-countdown-fuer-rotterdam-video-100.html\">HIER<\/a><\/strong> den Vorschau-Trailer!<\/p>\n<figure id=\"attachment_165280\" aria-describedby=\"caption-attachment-165280\" style=\"width: 800px\" class=\"wp-caption alignnone\"><img decoding=\"async\" loading=\"lazy\" class=\"size-large wp-image-165280\" src=\"https:\/\/smago.de\/ws2\/wp-content\/uploads\/2021\/05\/5_Barbara_Schoeneberger_2016-800x572.jpg\" alt=\"\" width=\"800\" height=\"572\" srcset=\"https:\/\/smago.de\/ws2\/wp-content\/uploads\/2021\/05\/5_Barbara_Schoeneberger_2016-800x572.jpg 800w, https:\/\/smago.de\/ws2\/wp-content\/uploads\/2021\/05\/5_Barbara_Schoeneberger_2016-522x373.jpg 522w, https:\/\/smago.de\/ws2\/wp-content\/uploads\/2021\/05\/5_Barbara_Schoeneberger_2016-210x150.jpg 210w, https:\/\/smago.de\/ws2\/wp-content\/uploads\/2021\/05\/5_Barbara_Schoeneberger_2016-768x549.jpg 768w, https:\/\/smago.de\/ws2\/wp-content\/uploads\/2021\/05\/5_Barbara_Schoeneberger_2016-1536x1097.jpg 1536w, https:\/\/smago.de\/ws2\/wp-content\/uploads\/2021\/05\/5_Barbara_Schoeneberger_2016-2048x1463.jpg 2048w, https:\/\/smago.de\/ws2\/wp-content\/uploads\/2021\/05\/5_Barbara_Schoeneberger_2016-381x272.jpg 381w, https:\/\/smago.de\/ws2\/wp-content\/uploads\/2021\/05\/5_Barbara_Schoeneberger_2016-130x93.jpg 130w, https:\/\/smago.de\/ws2\/wp-content\/uploads\/2021\/05\/5_Barbara_Schoeneberger_2016-623x445.jpg 623w, https:\/\/smago.de\/ws2\/wp-content\/uploads\/2021\/05\/5_Barbara_Schoeneberger_2016-731x522.jpg 731w, https:\/\/smago.de\/ws2\/wp-content\/uploads\/2021\/05\/5_Barbara_Schoeneberger_2016-266x190.jpg 266w, https:\/\/smago.de\/ws2\/wp-content\/uploads\/2021\/05\/5_Barbara_Schoeneberger_2016-406x290.jpg 406w\" sizes=\"(max-width: 800px) 100vw, 800px\" \/><figcaption id=\"caption-attachment-165280\" class=\"wp-caption-text\"><em>Foto-Credit: NDR \/ Morris Mac Matzen<\/em><\/figcaption><\/figure>\n","protected":false},"excerpt":{"rendered":"<p>Das Erste \/ ARD, 20:15 Uhr &#8211; 21:00 Uhr! Moderation: Barbara Sch\u00f6neberger! \u00dcbertragung aus Hamburg! Sehen Sie HIER den Vorschau-Trailer<\/p>\n","protected":false},"author":2,"featured_media":165280,"comment_status":"open","ping_status":"closed","sticky":false,"template":"","format":"standard","meta":{"_FSMCFIC_featured_image_caption":"","_FSMCFIC_featured_image_nocaption":"","_FSMCFIC_featured_image_hide":""},"categories":[27,128],"tags":[85],"acf":[],"_links":{"self":[{"href":"https:\/\/smago.de\/ws2\/wp-json\/wp\/v2\/posts\/165788"}],"collection":[{"href":"https:\/\/smago.de\/ws2\/wp-json\/wp\/v2\/posts"}],"about":[{"href":"https:\/\/smago.de\/ws2\/wp-json\/wp\/v2\/types\/post"}],"author":[{"embeddable":true,"href":"https:\/\/smago.de\/ws2\/wp-json\/wp\/v2\/users\/2"}],"replies":[{"embeddable":true,"href":"https:\/\/smago.de\/ws2\/wp-json\/wp\/v2\/comments?post=165788"}],"version-history":[{"count":4,"href":"https:\/\/smago.de\/ws2\/wp-json\/wp\/v2\/posts\/165788\/revisions"}],"predecessor-version":[{"id":165792,"href":"https:\/\/smago.de\/ws2\/wp-json\/wp\/v2\/posts\/165788\/revisions\/165792"}],"wp:featuredmedia":[{"embeddable":true,"href":"https:\/\/smago.de\/ws2\/wp-json\/wp\/v2\/media\/165280"}],"wp:attachment":[{"href":"https:\/\/smago.de\/ws2\/wp-json\/wp\/v2\/media?parent=165788"}],"wp:term":[{"taxonomy":"category","embeddable":true,"href":"https:\/\/smago.de\/ws2\/wp-json\/wp\/v2\/categories?post=165788"},{"taxonomy":"post_tag","embeddable":true,"href":"https:\/\/smago.de\/ws2\/wp-json\/wp\/v2\/tags?post=165788"}],"curies":[{"name":"wp","href":"https:\/\/api.w.org\/{rel}","templated":true}]}}