{"id":165752,"date":"2021-05-22T00:02:03","date_gmt":"2021-05-21T22:02:03","guid":{"rendered":"https:\/\/smago.de\/ws2\/?p=165752"},"modified":"2021-05-22T00:37:14","modified_gmt":"2021-05-21T22:37:14","slug":"eurovision-song-contest-2021-smago-top-exklusiv-die-startnummern-10-18-in-der-prognose-von-frank-ehrlacher","status":"publish","type":"post","link":"https:\/\/smago.de\/ws2\/pop\/eurovision-song-contest-2021-smago-top-exklusiv-die-startnummern-10-18-in-der-prognose-von-frank-ehrlacher\/","title":{"rendered":"&#8222;EUROVISION SONG CONTEST 2021&#8220; <br>smago! top-exklusiv: Die Startnummern 10 &#8211; 18 &#8211; in der Prognose von Frank Ehrlacher!"},"content":{"rendered":"<p>Griechenland +++ Schweiz +++ Island +++ Spanien +++ Moldau +++ Deutschland +++ Finnland +++ Bulgarien +++ Litauen +++<br \/>\n<!--more--><\/p>\n<p>&nbsp;<\/p>\n<p>&nbsp;<\/p>\n<p>&nbsp;<\/p>\n<p>&nbsp;<\/p>\n<p style=\"text-align: justify;\"><strong>10 GRIECHENLAND<\/strong><\/p>\n<p>&nbsp;<\/p>\n<figure id=\"attachment_165753\" aria-describedby=\"caption-attachment-165753\" style=\"width: 800px\" class=\"wp-caption alignnone\"><img decoding=\"async\" loading=\"lazy\" class=\"size-large wp-image-165753\" src=\"https:\/\/smago.de\/ws2\/wp-content\/uploads\/2021\/05\/10-Griechenland-800x421.jpg\" alt=\"\" width=\"800\" height=\"421\" srcset=\"https:\/\/smago.de\/ws2\/wp-content\/uploads\/2021\/05\/10-Griechenland-800x421.jpg 800w, https:\/\/smago.de\/ws2\/wp-content\/uploads\/2021\/05\/10-Griechenland-522x275.jpg 522w, https:\/\/smago.de\/ws2\/wp-content\/uploads\/2021\/05\/10-Griechenland-285x150.jpg 285w, https:\/\/smago.de\/ws2\/wp-content\/uploads\/2021\/05\/10-Griechenland-768x404.jpg 768w, https:\/\/smago.de\/ws2\/wp-content\/uploads\/2021\/05\/10-Griechenland-392x206.jpg 392w, https:\/\/smago.de\/ws2\/wp-content\/uploads\/2021\/05\/10-Griechenland-130x68.jpg 130w, https:\/\/smago.de\/ws2\/wp-content\/uploads\/2021\/05\/10-Griechenland-870x458.jpg 870w, https:\/\/smago.de\/ws2\/wp-content\/uploads\/2021\/05\/10-Griechenland-292x154.jpg 292w, https:\/\/smago.de\/ws2\/wp-content\/uploads\/2021\/05\/10-Griechenland-435x229.jpg 435w, https:\/\/smago.de\/ws2\/wp-content\/uploads\/2021\/05\/10-Griechenland.jpg 1254w\" sizes=\"(max-width: 800px) 100vw, 800px\" \/><figcaption id=\"caption-attachment-165753\" class=\"wp-caption-text\"><em>\u00a9 EBU \/ Andreas Putting<\/em><\/figcaption><\/figure>\n<p style=\"text-align: justify;\">Ob Stefania aus <strong>Griechenland<\/strong> Prince Fan ist, ist nicht bekannt \u2013 zumindest beherzigt sie den Slogan der Prince-Fans &#8222;Wear some puple today&#8220; exzessiv. Der Auftritt ist mit Virtual Reality-Effekten gespickt und Stefania und ihre Truppe sollen wohl auf Hochh\u00e4user-D\u00e4chern tanzen \u2013 das klappte aber bisher nie so recht und so hingen sie eher im luftleeren Raum. Trotzdem macht der Beitrag optisch Eindruck.<\/p>\n<p>Die 18-j\u00e4hrige Stefanie Liberakakis wurde \u00fcbrigens in Utrecht geboren, nahm bereits 2016 mit der Girl-Band &#8222;Kisses&#8220; f\u00fcr die Niederlande am Junior-ESC teil und lebt auch im Gastgeberland. Ihr Holl\u00e4ndisch ist offensichtlich mindestens so gut wie ihr Griechisch, denn in den Niederlanden arbeitet sie auch als Schauspielerin und Synchronsprecherin f\u00fcr Zeichentrickfilme.<\/p>\n<p>&#8222;Last Dance&#8220; ist griechischer Euro-Pop, betanzt von M\u00e4nnern in wei\u00dfen Anz\u00fcgen, wie er f\u00fcr Griechenland jahrelang beim ESC erfolgreich war: Zwischen 2004 und 2011 kam man jedes Jahr in die Top Ten und fuhr mit &#8222;My Number One&#8220; und Helena Paparizou 2005 auch den einzigen griechischen Sieg der ESC-Geschichte ein. In den vergangenen Jahren lief es eher durchschnittlich: 2016 konnte man sich zum ersten Mal nicht f\u00fcrs Finale qualifizieren, seitdem kam man auch in keinem Jahr \u00fcber Platz 19 hinaus.<\/p>\n<p style=\"text-align: justify;\"><strong><u>Prognose<\/u><\/strong>: Das k\u00f6nnte die beste griechische Platzierung der j\u00fcngeren ESC-Vergangenheit werden \u2013 davon sollte man aber nicht zu viel erwarten, eher eine Position zwischen 15 und 20.<\/p>\n<p>&nbsp;<\/p>\n<p>&nbsp;<\/p>\n<p>&nbsp;<\/p>\n<p>&nbsp;<\/p>\n<p style=\"text-align: justify;\"><strong>11 SCHWEIZ<\/strong><\/p>\n<figure id=\"attachment_165754\" aria-describedby=\"caption-attachment-165754\" style=\"width: 800px\" class=\"wp-caption alignnone\"><img decoding=\"async\" loading=\"lazy\" class=\"size-large wp-image-165754\" src=\"https:\/\/smago.de\/ws2\/wp-content\/uploads\/2021\/05\/11-Schweiz-800x421.jpg\" alt=\"\" width=\"800\" height=\"421\" srcset=\"https:\/\/smago.de\/ws2\/wp-content\/uploads\/2021\/05\/11-Schweiz-800x421.jpg 800w, https:\/\/smago.de\/ws2\/wp-content\/uploads\/2021\/05\/11-Schweiz-522x275.jpg 522w, https:\/\/smago.de\/ws2\/wp-content\/uploads\/2021\/05\/11-Schweiz-285x150.jpg 285w, https:\/\/smago.de\/ws2\/wp-content\/uploads\/2021\/05\/11-Schweiz-768x404.jpg 768w, https:\/\/smago.de\/ws2\/wp-content\/uploads\/2021\/05\/11-Schweiz-392x206.jpg 392w, https:\/\/smago.de\/ws2\/wp-content\/uploads\/2021\/05\/11-Schweiz-130x68.jpg 130w, https:\/\/smago.de\/ws2\/wp-content\/uploads\/2021\/05\/11-Schweiz-870x458.jpg 870w, https:\/\/smago.de\/ws2\/wp-content\/uploads\/2021\/05\/11-Schweiz-292x154.jpg 292w, https:\/\/smago.de\/ws2\/wp-content\/uploads\/2021\/05\/11-Schweiz-435x229.jpg 435w, https:\/\/smago.de\/ws2\/wp-content\/uploads\/2021\/05\/11-Schweiz.jpg 1254w\" sizes=\"(max-width: 800px) 100vw, 800px\" \/><figcaption id=\"caption-attachment-165754\" class=\"wp-caption-text\"><em>\u00a9 EBU \/ Andreas Putting<\/em><\/figcaption><\/figure>\n<p style=\"text-align: justify;\">Die <strong>Schweiz <\/strong>lag fast den gesamten April auf Platz 1 der Wettquoten und z\u00e4hlte bei der Ankunft in Rotterdam zu den Top-Favoriten \u2013 genau bis zur ersten Probe. Die d\u00fcstere Ballade, die von der Machart sehr an den Vor-Vorjahressieger &#8222;Arcade&#8220; erinnert und durch die au\u00dfergew\u00f6hnliche und hohe Stimme des S\u00e4ngers besticht, war im Video toll umgesetzt. Auf der B\u00fchne weniger. Gjon Muharremaj, der sich &#8222;Gjon&#8217;s Teats&#8220; nennt, vollf\u00fchrt Ausdruckstanz auf kubischen B\u00fchnenelementen. Musikalisch vermag mich &#8222;Tout l&#8217;univers&#8220; weiterhin zu packen, optisch in keinem Fall. Der Beitrag polarisiert \u2013 normalerweise gut f\u00fcr den Song Contest, f\u00fcr mich hat er am Ende zu wenig Erinnerungswert.<\/p>\n<p style=\"text-align: justify;\"><strong><u>Prognose<\/u><\/strong>: Schwer einzusch\u00e4tzen, ob die Jurys den Beitrag &#8222;retten&#8220; oder er wider Erwarten doch einiges an Televoting-Punkten bekommt. Realistisch sehe ich ihn eher um Platz 10.<\/p>\n<p>&nbsp;<\/p>\n<p>&nbsp;<\/p>\n<p>&nbsp;<\/p>\n<p>&nbsp;<\/p>\n<p style=\"text-align: justify;\"><strong>12 ISLAND<\/strong><\/p>\n<p>&nbsp;<\/p>\n<figure id=\"attachment_165755\" aria-describedby=\"caption-attachment-165755\" style=\"width: 800px\" class=\"wp-caption alignnone\"><img decoding=\"async\" loading=\"lazy\" class=\"size-large wp-image-165755\" src=\"https:\/\/smago.de\/ws2\/wp-content\/uploads\/2021\/05\/12-Island-800x421.jpg\" alt=\"\" width=\"800\" height=\"421\" srcset=\"https:\/\/smago.de\/ws2\/wp-content\/uploads\/2021\/05\/12-Island-800x421.jpg 800w, https:\/\/smago.de\/ws2\/wp-content\/uploads\/2021\/05\/12-Island-522x275.jpg 522w, https:\/\/smago.de\/ws2\/wp-content\/uploads\/2021\/05\/12-Island-285x150.jpg 285w, https:\/\/smago.de\/ws2\/wp-content\/uploads\/2021\/05\/12-Island-768x404.jpg 768w, https:\/\/smago.de\/ws2\/wp-content\/uploads\/2021\/05\/12-Island-392x206.jpg 392w, https:\/\/smago.de\/ws2\/wp-content\/uploads\/2021\/05\/12-Island-130x68.jpg 130w, https:\/\/smago.de\/ws2\/wp-content\/uploads\/2021\/05\/12-Island-870x458.jpg 870w, https:\/\/smago.de\/ws2\/wp-content\/uploads\/2021\/05\/12-Island-292x154.jpg 292w, https:\/\/smago.de\/ws2\/wp-content\/uploads\/2021\/05\/12-Island-435x229.jpg 435w, https:\/\/smago.de\/ws2\/wp-content\/uploads\/2021\/05\/12-Island.jpg 1254w\" sizes=\"(max-width: 800px) 100vw, 800px\" \/><figcaption id=\"caption-attachment-165755\" class=\"wp-caption-text\"><em>\u00a9 EBU \/ Thomas Hanses<\/em><\/figcaption><\/figure>\n<p style=\"text-align: justify;\">Die ESC-Geschichte von Dadi Freyr und seiner Gruppe Gagnamagnid (was so viel hei\u00dft wie &#8222;Datentarif&#8220; oder &#8222;Datenvolumen&#8220;) aus <strong>Island<\/strong> ist schon tragisch, bevor sie \u00fcberhaupt richtig begonnen hat: <strong>I<\/strong>m Vorjahr waren sie beim abgesagten Contest der Gewinner der Herzen \u2013 mindestens der Herzen, denn bei vielen der meist online durchgef\u00fchrten Abstimmungen in den einzelnen L\u00e4ndern lag der nerdige Beitrag auch ganz vorne. Und in diesem Jahr wurde einen Tag vor dem Halbfinale der Isl\u00e4nder bekannt, dass ein Mitglied der Band positiv auf Covid19 getestet wurde. Dadurch war schon im Halbfinale das Video der Probe vom vergangenen Donnerstag zu sehen \u2013 und genau so wird es im Finale auch sein. Die Truppe verfolgt ihren eigenen Auftritt beim Finale aus dem Hotelzimmer in Rotterdam. Der Beitrag ist und bleibt stark \u2013 vor allem, da sie mit vielen Bewegungen und kleinen Gesten Anspielungen auf ESC-Auftritte vergangener Jahre und Jahrzehnte liefern \u2013 inklusive der legend\u00e4ren Windmaschine. Ich gestehe, auch ich habe sie sicher noch nicht alle erkannt \u2013 aber der \u00fcber 2 Meter gro\u00dfe Dadi hat beim Auftritt auch immer ein leichtes Grinsen auf den Lippen.<\/p>\n<p style=\"text-align: justify;\"><strong><u>Prognose<\/u><\/strong>: Das Video von ihrem Probenauftritt ist so perfekt in die Show eingebunden, dass man gar nicht merkt, dass sie nicht live auf der B\u00fchne stehen. Kein Nachteil also, daf\u00fcr gibt es sicher ein paar Sympathie- und Gute-Besserungs-Punkte \u2013 der Song wird um die Top 3 k\u00e4mpfen.<\/p>\n<p>&nbsp;<\/p>\n<p>&nbsp;<\/p>\n<p>&nbsp;<\/p>\n<p>&nbsp;<\/p>\n<p style=\"text-align: justify;\"><strong>13 SPANIEN<\/strong><\/p>\n<p>&nbsp;<\/p>\n<figure id=\"attachment_165756\" aria-describedby=\"caption-attachment-165756\" style=\"width: 800px\" class=\"wp-caption alignnone\"><img decoding=\"async\" loading=\"lazy\" class=\"size-large wp-image-165756\" src=\"https:\/\/smago.de\/ws2\/wp-content\/uploads\/2021\/05\/13-Spanien-800x421.jpg\" alt=\"\" width=\"800\" height=\"421\" srcset=\"https:\/\/smago.de\/ws2\/wp-content\/uploads\/2021\/05\/13-Spanien-800x421.jpg 800w, https:\/\/smago.de\/ws2\/wp-content\/uploads\/2021\/05\/13-Spanien-522x275.jpg 522w, https:\/\/smago.de\/ws2\/wp-content\/uploads\/2021\/05\/13-Spanien-285x150.jpg 285w, https:\/\/smago.de\/ws2\/wp-content\/uploads\/2021\/05\/13-Spanien-768x404.jpg 768w, https:\/\/smago.de\/ws2\/wp-content\/uploads\/2021\/05\/13-Spanien-392x206.jpg 392w, https:\/\/smago.de\/ws2\/wp-content\/uploads\/2021\/05\/13-Spanien-130x68.jpg 130w, https:\/\/smago.de\/ws2\/wp-content\/uploads\/2021\/05\/13-Spanien-870x458.jpg 870w, https:\/\/smago.de\/ws2\/wp-content\/uploads\/2021\/05\/13-Spanien-292x154.jpg 292w, https:\/\/smago.de\/ws2\/wp-content\/uploads\/2021\/05\/13-Spanien-435x229.jpg 435w, https:\/\/smago.de\/ws2\/wp-content\/uploads\/2021\/05\/13-Spanien.jpg 1254w\" sizes=\"(max-width: 800px) 100vw, 800px\" \/><figcaption id=\"caption-attachment-165756\" class=\"wp-caption-text\"><em>\u00a9 EBU \/ Andreas Putting<\/em><\/figcaption><\/figure>\n<p style=\"text-align: justify;\">2020 nominierte <strong>Spanien <\/strong>Blas Cont\u00f3 mit der Ballade &#8222;Universo&#8220; f\u00fcr den ESC. Die internationale Reaktion war ern\u00fcchternd, man beschrieb die Ballade als langweilig und nicht ausdrucksstark genug f\u00fcr den ESC und in den Wettquoten lag er auf dem letzten Platz. Dann wurde der ESC 2020 abgesagt und man hatte ein Jahr Zeit, neue Songs zu schreiben. Heraus kam eine Up Tempo-Nummer und eine Ballade, die beide dem spanischen Publikum zur Wahl gestellt wurden, das sich erneut f\u00fcr\u2026 die Ballade entschied. Die internationale Reaktion war ern\u00fcchternd, man beschrieb\u2026 den Rest kennt ihr. Auch Spanien d\u00fcrfte ein hei\u00dfer Anw\u00e4rter f\u00fcr den letzten Platz sein, auch wenn ich glaube, dass es in diesem &#8222;Anti-Wettbewerb&#8220; gegen Gro\u00dfbritannien nicht ganz reichen wird. Immerhin liefert Blas Cant\u00f2 eine gestenreiche Show und ein paar gute Bilder, der \u00fcber 6 Meter gro\u00dfe Mond d\u00fcrfte eine der gr\u00f6\u00dften Requisiten sein, die bisher beim ESC auf der B\u00fchne standen oder hangen \u2013 und man merkt Blas die Begeisterung f\u00fcr den Wettbewerb, den er nach eigener Aussage immer mit seiner Ende 2020 an einer Covid19-Erkrankung verstorben Gro\u00dfmutter geschaut hat, an. Allerdings d\u00fcrfte das nicht reichen \u2013 Begeisterung und Emotion zeigen die meisten. \u00dcbrigens gibt es seinen Beitrag &#8222;Voy a quedarme&#8220; auch in einer englischen Version im Duett mit James Newman, dem britischen Vertreter in diesem Jahr. Wenn die beiden sich mal nicht auch in der Endplatzierung ganz nahe sind\u2026<\/p>\n<p style=\"text-align: justify;\"><strong><u>Prognose<\/u><\/strong>: Der Kampf um den letzten Platz k\u00f6nnte spannend werden \u2013 und Spanien dabei eine Rolle spielen.<\/p>\n<p>&nbsp;<\/p>\n<p>&nbsp;<\/p>\n<p>&nbsp;<\/p>\n<p>&nbsp;<\/p>\n<p style=\"text-align: justify;\"><strong>14 MOLDAU<\/strong><\/p>\n<p>&nbsp;<\/p>\n<figure id=\"attachment_165757\" aria-describedby=\"caption-attachment-165757\" style=\"width: 800px\" class=\"wp-caption alignnone\"><img decoding=\"async\" loading=\"lazy\" class=\"size-large wp-image-165757\" src=\"https:\/\/smago.de\/ws2\/wp-content\/uploads\/2021\/05\/14-Moldau-800x421.jpg\" alt=\"\" width=\"800\" height=\"421\" srcset=\"https:\/\/smago.de\/ws2\/wp-content\/uploads\/2021\/05\/14-Moldau-800x421.jpg 800w, https:\/\/smago.de\/ws2\/wp-content\/uploads\/2021\/05\/14-Moldau-522x275.jpg 522w, https:\/\/smago.de\/ws2\/wp-content\/uploads\/2021\/05\/14-Moldau-285x150.jpg 285w, https:\/\/smago.de\/ws2\/wp-content\/uploads\/2021\/05\/14-Moldau-768x404.jpg 768w, https:\/\/smago.de\/ws2\/wp-content\/uploads\/2021\/05\/14-Moldau-392x206.jpg 392w, https:\/\/smago.de\/ws2\/wp-content\/uploads\/2021\/05\/14-Moldau-130x68.jpg 130w, https:\/\/smago.de\/ws2\/wp-content\/uploads\/2021\/05\/14-Moldau-870x458.jpg 870w, https:\/\/smago.de\/ws2\/wp-content\/uploads\/2021\/05\/14-Moldau-292x154.jpg 292w, https:\/\/smago.de\/ws2\/wp-content\/uploads\/2021\/05\/14-Moldau-435x229.jpg 435w, https:\/\/smago.de\/ws2\/wp-content\/uploads\/2021\/05\/14-Moldau.jpg 1254w\" sizes=\"(max-width: 800px) 100vw, 800px\" \/><figcaption id=\"caption-attachment-165757\" class=\"wp-caption-text\"><em>\u00a9 EBU \/ Thomas Hanses<\/em><\/figcaption><\/figure>\n<p style=\"text-align: justify;\">Etwas \u00fcberraschend schaffte es auch die Pop-Nummer aus Moldau ins Finale. Dahinter steckt der russische Impresario Philipp Kirkorov, der vor inzwischen 26 Jahren selbst als Interpret f\u00fcr Russland antrat, nachdem er ein Jahr vorher einen Beitrag f\u00fcr seine immerhin 18 Jahre \u00e4ltere Frau Anna Pugacheva geschrieben hatte, aber im hinteren Teil des Feldes landete. Seitdem werden seine InterpretInnen gef\u00fchlt Jahr f\u00fcr Jahr j\u00fcnger und seine Inszenierungen schriller und Moldau neben Russland ein weiterer Absatzmarkt. F\u00fcr viele gilt daher &#8222;Sugar&#8220; der Blondine Natalia Gordienko, eine 2000er Interpretation von Marilyn Monroe, als zweiter russischer Beitrag. Achten wir heute Abend darauf mal bei der Punktevergabe. Da der Beitrag mehr optisch als musikalisch begeistert, hat Komponist Kirkorov auch direkt viele Instrumentalpassagen reingeschrieben \u2013 da kann Natalia etwas tanzen und spart Atem zum Singen, den sie dann an einer Stelle auch braucht: Den 17 Sekunden lang gehaltenen Ton am Ende des Songs bezeichnet sie selbst als l\u00e4ngsten Ton aller Zeiten beim ESC. Vielleicht mag auch das in den n\u00e4chsten Monaten mal jemand nachmessen\u2026<\/p>\n<p style=\"text-align: justify;\"><strong><u>Prognose<\/u><\/strong>: Plastik-Pop funktioniert doch \u2013 und f\u00fcr ne Platzierung zwischen 15 und 20 k\u00f6nnte er gut sein. Dann IST aber auch gut\u2026<\/p>\n<p>&nbsp;<\/p>\n<p>&nbsp;<\/p>\n<p>&nbsp;<\/p>\n<p>&nbsp;<\/p>\n<p style=\"text-align: justify;\"><strong>15 DEUTSCHLAND<\/strong><\/p>\n<p>&nbsp;<\/p>\n<figure id=\"attachment_165758\" aria-describedby=\"caption-attachment-165758\" style=\"width: 800px\" class=\"wp-caption alignnone\"><img decoding=\"async\" loading=\"lazy\" class=\"size-large wp-image-165758\" src=\"https:\/\/smago.de\/ws2\/wp-content\/uploads\/2021\/05\/15-Deutschland-800x421.jpg\" alt=\"\" width=\"800\" height=\"421\" srcset=\"https:\/\/smago.de\/ws2\/wp-content\/uploads\/2021\/05\/15-Deutschland-800x421.jpg 800w, https:\/\/smago.de\/ws2\/wp-content\/uploads\/2021\/05\/15-Deutschland-522x275.jpg 522w, https:\/\/smago.de\/ws2\/wp-content\/uploads\/2021\/05\/15-Deutschland-285x150.jpg 285w, https:\/\/smago.de\/ws2\/wp-content\/uploads\/2021\/05\/15-Deutschland-768x404.jpg 768w, https:\/\/smago.de\/ws2\/wp-content\/uploads\/2021\/05\/15-Deutschland-392x206.jpg 392w, https:\/\/smago.de\/ws2\/wp-content\/uploads\/2021\/05\/15-Deutschland-130x68.jpg 130w, https:\/\/smago.de\/ws2\/wp-content\/uploads\/2021\/05\/15-Deutschland-870x458.jpg 870w, https:\/\/smago.de\/ws2\/wp-content\/uploads\/2021\/05\/15-Deutschland-292x154.jpg 292w, https:\/\/smago.de\/ws2\/wp-content\/uploads\/2021\/05\/15-Deutschland-435x229.jpg 435w, https:\/\/smago.de\/ws2\/wp-content\/uploads\/2021\/05\/15-Deutschland.jpg 1254w\" sizes=\"(max-width: 800px) 100vw, 800px\" \/><figcaption id=\"caption-attachment-165758\" class=\"wp-caption-text\"><em>\u00a9 EBU \/ Andreas Putting<\/em><\/figcaption><\/figure>\n<p style=\"text-align: justify;\">In den vergangenen Jahren lief es nicht allzu gut f\u00fcr<strong> Deutschland<\/strong> beim ESC. Seit 2013 landeten wir \u2013 mit Ausnahme von Michael Schultes 4. Platz 2018 in Lissabon \u2013 immer im hinteren Drittel, meist sogar ganz hinten. Auch in diesem Jahr setzte der federf\u00fchrende NDR auf ein internes Auswahlverfahren, aus dem Jendrik mit &#8222;I Don&#8217;t Feel Hate&#8220; als eindeutiger Sieger hervor ging. Der Song hat eine gute Botschaft und eine eing\u00e4ngige Melodie \u2013 die immer wieder von kurzen &#8222;Instrumental Breaks&#8220; im Fluss gest\u00f6rt wird. Sowas f\u00e4llt auf und sowas kann gut gehen oder schief gehen \u2013 aber das ist eigentlich das Geheimnis eines erfolgreichen ESC-Beitrags, aufzufallen und etwas zu riskieren. Die ersten internationalen Reaktionen zeigten allerdings, dass es bei den meisten nicht so gut ankommt. So machten der NDR, Jendrik und sein Team in Rotterdam in den vergangenen Tagen ihre Hausaufgaben: Der Auftritt wurde immer bunter, wie aus einem Comic entsprungen und immer pr\u00e4gnanter zugespitzt auf Jendrik und seinen Sidekick Sophia Euskirchen, die dann wohl als der &#8222;Stinkefinger Of Eurovision&#8220; oder das &#8222;menschgewordene Peace-Zeichen des ESC&#8220; in die Geschichte des Wettbewerbs eingehen wird. Denn das war eine Auflage der veranstaltenden EBU: Sie d\u00fcrfe nicht als ausgestreckter Mittelfinger wie im Video auf der B\u00fchne sein, beleidigende Gesten w\u00e4ren nicht akzeptabel. Also formte man ihr Kost\u00fcm zu einem Peace-Zeichen um, bei dem der Zeigefinger manchmal so nach hinten wegknickt, dass wie zuf\u00e4llig doch nur noch der Mittelfinger zu sehen ist\u2026<\/p>\n<p style=\"text-align: justify;\">Neben Sophia hat Jendrik \u00fcbrigens noch jemanden auf der B\u00fchne, den man nicht auf den ersten Blick &#8222;bemerkt&#8220;: Seinen Lebensgef\u00e4hrten. Der ist n\u00e4mlich im Background zu h\u00f6ren, wenn Jendrik den Sprechpart performt. Allerdings vom Band, er selbst musste leider aufgrund der Corona-Bedingungen zu Hause bleiben. WAS Jendrik an dieser Stelle sagen wird, darauf darf man gespannt sein. In den Proben w\u00fcnschte er dem Publikum nicht wie auf der &#8222;CD&#8220; ein &#8222;derb nices Leben&#8220; sondern sagte &#8222;Meine Damen, meine Herren, und die, die sich noch nicht entscheiden k\u00f6nnen, was sie sein wollen. Ich w\u00fcnsche Ihnen ein gro\u00dfartiges Leben und \u2013 bis bald&#8220;. Ebenso gespannt sein darf man, ob er am Ende seines Auftritts f\u00fcr diese Worte \u00fcberhaupt noch genug Atem hat. Bei der ersten Generalprobe am Freitag hatte er sich so verausgabt, dass er etwas hinterherhechelte\u2026<\/p>\n<p style=\"text-align: justify;\"><strong><u>Prognose<\/u><\/strong>: Auch die Chancen sind ein bisschen wie eine kunterbunte Wundert\u00fcte. Ein letzter Platz ist in diesem Jahr eher nicht so wahrscheinlich. Eine \u00dcberraschung im Mittelfeld m\u00f6glich, ein Platz um Position 20 realistisch. Das Ausscheiden der D\u00e4nen im Halbfinale, die eine \u00e4hnlich \u00fcberdrehte und auff\u00e4llige Performance angeboten haben, haben meine Hoffnungen auf eine allzu gute Platzierung allerdings dann wieder gebremst.<\/p>\n<p>&nbsp;<\/p>\n<p>&nbsp;<\/p>\n<p>&nbsp;<\/p>\n<p>&nbsp;<\/p>\n<p style=\"text-align: justify;\"><strong>16 FINNLAND<\/strong><\/p>\n<p>&nbsp;<\/p>\n<figure id=\"attachment_165759\" aria-describedby=\"caption-attachment-165759\" style=\"width: 800px\" class=\"wp-caption alignnone\"><img decoding=\"async\" loading=\"lazy\" class=\"size-large wp-image-165759\" src=\"https:\/\/smago.de\/ws2\/wp-content\/uploads\/2021\/05\/16-Finnland-800x421.jpg\" alt=\"\" width=\"800\" height=\"421\" srcset=\"https:\/\/smago.de\/ws2\/wp-content\/uploads\/2021\/05\/16-Finnland-800x421.jpg 800w, https:\/\/smago.de\/ws2\/wp-content\/uploads\/2021\/05\/16-Finnland-522x275.jpg 522w, https:\/\/smago.de\/ws2\/wp-content\/uploads\/2021\/05\/16-Finnland-285x150.jpg 285w, https:\/\/smago.de\/ws2\/wp-content\/uploads\/2021\/05\/16-Finnland-768x404.jpg 768w, https:\/\/smago.de\/ws2\/wp-content\/uploads\/2021\/05\/16-Finnland-392x206.jpg 392w, https:\/\/smago.de\/ws2\/wp-content\/uploads\/2021\/05\/16-Finnland-130x68.jpg 130w, https:\/\/smago.de\/ws2\/wp-content\/uploads\/2021\/05\/16-Finnland-870x458.jpg 870w, https:\/\/smago.de\/ws2\/wp-content\/uploads\/2021\/05\/16-Finnland-292x154.jpg 292w, https:\/\/smago.de\/ws2\/wp-content\/uploads\/2021\/05\/16-Finnland-435x229.jpg 435w, https:\/\/smago.de\/ws2\/wp-content\/uploads\/2021\/05\/16-Finnland.jpg 1254w\" sizes=\"(max-width: 800px) 100vw, 800px\" \/><figcaption id=\"caption-attachment-165759\" class=\"wp-caption-text\"><em>\u00a9 EBU \/ Andreas Putting<\/em><\/figcaption><\/figure>\n<p style=\"text-align: justify;\">Finnland ist neben Italien die zweite Rock-Nummer des diesj\u00e4hrigen ESC und schaffte es ins Finale. Was die Chancen der beiden Nummern betrifft, bin ich eindeutig #TeamItalien, denn w\u00e4hrend die S\u00fcdl\u00e4nder eine tolle Show hinlegen, machen die Nordlichter halt\u2026 einfach Rock-Musik. Kann man ihnen nicht vorwerfen und ist auch solides Handwerk, d\u00fcrfte aber au\u00dfer den Fans aus dem Rocklager noch mehr Musikfans Richtung Italien treiben als Richtung Finnland.<\/p>\n<p>In den vergangenen 30 Jahren erreichte Finnland nur ein einziges Mal die Top Ten \u2013 das war 2006 beim (einzigen) finnischen Sieg der Hard Rocker von Lordi. An den werden &#8222;Blind Channel&#8220; mit &#8222;Dark Side&#8220; wahrscheinlich nicht ganz ankn\u00fcpfen k\u00f6nnen \u2013 aber nachdem das Land in den letzten 5 Wettbewerben 4 mal im Halbfinale h\u00e4ngen blieb, ist der Auftritt beim &#8222;Grand Final&#8220; schon ein Erfolg \u2013 und der Startplatz zwischen dem bunten Jendrik und der ruhigen Victoria aus Bulgarien ist sicher auch kein Nachteil.<\/p>\n<p style=\"text-align: justify;\"><strong><u>Prognose<\/u><\/strong>: Finnland rockt und ruckelt knapp an den Top Ten vorbei.<\/p>\n<p style=\"text-align: justify;\"><strong>\u00a0<\/strong><\/p>\n<p>&nbsp;<\/p>\n<p>&nbsp;<\/p>\n<p style=\"text-align: justify;\"><strong>\u00a0<\/strong><\/p>\n<p style=\"text-align: justify;\"><strong>17 BULGARIEN<\/strong><\/p>\n<p>&nbsp;<\/p>\n<figure id=\"attachment_165760\" aria-describedby=\"caption-attachment-165760\" style=\"width: 800px\" class=\"wp-caption alignnone\"><img decoding=\"async\" loading=\"lazy\" class=\"size-large wp-image-165760\" src=\"https:\/\/smago.de\/ws2\/wp-content\/uploads\/2021\/05\/17-Bulgarien-800x421.jpg\" alt=\"\" width=\"800\" height=\"421\" srcset=\"https:\/\/smago.de\/ws2\/wp-content\/uploads\/2021\/05\/17-Bulgarien-800x421.jpg 800w, https:\/\/smago.de\/ws2\/wp-content\/uploads\/2021\/05\/17-Bulgarien-522x275.jpg 522w, https:\/\/smago.de\/ws2\/wp-content\/uploads\/2021\/05\/17-Bulgarien-285x150.jpg 285w, https:\/\/smago.de\/ws2\/wp-content\/uploads\/2021\/05\/17-Bulgarien-768x404.jpg 768w, https:\/\/smago.de\/ws2\/wp-content\/uploads\/2021\/05\/17-Bulgarien-392x206.jpg 392w, https:\/\/smago.de\/ws2\/wp-content\/uploads\/2021\/05\/17-Bulgarien-130x68.jpg 130w, https:\/\/smago.de\/ws2\/wp-content\/uploads\/2021\/05\/17-Bulgarien-870x458.jpg 870w, https:\/\/smago.de\/ws2\/wp-content\/uploads\/2021\/05\/17-Bulgarien-292x154.jpg 292w, https:\/\/smago.de\/ws2\/wp-content\/uploads\/2021\/05\/17-Bulgarien-435x229.jpg 435w, https:\/\/smago.de\/ws2\/wp-content\/uploads\/2021\/05\/17-Bulgarien.jpg 1254w\" sizes=\"(max-width: 800px) 100vw, 800px\" \/><figcaption id=\"caption-attachment-165760\" class=\"wp-caption-text\"><em>\u00a9 EBU \/ Thomas Hanses<\/em><\/figcaption><\/figure>\n<p style=\"text-align: justify;\">Nachdem Bulgarien es in den ersten 9 Jahren seiner Teilnahme am ESC von 2005 bis 2013 nur einmal ins Finale schaffte, zog man sich 2014 und 2015 zur\u00fcck, um dann umso st\u00e4rker wieder zu kommen und mit Kristian Kostov 2017 auf Platz 2 sogar mal am Sieg zu schnuppern. Victoria wird das wahrscheinlich nicht ganz gelingen:<\/p>\n<p style=\"text-align: justify;\">Sie ist so etwas wie die bulgarische Billie Eilish \u2013 eine gebrochene Stimme, fragile Songs und doch starke Auftritte und eine hohe B\u00fchnenpr\u00e4senz. Sie besingt in &#8222;Growing Up Is Getting Old&#8220;, dass Erwachsenwerden auch Altwerden bedeutet und streicht dabei immer wieder sentimental \u00fcber ein Bild, das vor ihr im Sand liegt. Auf der Pressekonferenz erkl\u00e4rte sie die Bedeutung dieses Bildes f\u00fcr sie: Es zeigt sie als Kind mit ihrem Vater, den sie gerne zur Unterst\u00fctzung mit nach Rotterdam nehmen wollte, bei dem aber im vergangenen Jahr ALS diagnostiziert wurde und er so die Reise nicht antreten konnte. Durch dieses Foto ist er aber nun dennoch ganz nah bei ihr. Und damit der ganze Auftritt nicht zu zerbrechlich und &#8222;weich&#8220; daher kommt, feiert bei Victoria die bulgarische Variante Buffalos der 1980er Jahre ein Revival.\u00a0 Als &#8222;Mentorin&#8220; stand ihr \u00fcbrigens auch hier in Rotterdam Lucy Diakovska von den No Angels zur Seite und erkl\u00e4rt der Rothaarigen aus <strong>Bulgarien<\/strong>, wie es ist, auf der ganz gro\u00dfen B\u00fchne zu stehen \u2013 oder die meiste Zeit ihres Auftritts zu sitzen.<\/p>\n<p style=\"text-align: justify;\"><strong><u>Prognose<\/u><\/strong>: Sch\u00f6ner Auftritt, der hoffentlich seine Fans findet und Richtung Top Ten geht \u2013 irgendwas zwischen Platz 7 und 15 sollte am Ende dabei herauskommen.<\/p>\n<p style=\"text-align: justify;\"><strong>\u00a0<\/strong><\/p>\n<p>&nbsp;<\/p>\n<p>&nbsp;<\/p>\n<p style=\"text-align: justify;\"><strong>\u00a0<\/strong><\/p>\n<p style=\"text-align: justify;\"><strong>18 LITAUEN<\/strong><\/p>\n<p>&nbsp;<\/p>\n<figure id=\"attachment_165761\" aria-describedby=\"caption-attachment-165761\" style=\"width: 800px\" class=\"wp-caption alignnone\"><img decoding=\"async\" loading=\"lazy\" class=\"size-large wp-image-165761\" src=\"https:\/\/smago.de\/ws2\/wp-content\/uploads\/2021\/05\/18-Litauen-800x421.jpg\" alt=\"\" width=\"800\" height=\"421\" srcset=\"https:\/\/smago.de\/ws2\/wp-content\/uploads\/2021\/05\/18-Litauen-800x421.jpg 800w, https:\/\/smago.de\/ws2\/wp-content\/uploads\/2021\/05\/18-Litauen-522x275.jpg 522w, https:\/\/smago.de\/ws2\/wp-content\/uploads\/2021\/05\/18-Litauen-285x150.jpg 285w, https:\/\/smago.de\/ws2\/wp-content\/uploads\/2021\/05\/18-Litauen-768x404.jpg 768w, https:\/\/smago.de\/ws2\/wp-content\/uploads\/2021\/05\/18-Litauen-392x206.jpg 392w, https:\/\/smago.de\/ws2\/wp-content\/uploads\/2021\/05\/18-Litauen-130x68.jpg 130w, https:\/\/smago.de\/ws2\/wp-content\/uploads\/2021\/05\/18-Litauen-870x458.jpg 870w, https:\/\/smago.de\/ws2\/wp-content\/uploads\/2021\/05\/18-Litauen-292x154.jpg 292w, https:\/\/smago.de\/ws2\/wp-content\/uploads\/2021\/05\/18-Litauen-435x229.jpg 435w, https:\/\/smago.de\/ws2\/wp-content\/uploads\/2021\/05\/18-Litauen.jpg 1254w\" sizes=\"(max-width: 800px) 100vw, 800px\" \/><figcaption id=\"caption-attachment-165761\" class=\"wp-caption-text\"><em>\u00a9 EBU \/ Thomas Hanses<\/em><\/figcaption><\/figure>\n<p style=\"text-align: justify;\">Auch die Band <strong>The Roop<\/strong> aus <strong>Litauen<\/strong> ist einer derjenigen Teilnehmer, die bereits f\u00fcr 2020 ausgew\u00e4hlt worden waren und nun eine 2. Chance erhalten. 2020 galten sie bei vielen \u2013 auch bei mir \u2013 mit ihrem Song &#8222;On Fire&#8220; als eine der absoluten Top-Favoriten \u2013 und das vom NDR in der Elbphilharmonie am ESC-Abend ausgetragene kleine deutsche Finale mit Televoting gewannen sie auch. Ihr Song &#8222;Discoteque&#8220; bringt genau das, was der Titel verspricht: Disco-Sound, eher im Retro-Stil der 1980er und 1990er Jahre \u2013 aber corona-konform singen und tanzen sie &#8222;Let&#8217;s discoteque right at my home &#8211; It is okay to dance alone&#8220; im Kanarienvogelknallgelb \u2013 nicht nur auf der B\u00fchne, sondern auch im gesamten Umfeld des Contests. Selbst ihre Koffer hier sind leuchtend gelb.<br \/>\nPrognose: Trotz ung\u00fcnstiger Start-Nr. 1 sicher im Finale.<\/p>\n<p style=\"text-align: justify;\"><strong><u>Prognose<\/u><\/strong>: Ein sicherer Kandidat f\u00fcr die Top Ten und wenn alles gut l\u00e4uft auch f\u00fcr die Top 5. Dass der erste ESC-Sieg des einzigen Baltikum-Staates, der den ESC noch nie gewonnen hat, gelingt, ist allerdings nicht so wahrscheinlich. Zu schlagen gilt es intern aber die beste ESC-Platzierung Litauens\u00a0aus dem Jahr 2006 \u2013 damals kamen LT United mit dem programmatischen &#8222;We Are The Winners&#8220; auf Platz 6 in der Endabrechnung.<\/p>\n<p>&nbsp;<\/p>\n<p>&nbsp;<\/p>\n<p><img decoding=\"async\" loading=\"lazy\" class=\"alignnone size-full wp-image-165762\" src=\"https:\/\/smago.de\/ws2\/wp-content\/uploads\/2021\/05\/Logo-01.jpg\" alt=\"\" width=\"512\" height=\"288\" srcset=\"https:\/\/smago.de\/ws2\/wp-content\/uploads\/2021\/05\/Logo-01.jpg 512w, https:\/\/smago.de\/ws2\/wp-content\/uploads\/2021\/05\/Logo-01-267x150.jpg 267w, https:\/\/smago.de\/ws2\/wp-content\/uploads\/2021\/05\/Logo-01-392x221.jpg 392w, https:\/\/smago.de\/ws2\/wp-content\/uploads\/2021\/05\/Logo-01-130x73.jpg 130w, https:\/\/smago.de\/ws2\/wp-content\/uploads\/2021\/05\/Logo-01-292x164.jpg 292w, https:\/\/smago.de\/ws2\/wp-content\/uploads\/2021\/05\/Logo-01-435x245.jpg 435w, https:\/\/smago.de\/ws2\/wp-content\/uploads\/2021\/05\/Logo-01-510x288.jpg 510w\" sizes=\"(max-width: 512px) 100vw, 512px\" \/><\/p>\n","protected":false},"excerpt":{"rendered":"<p>Griechenland +++ Schweiz +++ Island +++ Spanien +++ Moldau +++ Deutschland +++ Finnland +++ Bulgarien +++ Litauen +++<\/p>\n","protected":false},"author":2,"featured_media":165762,"comment_status":"open","ping_status":"closed","sticky":false,"template":"","format":"standard","meta":{"_FSMCFIC_featured_image_caption":"","_FSMCFIC_featured_image_nocaption":"","_FSMCFIC_featured_image_hide":""},"categories":[27,128],"tags":[85],"acf":[],"_links":{"self":[{"href":"https:\/\/smago.de\/ws2\/wp-json\/wp\/v2\/posts\/165752"}],"collection":[{"href":"https:\/\/smago.de\/ws2\/wp-json\/wp\/v2\/posts"}],"about":[{"href":"https:\/\/smago.de\/ws2\/wp-json\/wp\/v2\/types\/post"}],"author":[{"embeddable":true,"href":"https:\/\/smago.de\/ws2\/wp-json\/wp\/v2\/users\/2"}],"replies":[{"embeddable":true,"href":"https:\/\/smago.de\/ws2\/wp-json\/wp\/v2\/comments?post=165752"}],"version-history":[{"count":3,"href":"https:\/\/smago.de\/ws2\/wp-json\/wp\/v2\/posts\/165752\/revisions"}],"predecessor-version":[{"id":165765,"href":"https:\/\/smago.de\/ws2\/wp-json\/wp\/v2\/posts\/165752\/revisions\/165765"}],"wp:featuredmedia":[{"embeddable":true,"href":"https:\/\/smago.de\/ws2\/wp-json\/wp\/v2\/media\/165762"}],"wp:attachment":[{"href":"https:\/\/smago.de\/ws2\/wp-json\/wp\/v2\/media?parent=165752"}],"wp:term":[{"taxonomy":"category","embeddable":true,"href":"https:\/\/smago.de\/ws2\/wp-json\/wp\/v2\/categories?post=165752"},{"taxonomy":"post_tag","embeddable":true,"href":"https:\/\/smago.de\/ws2\/wp-json\/wp\/v2\/tags?post=165752"}],"curies":[{"name":"wp","href":"https:\/\/api.w.org\/{rel}","templated":true}]}}