{"id":165525,"date":"2021-05-18T00:00:50","date_gmt":"2021-05-17T22:00:50","guid":{"rendered":"https:\/\/smago.de\/ws2\/?p=165525"},"modified":"2021-05-20T17:42:14","modified_gmt":"2021-05-20T15:42:14","slug":"bill-kaulitz-ina-mueller-u-a-heute-18-05-2021-das-erste-ard-3nach9","status":"publish","type":"post","link":"https:\/\/smago.de\/ws2\/pop\/bill-kaulitz-ina-mueller-u-a-heute-18-05-2021-das-erste-ard-3nach9\/","title":{"rendered":"BILL KAULITZ, INA M\u00dcLLER u.a. <br>Heute (18.05.2021), Das Erste \/ ARD: &#8222;3nach9&#8220;!"},"content":{"rendered":"<p style=\"text-align: justify;\">22:50 Uhr &#8211; 00:50 Uhr (Wh.: Fr., 21.05., NDR fernsehen + hr fernsehen, 22:00 Uhr &#8211; 00:00 Uhr)! Moderation: Judith Rakers und Giovanni di Lorenzo! Sehen Sie <strong><a href=\"https:\/\/presse.daserste.de\/programm\/programmablauf\/vorschau-3nach9-video-108.html\">HIER<\/a><\/strong> den Vorschau-Trailer &#8230;:<br \/>\n<!--more--><\/p>\n<p>&nbsp;<\/p>\n<p>&nbsp;<\/p>\n<p>&nbsp;<\/p>\n<p style=\"text-align: justify;\">Judith Rakers und Giovanni di Lorenzo begr\u00fc\u00dfen beim TALK am Dienstag, den 18. Mai, und bei 3nach9 am Freitag, den 21. Mai, folgende G\u00e4ste: Martin R\u00fctter, Bill Kaulitz, Ina M\u00fcller, Janis McDavid, Jasna Fritzi Bauer und Luise Wolfram sowie Jan Delay.<\/p>\n<p>&nbsp;<\/p>\n<p>&nbsp;<\/p>\n<p>&nbsp;<\/p>\n<p>&nbsp;<\/p>\n<h2 style=\"text-align: justify;\">Martin R\u00fctter<\/h2>\n<p>&nbsp;<\/p>\n<figure class=\"imagecontainer -imagecontainer-16x9 -imagecontainer-copytext -imagecontainer-small\" style=\"text-align: justify;\"><\/figure>\n<p style=\"text-align: justify;\">Der will doch nur spielen \u2013 dieser Satz beschreibt nicht unseren Gast, sondern die Klienten, mit denen er sich hauptberuflich besch\u00e4ftigt. Die Klienten sind Hunde \u2013 und er ist ihr Trainer: Martin R\u00fctter. F\u00fcr absolut jedes vierpfotige Problem hat er eine L\u00f6sung parat. Und weil er auch immer wieder Fragen zu der Beziehung zwischen Menschen und Tieren, aber auch \u00fcber das merkw\u00fcrdige Verhalten mancher Zweibeiner beantworten muss, gibt er nun sein Wissen auch in einem Podcast preis. Wir freuen uns auf ein 3nach9-Gespr\u00e4ch mit Deutschlands bekanntestem Hundetrainer \u2013 und wollen doch nur reden!<\/p>\n<p>&nbsp;<\/p>\n<p>&nbsp;<\/p>\n<p>&nbsp;<\/p>\n<h2 style=\"text-align: justify;\">Bill Kaulitz<\/h2>\n<p>&nbsp;<\/p>\n<figure class=\"imagecontainer -imagecontainer-16x9 -imagecontainer-copytext -imagecontainer-small\" style=\"text-align: justify;\"><\/figure>\n<p style=\"text-align: justify;\">Wer mit Anfang 30 seine Autobiografie schreibt, sollte schon einiges erlebt haben, wor\u00fcber es sich zu berichten lohnt. Keine Sorge: Das Leben des S\u00e4ngers Bill Kaulitz bietet au\u00dfergew\u00f6hnliche Geschichten en masse. Und doch war das Befassen mit seinen Lebensmomenten \u201edas Be\u00e4ngstigendste, was ich jemals getan habe\u201c, sagt er. Gemeinsam mit seinem Zwillingsbruder Tom und der Band \u201eTokio Hotel\u201c erlebte er vor gut 15 Jahren einen pl\u00f6tzlichen Weltruhm, der neben kreischenden Teenies, Exzentrik und Erfolg auch Einsamkeit hervorbrachte. Vielleicht nennt der in Leipzig Geborene sein Werk auch deshalb \u201eCareer Suicide&#8220;, was man in etwa mit \u201eKarriere Selbstmord&#8220; \u00fcbersetzen kann. Dar\u00fcber &#8211; und besonders \u00fcber die Beziehung zu Zwilling Tom und Schw\u00e4gerin Heidi Klum &#8211; berichtet Bill Kaulitz bei 3nach9.<\/p>\n<p>&nbsp;<\/p>\n<p>&nbsp;<\/p>\n<p>&nbsp;<\/p>\n<p>&nbsp;<\/p>\n<h2 style=\"text-align: justify;\">Ina M\u00fcller<\/h2>\n<p>&nbsp;<\/p>\n<figure class=\"imagecontainer -imagecontainer-16x9 -imagecontainer-copytext -imagecontainer-small\" style=\"text-align: justify;\"><\/figure>\n<p style=\"text-align: justify;\">Sie ist die Queen des gepflegten Tresen-Talks: Ina M\u00fcller. Im \u201eSchellfischposten\u201c, der legend\u00e4ren Kneipe im Hamburger Hafen, entlockt sie den G\u00e4sten ihrer eigenen Sendung so manch intimes Detail. Ihre zweite Leidenschaft neben dem Sabbeln ist das Singen &#8211; und das hat sie seit mehr als einem Jahr nicht mehr vor gro\u00dfem Publikum getan. Wie sehr es die Ehrenb\u00fcrgerin von K\u00f6hlen wieder auf die B\u00fchne zieht und welche Hausapotheke die gelernte pharmazeutisch-technische Assistentin immer auf ihrer Tour dabeihat, erz\u00e4hlt sie bei 3nach9.<\/p>\n<p>&nbsp;<\/p>\n<p>&nbsp;<\/p>\n<p>&nbsp;<\/p>\n<p>&nbsp;<\/p>\n<h2 style=\"text-align: justify;\">Janis McDavid<\/h2>\n<p>&nbsp;<\/p>\n<figure class=\"imagecontainer -imagecontainer-16x9 -imagecontainer-copytext -imagecontainer-small\" style=\"text-align: justify;\"><\/figure>\n<p style=\"text-align: justify;\">Jans McDavid wurde 1991 ohne Arme und Beine geboren. Seine Pflegeeltern, halfen ihm in seinem Aufwachsen oft dadurch, indem sie ihm nicht halfen, hat er einmal gesagt. Das habe ihn selbstst\u00e4ndig werden lassen. Und so handelt der mehrfach international ausgezeichnete Vortrags- und Motivationsredner heute nach dem Motto: Ich lasse mich nicht behindern. In seinem neuesten Werk wirft er provokant einen Blick auf das stets im Narzissmusverdacht stehende Ich und wird uns die Frage beantworten, warum Selbstwert einen guten Ruf genie\u00dft, das sogenannte Ego jedoch keineswegs.<\/p>\n<p>&nbsp;<\/p>\n<p>&nbsp;<\/p>\n<p>&nbsp;<\/p>\n<p>&nbsp;<\/p>\n<h2 style=\"text-align: justify;\">Jasna Fritzi Bauer und Luise Wolfram<\/h2>\n<p>&nbsp;<\/p>\n<figure class=\"imagecontainer -imagecontainer-16x9 -imagecontainer-copytext -imagecontainer-small\" style=\"text-align: justify;\"><\/figure>\n<p style=\"text-align: justify;\">Am Pfingstmontag tritt das neue Bremer \u201eTatort\u201c-Trio seinen Dienst im Ersten an. Luise Wolfram, vielen schon aus vorherigen Bremer Tatort-Folgen bekannt, kl\u00e4rt fortan gemeinsam mit Jasna Fritzi Bauer und dem D\u00e4nen Dar Salim Verbrechen in Bremen und umzu auf. Gemeinsam werden die beiden Hauptdarstellerinnen kurz vor Ausstrahlung des ersten Films \u201eTatort: Neugeboren\u201c im 3nach9-Studio an der Weser vorbeischauen. Sie kennen sich allerdings schon viel l\u00e4nger: \u00dcber ihre gemeinsame Zeit auf der Schauspielschule und \u00fcber den satirischen Weg hin zum ernsthaften Kriminalfilm, berichten beide bei 3nach9.<\/p>\n<p>&nbsp;<\/p>\n<p>&nbsp;<\/p>\n<p>&nbsp;<\/p>\n<h2 style=\"text-align: justify;\">Jan Delay<\/h2>\n<p>&nbsp;<\/p>\n<figure class=\"imagecontainer -imagecontainer-16x9 -imagecontainer-copytext -imagecontainer-small\" style=\"text-align: justify;\"><\/figure>\n<p style=\"text-align: justify;\">Wenn schon nicht in den Clubs getanzt werden kann, dann wird eben das heimische Wohnzimmer zur Disco. Ganz hervorragend funktionieren Tanzbewegungen mit dem f\u00fcnften Soloalbum von Jan Delay \u2013 voller Bass, Bumms und Positivit\u00e4t. Der wandlungsf\u00e4hige Musiker wirft Fragen auf, die dringend gekl\u00e4rt werden m\u00fcssen: Wie erh\u00e4lt er sich aktuell seinen positiven Blick auf die Welt? Fehlt dem Werder-Fan eher der Stadionbesuch oder die B\u00fchne? Und wie sieht es mit seinen Fahrk\u00fcnsten aus, nachdem er vor einem guten Jahr endlich seinen PKW-F\u00fchrerschein gemacht hat? Antworten darauf gibt es von Entertainer Jan Delay.<\/p>\n<p>&nbsp;<\/p>\n<p>&nbsp;<\/p>\n<p>&nbsp;<\/p>\n<p>&nbsp;<\/p>\n<p>&nbsp;<\/p>\n<p>Sehen Sie <strong><a href=\"https:\/\/presse.daserste.de\/programm\/programmablauf\/vorschau-3nach9-video-108.html\">HIER<\/a><\/strong> den Vorschau-Trailer!<\/p>\n<p>&nbsp;<\/p>\n<p>&nbsp;<\/p>\n<figure id=\"attachment_141782\" aria-describedby=\"caption-attachment-141782\" style=\"width: 800px\" class=\"wp-caption alignnone\"><img decoding=\"async\" loading=\"lazy\" class=\"size-full wp-image-141782\" src=\"https:\/\/smago.de\/ws2\/wp-content\/uploads\/2020\/02\/1_3nach9_Judith_Rakers_u_Giovanni_di_Lorenzo_2019-scaled-e1581448262515.jpg\" alt=\"\" width=\"800\" height=\"528\" srcset=\"https:\/\/smago.de\/ws2\/wp-content\/uploads\/2020\/02\/1_3nach9_Judith_Rakers_u_Giovanni_di_Lorenzo_2019-scaled-e1581448262515.jpg 800w, https:\/\/smago.de\/ws2\/wp-content\/uploads\/2020\/02\/1_3nach9_Judith_Rakers_u_Giovanni_di_Lorenzo_2019-scaled-e1581448262515-227x150.jpg 227w, https:\/\/smago.de\/ws2\/wp-content\/uploads\/2020\/02\/1_3nach9_Judith_Rakers_u_Giovanni_di_Lorenzo_2019-scaled-e1581448262515-522x345.jpg 522w, https:\/\/smago.de\/ws2\/wp-content\/uploads\/2020\/02\/1_3nach9_Judith_Rakers_u_Giovanni_di_Lorenzo_2019-scaled-e1581448262515-768x507.jpg 768w, https:\/\/smago.de\/ws2\/wp-content\/uploads\/2020\/02\/1_3nach9_Judith_Rakers_u_Giovanni_di_Lorenzo_2019-scaled-e1581448262515-130x86.jpg 130w, https:\/\/smago.de\/ws2\/wp-content\/uploads\/2020\/02\/1_3nach9_Judith_Rakers_u_Giovanni_di_Lorenzo_2019-scaled-e1581448262515-674x445.jpg 674w, https:\/\/smago.de\/ws2\/wp-content\/uploads\/2020\/02\/1_3nach9_Judith_Rakers_u_Giovanni_di_Lorenzo_2019-scaled-e1581448262515-791x522.jpg 791w, https:\/\/smago.de\/ws2\/wp-content\/uploads\/2020\/02\/1_3nach9_Judith_Rakers_u_Giovanni_di_Lorenzo_2019-scaled-e1581448262515-288x190.jpg 288w, https:\/\/smago.de\/ws2\/wp-content\/uploads\/2020\/02\/1_3nach9_Judith_Rakers_u_Giovanni_di_Lorenzo_2019-scaled-e1581448262515-435x287.jpg 435w, https:\/\/smago.de\/ws2\/wp-content\/uploads\/2020\/02\/1_3nach9_Judith_Rakers_u_Giovanni_di_Lorenzo_2019-scaled-e1581448262515-150x100.jpg 150w\" sizes=\"(max-width: 800px) 100vw, 800px\" \/><figcaption id=\"caption-attachment-141782\" class=\"wp-caption-text\"><em>Foto-Credit: Radio Bremen \/ Matthias Hornung<\/em><\/figcaption><\/figure>\n","protected":false},"excerpt":{"rendered":"<p>22:50 Uhr &#8211; 00:50 Uhr (Wh.: Fr., 21.05., NDR fernsehen + hr fernsehen, 22:00 Uhr &#8211; 00:00 Uhr)! Moderation: Judith<\/p>\n","protected":false},"author":2,"featured_media":141782,"comment_status":"open","ping_status":"closed","sticky":false,"template":"","format":"standard","meta":{"_FSMCFIC_featured_image_caption":"","_FSMCFIC_featured_image_nocaption":"","_FSMCFIC_featured_image_hide":""},"categories":[27,28,128],"tags":[215],"acf":[],"_links":{"self":[{"href":"https:\/\/smago.de\/ws2\/wp-json\/wp\/v2\/posts\/165525"}],"collection":[{"href":"https:\/\/smago.de\/ws2\/wp-json\/wp\/v2\/posts"}],"about":[{"href":"https:\/\/smago.de\/ws2\/wp-json\/wp\/v2\/types\/post"}],"author":[{"embeddable":true,"href":"https:\/\/smago.de\/ws2\/wp-json\/wp\/v2\/users\/2"}],"replies":[{"embeddable":true,"href":"https:\/\/smago.de\/ws2\/wp-json\/wp\/v2\/comments?post=165525"}],"version-history":[{"count":4,"href":"https:\/\/smago.de\/ws2\/wp-json\/wp\/v2\/posts\/165525\/revisions"}],"predecessor-version":[{"id":165654,"href":"https:\/\/smago.de\/ws2\/wp-json\/wp\/v2\/posts\/165525\/revisions\/165654"}],"wp:featuredmedia":[{"embeddable":true,"href":"https:\/\/smago.de\/ws2\/wp-json\/wp\/v2\/media\/141782"}],"wp:attachment":[{"href":"https:\/\/smago.de\/ws2\/wp-json\/wp\/v2\/media?parent=165525"}],"wp:term":[{"taxonomy":"category","embeddable":true,"href":"https:\/\/smago.de\/ws2\/wp-json\/wp\/v2\/categories?post=165525"},{"taxonomy":"post_tag","embeddable":true,"href":"https:\/\/smago.de\/ws2\/wp-json\/wp\/v2\/tags?post=165525"}],"curies":[{"name":"wp","href":"https:\/\/api.w.org\/{rel}","templated":true}]}}