{"id":165258,"date":"2021-05-13T23:59:34","date_gmt":"2021-05-13T21:59:34","guid":{"rendered":"https:\/\/smago.de\/ws2\/?p=165258"},"modified":"2021-05-13T10:28:05","modified_gmt":"2021-05-13T08:28:05","slug":"wincent-weiss-u-a-freitag-14-05-2021-in-der-ndr-talk-show-zu-gast","status":"publish","type":"post","link":"https:\/\/smago.de\/ws2\/pop\/wincent-weiss-u-a-freitag-14-05-2021-in-der-ndr-talk-show-zu-gast\/","title":{"rendered":"WINCENT WEISS u.a. <br>Freitag (14.05.2021) in der &#8222;NDR Talk Show&#8220; zu Gast!"},"content":{"rendered":"<p>NDR fernsehen + hr fernsehen, 22:00 Uhr &#8211; 00:00 Uhr! Moderation: Barbara Sch\u00f6neberger und Hubertus Meyer-Burckhardt!<br \/>\n<!--more--><\/p>\n<p>&nbsp;<\/p>\n<p>&nbsp;<\/p>\n<p>&nbsp;<\/p>\n<h2 style=\"text-align: justify;\">Horst Lichter, Koch und Moderator<\/h2>\n<div class=\"contentimage w50\" style=\"text-align: justify;\"><\/div>\n<p style=\"text-align: justify;\">Der geb\u00fcrtige Rheinl\u00e4nder ist in Deutschland als Koch, Kabarettist, Buchautor und Moderator bekannt: Horst Lichter. Zum Kochen kam der lebenslustige Publikumsliebling mit dem gezwirbelten Schnurrbart \u00fcber Umwege: Als junger Mann machte er eine Kochlehre, schmiss den Job aber erstmal hin und arbeitete zehn Jahre lang im Bergbau. Dann wurde sein Showtalent f\u00fcrs Fernsehen entdeckt, er bekam eigene TV-Shows und tourt mit B\u00fchnenprogrammen durch das deutschsprachige Europa. Von 2006 bis 2017 kochte er in der Sendung &#8222;Lafer! Lichter! Lecker!&#8220;, seit 2013 sucht er als ausgewiesener Tr\u00f6del-Fachmann in &#8222;Bares f\u00fcr Rares&#8220; Zuschauer:innen, die aus ihren Fundst\u00fccken in Keller, Speicher oder Garage bares Geld machen wollen. Anfang Mai gibt es ein neues Buch von ihm. Welche Geheimnisse er darin offenbart, verr\u00e4t der 59-J\u00e4hrige in der NDR Talk Show.<\/p>\n<p>&nbsp;<\/p>\n<p>&nbsp;<\/p>\n<p>&nbsp;<\/p>\n<p>&nbsp;<\/p>\n<h2 style=\"text-align: justify;\">Wincent Weiss, S\u00e4nger<\/h2>\n<p>&nbsp;<\/p>\n<p style=\"text-align: justify;\">Vor sechs Jahren hatte S\u00e4nger und Songwriter Wincent Weiss aus Bad Oldesloe in Schleswig-Holstein seinen Durchbruch. Seitdem ging es steil bergauf mit der Karriere des 28-J\u00e4hrigen. Doch vor zwei Jahren bekam der M\u00e4dchenschwarm auch die Schattenseiten des Ruhms zu sp\u00fcren. Er litt unter dem Erfolgsdruck, bekam Depressionen und hatte, wie er selbst sagt, die Leichtigkeit des Lebens verloren. Nicht nur diese Lebenserfahrungen hat er in den Songs auf seinem mittlerweile dritten Album &#8222;Vielleicht irgendwann&#8220; verarbeitet. In der NDR Talk Show erz\u00e4hlt Wincent Weiss au\u00dferdem, wie sehr ihn eine Reise nach Indien gepr\u00e4gt hat.<\/p>\n<p>&nbsp;<\/p>\n<p>&nbsp;<\/p>\n<p>&nbsp;<\/p>\n<p>&nbsp;<\/p>\n<h2 style=\"text-align: justify;\">Constantin Schreiber, Journalist, Autor und Sprecher der &#8222;tagesschau&#8220;<\/h2>\n<div class=\"contentimage w50\" style=\"text-align: justify;\"><\/div>\n<p style=\"text-align: justify;\">Journalist und Autor Constantin Schreiber wurde in Cuxhaven geboren und wuchs in Wilhelmshaven auf. Von dort aus zog es ihn in die weite Welt, er arbeitete als Reporter in Krisengebieten wie dem Libanon und Somalia. Seit 2011 moderiert er auf Arabisch f\u00fcr einen \u00e4gyptischen Sender eine Wissenschaftssendung. Die Hauptausgabe der &#8222;tagesschau&#8220; um 20.00 Uhr in Das Erste spricht er seit dem 4. Januar 2021. Zeit zum Schreiben findet der Vater zweier Kinder aber auch. Nach mehreren erfolgreichen Sachb\u00fcchern erscheint Anfang Mai sein erster Roman &#8222;Die Kandidatin&#8220;. In der NDR Talk Show erz\u00e4hlt Constantin Schreiber, inwieweit sein Leben in den letzten Jahren ruhiger geworden ist, welche Reaktionen es auf sein &#8222;tagesschau&#8220;-Deb\u00fct gab und welche Nachrichten er in Zukunft gerne vorlesen w\u00fcrde.<\/p>\n<p>&nbsp;<\/p>\n<p>&nbsp;<\/p>\n<p>&nbsp;<\/p>\n<p>&nbsp;<\/p>\n<h2 style=\"text-align: justify;\">Nora Tschirner, Schauspielerin<\/h2>\n<div class=\"contentimage w50\" style=\"text-align: justify;\"><\/div>\n<p style=\"text-align: justify;\">Nora Tschirner ist ein fester Bestandteil der deutschen Film- und TV-Landschaft. Sie feierte nicht nur an der Seite von Til Schweiger in den Kom\u00f6dien &#8222;Keinohrhasen&#8220; und &#8222;Zweiohrk\u00fcken&#8220; gro\u00dfe Kinoerfolge, sondern ermittelt auch seit 2013 mit Christian Ulmen im &#8222;Tatort&#8220;. Neben der Schauspielerei hat die 39-j\u00e4hrige aber auch immer einen &#8222;Plan B&#8220; und ist u. a. als Musikerin, Regisseurin und Produzentin t\u00e4tig &#8211; wie f\u00fcr die Dokumentation &#8222;Embrace&#8220;, die sich mit dem allt\u00e4glichen Sch\u00f6nheitswahn besch\u00e4ftigte, dem Frauen unterworfen sind. Jetzt spielt sie in der Dramedy-Serie &#8222;The Mopes&#8220;, in der sie als Monika in das Leben von Musiker Mat platzt. Dieser versucht alles, um sie loszuwerden &#8211; au\u00dfer zu akzeptieren, dass sie seine personifizierte Depression ist.\u00a0Nora Tschirner verriet k\u00fcrzlich, dass sie sich auch intensiv mit dem eigenen Ich und ihren unverarbeiteten Emotionen auseinandergesetzt und wegen depressiver Verstimmungen eine Therapie gemacht habe.<\/p>\n<p>&nbsp;<\/p>\n<p>&nbsp;<\/p>\n<p>&nbsp;<\/p>\n<p>&nbsp;<\/p>\n<h2 style=\"text-align: justify;\">Janina Kugel, Managerin und Aufsichtsr\u00e4tin<\/h2>\n<div class=\"contentimage w50\" style=\"text-align: justify;\"><\/div>\n<p style=\"text-align: justify;\">Ihr Berufswunsch als Jugendliche war Musikerin oder Snowboarderin. Geworden ist Janina Kugel eine der einflussreichsten Frauen der deutschen Wirtschaft. Bis vor einem Jahr war sie Personalvorst\u00e4ndin bei Siemens, zust\u00e4ndig f\u00fcr rund 380.000 Mitarbeitende. Als sie den Job \u00fcbernahm, kamen ihre Zwillinge gerade in die Grundschule. Muttersein war f\u00fcr sie nie eine Grenze. Zu ihrem Profil als Personalchefin geh\u00f6rte es auch, viele unbequeme Entscheidungen zu treffen. Mit frischen und innovativen Ideen schaffte sie es, die Unternehmenskultur des Gro\u00dfkonzerns Schritt f\u00fcr Schritt zu modernisieren. Jetzt will sie ihre Erfahrungen weitergeben f\u00fcr einen humanen Umgang mit Arbeitnehmenden in Zeiten von Digitalisierung, Globalisierung und Automatisierung. Au\u00dferdem setzt sie sich f\u00fcr eine weibliche Vorstandsquote in Unternehmen ein. &#8222;It\u00b4s now&#8220; lautet ihre Devise und der Titel ihres Buches. In der NDR Talk Show wird Janina Kugel erz\u00e4hlen, wie sie den Weg nach ganz oben geschafft hat und wie d\u00fcnn die Luft dort aber auch sein kann.<\/p>\n<p>&nbsp;<\/p>\n<p>&nbsp;<\/p>\n<p>&nbsp;<\/p>\n<p>&nbsp;<\/p>\n<h2 style=\"text-align: justify;\">Sophia Thiel, Bloggerin<\/h2>\n<div class=\"contentimage w50\" style=\"text-align: justify;\"><\/div>\n<p style=\"text-align: justify;\">Sophia Thiel hat erreicht, wovon viele tr\u00e4umen: eine kometenhafte Karriere in den sozialen Netzwerken. Mit ihrer Transformation vom pummeligen Teenager zur toughen Bodybuilderin wurde sie deutschlandweit bekannt. Was niemand wusste: Innerlich litt die geb\u00fcrtige Rosenheimerin unter ihrem Erfolg und dem Druck, st\u00e4ndig perfekt wirken zu m\u00fcssen. Durch eine immer restriktivere Di\u00e4t und extremes Training entwickelte sie eine handfeste Essst\u00f6rung und verschwand zwei Jahre von der Bildfl\u00e4che. Jetzt ist die Sportlerin zur\u00fcck und macht sich f\u00fcr Body Positivity, Selfcare und Mental Health stark.<\/p>\n<h2><\/h2>\n<h2><\/h2>\n<h2><\/h2>\n<h2><\/h2>\n<h2 style=\"text-align: justify;\">Benjamin Gutsche, Drehbuchautor und Regisseur<\/h2>\n<div class=\"contentimage w50\" style=\"text-align: justify;\"><\/div>\n<p style=\"text-align: justify;\">One-Night-Stands, die nicht locker lassen, langj\u00e4hrige Beziehungen, die pl\u00f6tzlich zerbrechen, wachsende Schuldenberge und geplatzte Lebenstr\u00e4ume &#8211; Stoff, der eine turbulente Dramady-Serie verspricht. &#8222;All you need&#8220;, die neue Miniserie der ARD Mediathek besteht aus genau diesen Zutaten. Im Unterschied zu anderen Serien, sind alle Protagonisten schwul. Der Drehbuchautor und Regisseur Benjamin Gutsche hat sich die neue Serie ausgedacht, weil er sagt: &#8222;Wir haben das Jahr 2021 und noch immer werden im Deutschen Fernsehen Charaktere aus der LGBTQI-Community haupts\u00e4chlich als Nebenfiguren erz\u00e4hlt.&#8220; Damit spricht er vielen Filmschaffenden aus tiefstem Herzen. In der NDR Talk Show wird er von dem langsamen Wandel in der Filmbranche erz\u00e4hlen und zeigen, wie universell die Themen aus der LGBTQI-Welt sind.<\/p>\n<p>&nbsp;<\/p>\n<p>&nbsp;<\/p>\n<figure id=\"attachment_160287\" aria-describedby=\"caption-attachment-160287\" style=\"width: 800px\" class=\"wp-caption alignnone\"><img decoding=\"async\" loading=\"lazy\" class=\"size-large wp-image-160287\" src=\"https:\/\/smago.de\/ws2\/wp-content\/uploads\/2021\/01\/4_NDR_Talk_Show_2016-1-800x534.jpg\" alt=\"\" width=\"800\" height=\"534\" srcset=\"https:\/\/smago.de\/ws2\/wp-content\/uploads\/2021\/01\/4_NDR_Talk_Show_2016-1-800x534.jpg 800w, https:\/\/smago.de\/ws2\/wp-content\/uploads\/2021\/01\/4_NDR_Talk_Show_2016-1-522x348.jpg 522w, https:\/\/smago.de\/ws2\/wp-content\/uploads\/2021\/01\/4_NDR_Talk_Show_2016-1-225x150.jpg 225w, https:\/\/smago.de\/ws2\/wp-content\/uploads\/2021\/01\/4_NDR_Talk_Show_2016-1-768x512.jpg 768w, https:\/\/smago.de\/ws2\/wp-content\/uploads\/2021\/01\/4_NDR_Talk_Show_2016-1-1536x1024.jpg 1536w, https:\/\/smago.de\/ws2\/wp-content\/uploads\/2021\/01\/4_NDR_Talk_Show_2016-1-2048x1366.jpg 2048w, https:\/\/smago.de\/ws2\/wp-content\/uploads\/2021\/01\/4_NDR_Talk_Show_2016-1-392x261.jpg 392w, https:\/\/smago.de\/ws2\/wp-content\/uploads\/2021\/01\/4_NDR_Talk_Show_2016-1-130x87.jpg 130w, https:\/\/smago.de\/ws2\/wp-content\/uploads\/2021\/01\/4_NDR_Talk_Show_2016-1-667x445.jpg 667w, https:\/\/smago.de\/ws2\/wp-content\/uploads\/2021\/01\/4_NDR_Talk_Show_2016-1-783x522.jpg 783w, https:\/\/smago.de\/ws2\/wp-content\/uploads\/2021\/01\/4_NDR_Talk_Show_2016-1-285x190.jpg 285w, https:\/\/smago.de\/ws2\/wp-content\/uploads\/2021\/01\/4_NDR_Talk_Show_2016-1-435x290.jpg 435w, https:\/\/smago.de\/ws2\/wp-content\/uploads\/2021\/01\/4_NDR_Talk_Show_2016-1-150x100.jpg 150w, https:\/\/smago.de\/ws2\/wp-content\/uploads\/2021\/01\/4_NDR_Talk_Show_2016-1-370x247.jpg 370w\" sizes=\"(max-width: 800px) 100vw, 800px\" \/><figcaption id=\"caption-attachment-160287\" class=\"wp-caption-text\"><em>Foto-Credit: NDR \/ Uwe Ernst<\/em><\/figcaption><\/figure>\n","protected":false},"excerpt":{"rendered":"<p>NDR fernsehen + hr fernsehen, 22:00 Uhr &#8211; 00:00 Uhr! Moderation: Barbara Sch\u00f6neberger und Hubertus Meyer-Burckhardt!<\/p>\n","protected":false},"author":2,"featured_media":160287,"comment_status":"open","ping_status":"closed","sticky":false,"template":"","format":"standard","meta":{"_FSMCFIC_featured_image_caption":"","_FSMCFIC_featured_image_nocaption":"","_FSMCFIC_featured_image_hide":""},"categories":[27,128],"tags":[254],"acf":[],"_links":{"self":[{"href":"https:\/\/smago.de\/ws2\/wp-json\/wp\/v2\/posts\/165258"}],"collection":[{"href":"https:\/\/smago.de\/ws2\/wp-json\/wp\/v2\/posts"}],"about":[{"href":"https:\/\/smago.de\/ws2\/wp-json\/wp\/v2\/types\/post"}],"author":[{"embeddable":true,"href":"https:\/\/smago.de\/ws2\/wp-json\/wp\/v2\/users\/2"}],"replies":[{"embeddable":true,"href":"https:\/\/smago.de\/ws2\/wp-json\/wp\/v2\/comments?post=165258"}],"version-history":[{"count":2,"href":"https:\/\/smago.de\/ws2\/wp-json\/wp\/v2\/posts\/165258\/revisions"}],"predecessor-version":[{"id":165260,"href":"https:\/\/smago.de\/ws2\/wp-json\/wp\/v2\/posts\/165258\/revisions\/165260"}],"wp:featuredmedia":[{"embeddable":true,"href":"https:\/\/smago.de\/ws2\/wp-json\/wp\/v2\/media\/160287"}],"wp:attachment":[{"href":"https:\/\/smago.de\/ws2\/wp-json\/wp\/v2\/media?parent=165258"}],"wp:term":[{"taxonomy":"category","embeddable":true,"href":"https:\/\/smago.de\/ws2\/wp-json\/wp\/v2\/categories?post=165258"},{"taxonomy":"post_tag","embeddable":true,"href":"https:\/\/smago.de\/ws2\/wp-json\/wp\/v2\/tags?post=165258"}],"curies":[{"name":"wp","href":"https:\/\/api.w.org\/{rel}","templated":true}]}}