{"id":165227,"date":"2021-05-12T14:56:20","date_gmt":"2021-05-12T12:56:20","guid":{"rendered":"https:\/\/smago.de\/ws2\/?p=165227"},"modified":"2021-05-12T15:00:06","modified_gmt":"2021-05-12T13:00:06","slug":"free-european-song-contest-europa-zu-gast-beim-freeesc","status":"publish","type":"post","link":"https:\/\/smago.de\/ws2\/pop\/free-european-song-contest-europa-zu-gast-beim-freeesc\/","title":{"rendered":"\u201eFREE EUROPEAN SONG CONTEST\u201c <br>Europa zu Gast beim #FreeESC:"},"content":{"rendered":"<p>Amy Macdonald, Milow, Rea Garvey und Ben Dolic singen am Samstag um den Sieg beim zweiten \u201eFREE EUROPEAN SONG CONTEST\u201c! Doch auch K\u00fcnstler*innen wie Fantasy und Jasmin Wagner sind mit dabei &#8230;:<br \/>\n<!--more--><\/p>\n<p>&nbsp;<\/p>\n<p>&nbsp;<\/p>\n<p style=\"text-align: justify;\">Das musikalische Europa vereint in K\u00f6ln: Stefan Raab und ProSieben feiern am 15. Mai 2021, um 20:15 Uhr den zweiten \u201eFREE EUROPEAN SONG CONTEST\u201c. Vor 18.000 Sitzpl\u00e4tzen in der Lanxess Arena begr\u00fc\u00dft das Moderatorenduo Conchita Wurst und Steven G\u00e4tjen am Samstag live 16 internationale K\u00fcnstler:innen aus ganz Europa. Welche Musikgr\u00f6\u00dfen schicken die 16 Teilnehmerl\u00e4nder ins Rennen um den Sieg? Wem spricht Europa die meisten Punkte zu? Wer wird zweite:r Sieger:in des 2020 ins Leben gerufenen, freien europ\u00e4ischen Songwettbewerbs?<\/p>\n<p style=\"text-align: justify;\"><strong>Amy Macdonald <\/strong>erreichte mit ihrer Debutsingle \u201eThis Is The Life\u201c aus dem Jahr 2007 insgesamt f\u00fcnfmal Platin und f\u00fcnfmal Gold. Beim \u201eFREE EUROPEAN SONG CONTEST\u201c vertritt sie ihre Heimat <strong>Schottland<\/strong>. Hitgarant <strong>Milow<\/strong> (\u201eYou and Me\u201c) stammt aus Antwerpen und geht f\u00fcr <strong>Belgien<\/strong> an den Start. Nach Platz 2 bei #TVOG will der in Ljubljana geborene <strong>Ben Dolic<\/strong> beim #FreeESC das Siegertreppchen f\u00fcr seine Heimat <strong>Slowenien<\/strong> erklimmen. <strong>Mandy Capristo<\/strong> feierte Charterfolge mit der Band Monrose und als Solok\u00fcnstlerin. Sie tritt f\u00fcr <strong>Italien<\/strong>, die Heimat ihres Vaters an. Die Mitglieder der Folk-Band<strong>Mighty Oaks <\/strong>haben Wurzeln in den USA, Italien und <strong>England<\/strong>, f\u00fcr das sie beim #FreeESC an den Start gehen. Mit seinem Remix von \u201eBella Ciao\u201c landete der in Marseille geborene DJ und Musikproduzent Florent <strong>Hugel<\/strong> den offiziellen Sommerhit 2018. Beim #FreeESC legt er f\u00fcr <strong>Frankreich<\/strong> auf. Seit mehr als 20 Jahren produziert <strong>Rea Garvey<\/strong> Hits am laufenden Band. Am Samstag rockt er f\u00fcr seine Heimat <strong>Irland<\/strong>. <strong>Jasmin Wagner<\/strong> , in den Neunzigern als \u201eBl\u00fcmchen\u201c aus den Charts nicht wegzudenken, will den Sieg f\u00fcr <strong>Kroatien<\/strong>, das Heimatland ihrer Mutter. Mit einer Mischung aus Rock \u2019n\u2018 Roll und Countrymusik st\u00fcrmte <strong>Danny<\/strong> <strong>Vera <\/strong>die Charts in Holland und feierte mit \u201eRoller Coaster\u201c internationalErfolge. Er vertritt die <strong>Niederlande<\/strong>. S\u00e4ngerin <strong>Mathea<\/strong> schaffte 2018 mit ihrem Song \u201e2x\u201c den Durchbruch und singt beim \u201eFREE EUROPEAN SONG CONTEST\u201c f\u00fcr ihre Heimat <strong>\u00d6sterreich<\/strong>. Der polnisch st\u00e4mmige Martin und der geb\u00fcrtige Kroate Fredi gehen als Schlagerduo <strong>Fantasy<\/strong> f\u00fcr <strong>Polen<\/strong> an den Start. <strong>R&amp;B-<\/strong>S\u00e4nger <strong>Seven<\/strong> feiert seit seinem Debutalbum 2004 in der <strong>Schweiz<\/strong> Charterfolge und will am Samstag den Sieg f\u00fcr den Alpenstaat holen. Nach ihrer Zeit bei Popstars startete die Musikerin <strong>Elif<\/strong>ihre Solokarriere. Beim #FreeESC singt sie f\u00fcr die <strong>T\u00fcrkei<\/strong>. <strong>Sotiria<\/strong> wurde als S\u00e4ngerin der Band Eisblume bekannt. Sie tritt f\u00fcr <strong>Griechenland<\/strong>, das Herkunftsland ihres Namens und ihres Vaters an. Durch die Adern von <strong>Juan Dani\u00e9l<\/strong> flie\u00dft spanisches Blut. Der Latino-Pop-S\u00e4nger will 2021 f\u00fcr <strong>Spanien<\/strong>den zweiten #FreeESC-Titel holen. Den Teilnehmer f\u00fcr <strong>Deutschland<\/strong> erfahren die Zuschauer:innen am Samstagabend live in der Show. Stefan Raab: \u201eAuch in diesem Jahr gilt: F\u00fcr Deutschland tritt eine echte Legende an. Dazu sieht er auch noch unglaublich gut aus.<\/p>\n<p style=\"text-align: justify;\"><strong>Musik ohne Barrieren: <\/strong>ProSieben bietet beim #FreeESC<strong> Live-Geh\u00f6rlosenuntertitel <\/strong>(Videotext Seite 149) und<strong> Live-Audiodeskription <\/strong>via App f\u00fcr Blinde und Sehbehinderte an. Weitere Informationen und Links zur AD gibt es auf der Internetseite: <a href=\"http:\/\/www.prosieben.de\/AD\">www.prosieben.de\/AD.<\/a><\/p>\n<p>&nbsp;<\/p>\n<p>&nbsp;<\/p>\n<p>&nbsp;<\/p>\n<p>&nbsp;<\/p>\n<p>&nbsp;<\/p>\n<p style=\"text-align: justify;\"><strong><u>Die L\u00e4nder und Teilnehmer:innen in alphabetischer Reihenfolge:<\/u><\/strong><\/p>\n<p>&nbsp;<\/p>\n<p>&nbsp;<\/p>\n<p>&nbsp;<\/p>\n<p style=\"text-align: justify;\"><strong>Belgien: <\/strong>Milow<\/p>\n<p style=\"text-align: justify;\"><strong>England: <\/strong>Mighty Oaks<\/p>\n<p style=\"text-align: justify;\"><strong>Frankreich: <\/strong>Hugel<\/p>\n<p style=\"text-align: justify;\"><strong>Griechenland: <\/strong>Sotiria<\/p>\n<p style=\"text-align: justify;\"><strong>Irland: <\/strong>Rea Garvey<\/p>\n<p style=\"text-align: justify;\"><strong>Italien: <\/strong>Mandy Capristo<\/p>\n<p style=\"text-align: justify;\"><strong>Kroatien: <\/strong>Jasmin Wagner<\/p>\n<p style=\"text-align: justify;\"><strong>Niederlande: <\/strong>Danny Vera<\/p>\n<p style=\"text-align: justify;\"><strong>\u00d6sterreich: <\/strong>Mathea<\/p>\n<p style=\"text-align: justify;\"><strong>Polen: <\/strong>Fantasy<\/p>\n<p style=\"text-align: justify;\"><strong>Schottland: <\/strong>Amy Macdonald<\/p>\n<p style=\"text-align: justify;\"><strong>Schweiz: <\/strong>Seven<\/p>\n<p style=\"text-align: justify;\"><strong>Slowenien: <\/strong>Ben Dolic<\/p>\n<p style=\"text-align: justify;\"><strong>Spanien: <\/strong>Juan Dani\u00e9l<\/p>\n<p style=\"text-align: justify;\"><strong>T\u00fcrkei: <\/strong>Elif<\/p>\n<p>&nbsp;<\/p>\n<p>&nbsp;<\/p>\n<p>&nbsp;<\/p>\n<p style=\"text-align: justify;\">Produziert wird der #FreeESC von Raab TV im Auftrag von ProSieben.<\/p>\n<p>&nbsp;<\/p>\n<p style=\"text-align: justify;\"><strong>Der \u201eFREE EUROPEAN SONG CONTEST\u201d am Samstag, 15. Mai 2021, live, um 20:15 Uhr auf ProSieben und auf Joyn<\/strong><\/p>\n<p>&nbsp;<\/p>\n<p style=\"text-align: justify;\"><strong>Hashtag zur Show: <\/strong>#FreeESC<\/p>\n<p>&nbsp;<\/p>\n<p>&nbsp;<\/p>\n<figure id=\"attachment_165202\" aria-describedby=\"caption-attachment-165202\" style=\"width: 800px\" class=\"wp-caption alignnone\"><img decoding=\"async\" loading=\"lazy\" class=\"size-large wp-image-165202\" src=\"https:\/\/smago.de\/ws2\/wp-content\/uploads\/2021\/05\/8WW_1070-800x533.jpg\" alt=\"\" width=\"800\" height=\"533\" srcset=\"https:\/\/smago.de\/ws2\/wp-content\/uploads\/2021\/05\/8WW_1070-800x533.jpg 800w, https:\/\/smago.de\/ws2\/wp-content\/uploads\/2021\/05\/8WW_1070-522x348.jpg 522w, https:\/\/smago.de\/ws2\/wp-content\/uploads\/2021\/05\/8WW_1070-225x150.jpg 225w, https:\/\/smago.de\/ws2\/wp-content\/uploads\/2021\/05\/8WW_1070-768x512.jpg 768w, https:\/\/smago.de\/ws2\/wp-content\/uploads\/2021\/05\/8WW_1070-1536x1024.jpg 1536w, https:\/\/smago.de\/ws2\/wp-content\/uploads\/2021\/05\/8WW_1070-2048x1365.jpg 2048w, https:\/\/smago.de\/ws2\/wp-content\/uploads\/2021\/05\/8WW_1070-392x261.jpg 392w, https:\/\/smago.de\/ws2\/wp-content\/uploads\/2021\/05\/8WW_1070-130x87.jpg 130w, https:\/\/smago.de\/ws2\/wp-content\/uploads\/2021\/05\/8WW_1070-668x445.jpg 668w, https:\/\/smago.de\/ws2\/wp-content\/uploads\/2021\/05\/8WW_1070-783x522.jpg 783w, https:\/\/smago.de\/ws2\/wp-content\/uploads\/2021\/05\/8WW_1070-285x190.jpg 285w, https:\/\/smago.de\/ws2\/wp-content\/uploads\/2021\/05\/8WW_1070-435x290.jpg 435w, https:\/\/smago.de\/ws2\/wp-content\/uploads\/2021\/05\/8WW_1070-150x100.jpg 150w, https:\/\/smago.de\/ws2\/wp-content\/uploads\/2021\/05\/8WW_1070-370x247.jpg 370w\" sizes=\"(max-width: 800px) 100vw, 800px\" \/><figcaption id=\"caption-attachment-165202\" class=\"wp-caption-text\"><em>Foto-Credit: ProSieben \/ Willi Weber<\/em><\/figcaption><\/figure>\n","protected":false},"excerpt":{"rendered":"<p>Amy Macdonald, Milow, Rea Garvey und Ben Dolic singen am Samstag um den Sieg beim zweiten \u201eFREE EUROPEAN SONG CONTEST\u201c!<\/p>\n","protected":false},"author":2,"featured_media":165202,"comment_status":"open","ping_status":"closed","sticky":false,"template":"","format":"standard","meta":{"_FSMCFIC_featured_image_caption":"","_FSMCFIC_featured_image_nocaption":"","_FSMCFIC_featured_image_hide":""},"categories":[27,28,128],"tags":[2066],"acf":[],"_links":{"self":[{"href":"https:\/\/smago.de\/ws2\/wp-json\/wp\/v2\/posts\/165227"}],"collection":[{"href":"https:\/\/smago.de\/ws2\/wp-json\/wp\/v2\/posts"}],"about":[{"href":"https:\/\/smago.de\/ws2\/wp-json\/wp\/v2\/types\/post"}],"author":[{"embeddable":true,"href":"https:\/\/smago.de\/ws2\/wp-json\/wp\/v2\/users\/2"}],"replies":[{"embeddable":true,"href":"https:\/\/smago.de\/ws2\/wp-json\/wp\/v2\/comments?post=165227"}],"version-history":[{"count":3,"href":"https:\/\/smago.de\/ws2\/wp-json\/wp\/v2\/posts\/165227\/revisions"}],"predecessor-version":[{"id":165230,"href":"https:\/\/smago.de\/ws2\/wp-json\/wp\/v2\/posts\/165227\/revisions\/165230"}],"wp:featuredmedia":[{"embeddable":true,"href":"https:\/\/smago.de\/ws2\/wp-json\/wp\/v2\/media\/165202"}],"wp:attachment":[{"href":"https:\/\/smago.de\/ws2\/wp-json\/wp\/v2\/media?parent=165227"}],"wp:term":[{"taxonomy":"category","embeddable":true,"href":"https:\/\/smago.de\/ws2\/wp-json\/wp\/v2\/categories?post=165227"},{"taxonomy":"post_tag","embeddable":true,"href":"https:\/\/smago.de\/ws2\/wp-json\/wp\/v2\/tags?post=165227"}],"curies":[{"name":"wp","href":"https:\/\/api.w.org\/{rel}","templated":true}]}}