{"id":165051,"date":"2021-05-10T00:00:35","date_gmt":"2021-05-09T22:00:35","guid":{"rendered":"https:\/\/smago.de\/ws2\/?p=165051"},"modified":"2021-05-09T23:20:07","modified_gmt":"2021-05-09T21:20:07","slug":"tanja-lasch-100-liebe-oder-das-grosse-smago-exklusiv-interview-mit-tanja-lasch","status":"publish","type":"post","link":"https:\/\/smago.de\/ws2\/pop-schlager\/tanja-lasch-100-liebe-oder-das-grosse-smago-exklusiv-interview-mit-tanja-lasch\/","title":{"rendered":"TANJA LASCH <br>&#8222;100% LIEBE&#8220; ODER Das gro\u00dfe smago! Exklusiv-Interview mit Tanja Lasch!"},"content":{"rendered":"<p>Mit ihrem Titel &#8222;Marie&#8220; f\u00fchrt Tanja Lasch derzeit die Radio Charts &#8222;Deutschland Konservativ Pop&#8220; an! Ihr viertes Album &#8222;100% LIEBE&#8220; ist seit Freitag (07.05.2021) im Handel!<br \/>\n<!--more--><\/p>\n<p>&nbsp;<\/p>\n<p>&nbsp;<\/p>\n<p>&nbsp;<\/p>\n<p style=\"text-align: justify;\"><strong>Liebe Tanja, &#8222;100% LIEBE&#8220; ist bereits dein 4. Album. (Auf das erste mussten die Fans ja unendlich lange warten &#8230;) Wie viel Prozent Tanja Lasch steckt wirklich in &#8222;100% LIEBE\u201c?<\/strong><\/p>\n<p style=\"text-align: justify;\">Ich kann versichern, 100%. Alle 14 Texte stammen aus meiner Feder. Es gibt nicht ein Gef\u00fchl \u00fcber das ich singe, was nicht zu 100% aus meinem Herzen kommt.<\/p>\n<p style=\"text-align: justify;\">Genau so w\u00fcrde ich lieben, leben, f\u00fchlen und leiden. Ich muss nicht alles erlebt haben was ich in meinen Liedern ausdr\u00fccke, aber ich versetze mich in diese Situation schreibe aus dem Herzen heraus.<\/p>\n<p style=\"text-align: justify;\"><strong>Wie authentisch ist der Titel &#8222;Marie&#8220;? \u00a0\/\/ Wie ist der Song entstanden?\u00a0<\/strong><\/p>\n<p style=\"text-align: justify;\">Die Idee und die Zeile zum Song hatte ich schon lange.<\/p>\n<p style=\"text-align: justify;\">Als Andr\u00e9 Stade und ich dann 2020 die ersten Songs schrieben, erinnerte ich mich an die Message, die ich mit diesem Song ausdr\u00fccken wollte. Den Menschen auch in schwierigen Zeiten beizustehen. F\u00fcr mich war es ein MUSS, diesen Song auf das kommende Album zu bringen. Wichtig ist mir ganz besonders, schwere Themen mit einer Leichtigkeit zu versehen. Die Menschen m\u00f6chten nicht an das Negative erinnert werden, darum ist meine Message: \u201eSieh dir die Welt in ihren bunten Farben an. Ich bin f\u00fcr dich da, wir gehen raus und leben.\u201c<\/p>\n<p style=\"text-align: justify;\"><strong>Sollte das Album nicht urspr\u00fcnglich von &#8222;Schlagerpilot&#8220; Stefan Peters (= Stefan P\u00f6ssnicker) produziert werden?<\/strong><\/p>\n<p style=\"text-align: justify;\">Das ist richtig. Wir haben uns allerdings unter den Corona Bedingungen sauber geeinigt, dass wir f\u00fcr dieses Album, bis auf dem Titel \u201eDas Schl\u00fcsselloch\u201c nicht zusammenarbeiten werden.<\/p>\n<p style=\"text-align: justify;\"><strong>Wie lief die Zusammenarbeit mit Andr\u00e9 Stade? (Er hat ja beispielsweise auch das Album von Vivien Gold produziert &#8230;)<\/strong><\/p>\n<p style=\"text-align: justify;\">Zum Andr\u00e9 kann ich nur sagen: hervorragend.<\/p>\n<p style=\"text-align: justify;\">Wir kennen uns schon sehr lange, hatten aber nie das Vergn\u00fcgen, zusammenzuarbeiten.<\/p>\n<p style=\"text-align: justify;\">Meine Managerin hat uns dann zusammengebracht.<\/p>\n<p style=\"text-align: justify;\">Andr\u00e9 ist ein Meister seines Faches und hat mich musikalisch in Sachen gecoacht, wie ich vorher nie gearbeitet habe.<\/p>\n<p style=\"text-align: justify;\"><strong>Wie hat dein &#8211; zwischenzeitlich fast erwachsener &#8211; Sohn auf den Titel &#8222;Mein Kind&#8220; reagiert?<\/strong><\/p>\n<p style=\"text-align: justify;\">Ich gestehe, er hat ihn noch nicht geh\u00f6rt \ud83d\ude42 Ich bin gespannt, wie er reagiert, wenn ich ihm das Album \u00fcberreichen kann.<\/p>\n<p style=\"text-align: justify;\"><strong>Empfindest du irgendwelche \u201eSchuldgef\u00fchle\u201c ihm gegen\u00fcber (hinsichtlich der Scheidung von deinem Ex-Mann)?<\/strong><\/p>\n<p style=\"text-align: justify;\">Ja. Wie im meinem Song beschrieben, h\u00e4tte ich ihm sehr gerne gezeigt, wie man eine Liebe ewig lebt. Das wollte ich ihm mit auf den Weg geben. Dass man festhalten und k\u00e4mpfen soll, auch in schwierigen Zeiten, bis wirklich nichts mehr geht.<\/p>\n<p style=\"text-align: justify;\">Er war in einem pubertierenden Alter und hat es mir mit seinen Fragen oft nicht leicht gemacht. Dennoch war die Trennung f\u00fcr uns alle beste Entscheidung und heute sieht er die Dinge mit anderen Augen.<\/p>\n<p style=\"text-align: justify;\"><strong>Der Titel \u201cSchmetterlingsarmee\u201d handelt von &#8222;einer gro\u00dfen, aber verbotenen Liebe&#8220;. Welches &#8222;Kopfkino&#8220; liegt diesem Song zugrunde.<\/strong><\/p>\n<p style=\"text-align: justify;\">Das liegt im Auge des Betrachters. Eine verbotene Liebe muss nicht immer gleich eine Aff\u00e4re sein. Aber ja, diese Frau im Song bin ich mit all ihren Gef\u00fchlen, Leidenschaften, starken Emotionen und Gedanken.<\/p>\n<p style=\"text-align: justify;\">Einer meiner Lieblingssongs meines Albums 100% LIEBE.<\/p>\n<p style=\"text-align: justify;\"><strong>Wie oft musstest du selbst schon erkennen &#8222;Sie liebt dich mehr als ich&#8220; und wie bist du jeweils damit umgegangen?<\/strong><\/p>\n<p style=\"text-align: justify;\">Einmal musste ich es erkennen. Ich habe lange mit mir gehadert, ob ich ihn \u201efreigebe\u201c.<\/p>\n<p style=\"text-align: justify;\">Schien doch alles so perfekt f\u00fcr mich. So perfekt, dass ich sicher war, dass es noch Liebe ist. Es wurde nach und nach aber zur Freundschaft und heute lebt er immer noch gl\u00fcck-lich mit ihr zusammen.<\/p>\n<p style=\"text-align: justify;\"><strong>Deine Schwester Diana hat sich ganz aus der Musik verabschiedet?<\/strong><\/p>\n<p style=\"text-align: justify;\">Ja. Sie wollte diesen Weg w\u00e4hlen und scheint damit gl\u00fccklich zu sein.<\/p>\n<p style=\"text-align: justify;\"><strong>Ist es Zufall, dass dein neues Album p\u00fcnktlich zum Muttertag erschienen ist?\u00a0<\/strong><\/p>\n<p style=\"text-align: justify;\">Du spielt auf meinen Song \u201eMama\u201c an. Es war mein Wunsch, dieses Album an diesem Tag zu ver\u00f6ffentlichen. Ich hoffe nat\u00fcrlich, dass mein Album noch \u00fcber dieses Datum hinaus aktuell ist. Aber selbstverst\u00e4ndlich freue ich mich, wenn M\u00fctter mit meinem Album beschenkt werden. Nicht zuletzt vielleicht auch, aufgrund dieses wunderbar, emotiona-len Songs.<\/p>\n<p style=\"text-align: justify;\"><strong>W\u00fcrdest du dich eher als &#8222;Mama&#8220;- oder als &#8222;Papa-Kind&#8220; bezeichnen?<\/strong><\/p>\n<p style=\"text-align: justify;\">Ich bin definitiv beides. Ich habe eine sehr starke Bindung zu meinen Eltern und habe meine Geheimnisse, \u00c4ngste und Gedanken immer mit beiden geteilt.<\/p>\n<p style=\"text-align: justify;\"><strong>Wann hast du das erste Mal bemerkt, dass dein Vater dir das Textdichter-Gen vererbt hat?<\/strong><\/p>\n<p style=\"text-align: justify;\">Relativ fr\u00fch. Ich fing mit 10 Jahren an, deutsche Texte auf englischsprachige Songs zu schreiben. Das gefiel meinem Vater so gut, dass ich ihm voller stolz jeden Tag damit be-eindrucken wollte. Als wir nach der Wende wieder zur\u00fcck nach Berlin gezogen sind, ha-be ich f\u00fcr meine gesamte Klasse Abschiedsgedichte geschrieben. So richtig realisiert habe ich es aber dennoch, als die ersten Anfragen an mich als Autorin kamen.<\/p>\n<p style=\"text-align: justify;\"><strong>&#8222;Mein wildes Herz&#8220; kommt im Eurythmics-Sound daher. Wie erkl\u00e4rst du dir das derzeitige 80er Revival im Schlager (siehe Beatrice Egli, Laura Wilde, Maite Kelly \u2026)?<\/strong><\/p>\n<p style=\"text-align: justify;\">Die 80er waren eine tolle, musikalische Zeit, an die viele Menschen gerne zur\u00fcckdenken. Diese Sounds waren damals schon sehr modern und k\u00f6nnen durchaus mit den Sounds der heutigen Zeit mithalten. Und junge Menschen, denen die 80er nicht vertraut sind, lieben diese Sounds ebenso.<\/p>\n<p style=\"text-align: justify;\"><strong>Inwieweit hat Corona in dir eine vor\u00fcbergehende \u201eSchreib-Blockade\u201c ausgel\u00f6st (, wenn \u00fcberhaupt)?<\/strong><\/p>\n<p style=\"text-align: justify;\">Am Anfang war es in der Tat schwierig. Das hat sich aber schnell ge\u00e4ndert da ich mich voll und ganz auf das Schreiben konzentrieren konnte. Ich dachte ja auch von Monat zu Monat, dass alles bald ein Ende hat und fieberte den Auftritten mit meinen neuen Songs entgegen. Vielleicht w\u00e4re aber ein Song wie \u201eMarie\u201c nie so schnell entstanden, wenn wir diese Krise nicht gehabt h\u00e4tten.<\/p>\n<p style=\"text-align: justify;\"><strong>Inwieweit ist \u201e1 Prozent (von deiner Liebe)\u201c als Liebeserkl\u00e4rung an deinen neuen Partner Reik zu verstehen?<\/strong><\/p>\n<p style=\"text-align: justify;\">Wenn ich ihm jetzt sage, dass mir 1 Prozent von seiner Liebe reichen w\u00fcrde, w\u00fcrde er sich vielleicht nicht mehr so ins Zeug legen. \ud83d\ude42<\/p>\n<p>Dieser Song ist eher aus der Sicht unserer Anfangszeit geschrieben. Da, wo man noch nicht wusste, wie fest unsere Beziehung wird. Da, wo viel Trubel um mich herum herrschte. Da war er f\u00fcr mich da und damals h\u00e4tte mir auch nur 1 Prozent seiner Liebe, nur ein Zentimeter seiner Haut gereicht. Heute w\u00fcrde ich mir selbst einen Vogel zeigen.<\/p>\n<p style=\"text-align: justify;\"><strong>K\u00f6nntest du dir vorstellen, dass vielleicht bald noch mal die Hochzeitsglocken l\u00e4uten?<\/strong><\/p>\n<p style=\"text-align: justify;\">Warum eigentlich nicht\u2026..<\/p>\n<p>&nbsp;<\/p>\n<p>&nbsp;<\/p>\n<p><img decoding=\"async\" loading=\"lazy\" class=\"alignnone size-large wp-image-161696\" src=\"https:\/\/smago.de\/ws2\/wp-content\/uploads\/2021\/02\/lasch_100liebe-800x800.jpg\" alt=\"\" width=\"800\" height=\"800\" srcset=\"https:\/\/smago.de\/ws2\/wp-content\/uploads\/2021\/02\/lasch_100liebe-800x800.jpg 800w, https:\/\/smago.de\/ws2\/wp-content\/uploads\/2021\/02\/lasch_100liebe-522x522.jpg 522w, https:\/\/smago.de\/ws2\/wp-content\/uploads\/2021\/02\/lasch_100liebe-150x150.jpg 150w, https:\/\/smago.de\/ws2\/wp-content\/uploads\/2021\/02\/lasch_100liebe-768x768.jpg 768w, https:\/\/smago.de\/ws2\/wp-content\/uploads\/2021\/02\/lasch_100liebe-272x272.jpg 272w, https:\/\/smago.de\/ws2\/wp-content\/uploads\/2021\/02\/lasch_100liebe-600x600.jpg 600w, https:\/\/smago.de\/ws2\/wp-content\/uploads\/2021\/02\/lasch_100liebe-130x130.jpg 130w, https:\/\/smago.de\/ws2\/wp-content\/uploads\/2021\/02\/lasch_100liebe-445x445.jpg 445w, https:\/\/smago.de\/ws2\/wp-content\/uploads\/2021\/02\/lasch_100liebe-190x190.jpg 190w, https:\/\/smago.de\/ws2\/wp-content\/uploads\/2021\/02\/lasch_100liebe-290x290.jpg 290w, https:\/\/smago.de\/ws2\/wp-content\/uploads\/2021\/02\/lasch_100liebe.jpg 960w\" sizes=\"(max-width: 800px) 100vw, 800px\" \/><\/p>\n","protected":false},"excerpt":{"rendered":"<p>Mit ihrem Titel &#8222;Marie&#8220; f\u00fchrt Tanja Lasch derzeit die Radio Charts &#8222;Deutschland Konservativ Pop&#8220; an! Ihr viertes Album &#8222;100% LIEBE&#8220;<\/p>\n","protected":false},"author":2,"featured_media":164873,"comment_status":"open","ping_status":"closed","sticky":false,"template":"","format":"standard","meta":{"_FSMCFIC_featured_image_caption":"","_FSMCFIC_featured_image_nocaption":"","_FSMCFIC_featured_image_hide":""},"categories":[28,39],"tags":[570],"acf":[],"_links":{"self":[{"href":"https:\/\/smago.de\/ws2\/wp-json\/wp\/v2\/posts\/165051"}],"collection":[{"href":"https:\/\/smago.de\/ws2\/wp-json\/wp\/v2\/posts"}],"about":[{"href":"https:\/\/smago.de\/ws2\/wp-json\/wp\/v2\/types\/post"}],"author":[{"embeddable":true,"href":"https:\/\/smago.de\/ws2\/wp-json\/wp\/v2\/users\/2"}],"replies":[{"embeddable":true,"href":"https:\/\/smago.de\/ws2\/wp-json\/wp\/v2\/comments?post=165051"}],"version-history":[{"count":5,"href":"https:\/\/smago.de\/ws2\/wp-json\/wp\/v2\/posts\/165051\/revisions"}],"predecessor-version":[{"id":165056,"href":"https:\/\/smago.de\/ws2\/wp-json\/wp\/v2\/posts\/165051\/revisions\/165056"}],"wp:featuredmedia":[{"embeddable":true,"href":"https:\/\/smago.de\/ws2\/wp-json\/wp\/v2\/media\/164873"}],"wp:attachment":[{"href":"https:\/\/smago.de\/ws2\/wp-json\/wp\/v2\/media?parent=165051"}],"wp:term":[{"taxonomy":"category","embeddable":true,"href":"https:\/\/smago.de\/ws2\/wp-json\/wp\/v2\/categories?post=165051"},{"taxonomy":"post_tag","embeddable":true,"href":"https:\/\/smago.de\/ws2\/wp-json\/wp\/v2\/tags?post=165051"}],"curies":[{"name":"wp","href":"https:\/\/api.w.org\/{rel}","templated":true}]}}