{"id":164827,"date":"2021-05-07T00:00:22","date_gmt":"2021-05-06T22:00:22","guid":{"rendered":"https:\/\/smago.de\/ws2\/?p=164827"},"modified":"2021-05-06T18:00:45","modified_gmt":"2021-05-06T16:00:45","slug":"francine-jordi-u-a-heute-07-05-2021-in-der-ndr-talk-show-zu-gast","status":"publish","type":"post","link":"https:\/\/smago.de\/ws2\/pop-schlager\/francine-jordi-u-a-heute-07-05-2021-in-der-ndr-talk-show-zu-gast\/","title":{"rendered":"FRANCINE JORDI u.a. <br>Heute (07.05.2021) in der &#8222;NDR Talk Show&#8220; zu Gast!"},"content":{"rendered":"<p>NDR fernsehen + hr fernsehen, 22:00 Uhr \u2013 00:00 Uhr! Moderation: Bettina Tietjen und J\u00f6rg Pilawa!<br \/>\n<!--more--><\/p>\n<p>&nbsp;<\/p>\n<p>&nbsp;<\/p>\n<p>&nbsp;<\/p>\n<h2 style=\"text-align: justify;\">Francine Jordi, S\u00e4ngerin und Moderatorin<\/h2>\n<div class=\"contentimage w50\" style=\"text-align: justify;\"><\/div>\n<p style=\"text-align: justify;\">90 Prozent ihrer Landsleute kennen sie: die Schweizer S\u00e4ngerin und Moderatorin Francine Jordi aus dem Kanton Bern. Seit ihrem zehnten Lebensjahr steht sie als S\u00e4ngerin auf der B\u00fchne. Es gibt kaum ein Genre, in dem sie nicht zu Hause ist: Oper, Swing, Gospel, Volksmusik und Schlager. Gemeinsam mit J\u00f6rg Pilawa hat sie in Das Erste mit einer Silvestershow das neue Jahr eingel\u00e4utet, bereits zum f\u00fcnften Mal. Wie das Jahr 2021 bei ihr bisher verlaufen ist und welche Zukunftspl\u00e4ne die 43-J\u00e4hrige hat, erz\u00e4hlt Francine Jordi in der NDR Talk Show.<\/p>\n<p>&nbsp;<\/p>\n<p>&nbsp;<\/p>\n<p>&nbsp;<\/p>\n<p>&nbsp;<\/p>\n<p>&nbsp;<\/p>\n<h2 style=\"text-align: justify;\">Uwe Weinzierl, Pferdetrainer<\/h2>\n<div class=\"contentimage w50\" style=\"text-align: justify;\"><\/div>\n<p style=\"text-align: justify;\">Er ist der Mann, der die Pferde versteht: Pferdetrainer Uwe Weinzierl. Er selbst bezeichnet sich als &#8222;Rudi Dutschke der Pferdeszene&#8220;. Und so ist er auch: unkonventionell, streitbar, revolution\u00e4r. 2010 hat sich Weinzierl, Jahrgang 1958, als selbstst\u00e4ndiger Horsemanship-Trainer in Norddeutschland niedergelassen. Er lebt und arbeitet gemeinsam mit seinem Team in den Ruhner Bergen in Mecklenburg-Vorpommern zwischen Hamburg und Berlin. Wie er mit Problempferden umgeht und wie aus Pferden\u00e4rr:innen und den Tieren echte Teams werden, das erkl\u00e4rt er in der NDR Talk Show.<\/p>\n<p>&nbsp;<\/p>\n<p>&nbsp;<\/p>\n<p>&nbsp;<\/p>\n<p>&nbsp;<\/p>\n<p>&nbsp;<\/p>\n<h2 style=\"text-align: justify;\">Ann-Kathrin Kramer und Harald Krassnitzer, Schauspieler<\/h2>\n<div class=\"contentimage w50\" style=\"text-align: justify;\"><\/div>\n<div><\/div>\n<p style=\"text-align: justify;\">Seit \u00fcber 20 Jahren sind sie ein Paar, seit 2009 verheiratet: Ann-Kathrin Kramer und Harald Krassnitzer. Das gl\u00fcckliche Paar lebt nach eigener Aussage eine &#8222;Ehe voller unterschiedlicher Ansichten&#8220;. Aber gerade das scheint der Garant f\u00fcr ihr Gl\u00fcck zu sein. Harald Krassnitzer wurde in den 90er Jahren einem Millionenpublikum als &#8222;Bergdoktor&#8220; bekannt. Seit 1999 ist er als Wiener Chefinspektor Moritz Eisner im &#8222;Tatort&#8220; zu sehen. Die beiden vereint nicht nur das Privatleben und die Schauspielkunst, sondern auch ihr soziales Engagement. Seit Jahren machen sie sich f\u00fcr den <a title=\"Link: \" href=\"https:\/\/www.dunkelziffer.de\/\" target=\"_blank\" rel=\"noopener\">&#8222;Dunkelziffer e.V.&#8220;<\/a> stark. Der Verein k\u00e4mpft gegen sexuellen Missbrauch von Kindern und gegen Kinderpornographie, mit Therapie, Beratung, Pr\u00e4vention und Fortbildung. Anl\u00e4sslich einer brandneuen Aktion des Vereins sind Ann-Kathrin Kramer und Harald Krassnitzer zu Gast in der NDR Talk Show.<\/p>\n<p>&nbsp;<\/p>\n<p>&nbsp;<\/p>\n<p>&nbsp;<\/p>\n<p>&nbsp;<\/p>\n<p>&nbsp;<\/p>\n<h2 style=\"text-align: justify;\">Mikis Weber, Schauspieler und Musiker<\/h2>\n<p>&nbsp;<\/p>\n<p style=\"text-align: justify;\">In seiner Heimat Bremen kann Mikis Weber unerkannt herumlaufen, in Myanmar muss er st\u00e4ndig Selfies mit seinen Fans machen, denn dort ist er ein Star. Angefangen hatte es mit einem freiwilligen sozialen Jahr, in dem er Kindern in Myanmar, was fr\u00fcher Burma hie\u00df, Englischunterricht gab. Er selbst lernte flie\u00dfend Birmanisch und als er mit Freunden einen HipHop-Song auf Birmanisch produzierte, der bei Youtube viral ging, rannten ihm Film- und Werbefirmen die Bude ein. Unter dem Namen &#8222;Mikis da Silva&#8220; wurde er zum Musik- und Filmstar in Myanmar. Den j\u00fcngsten Milit\u00e4rputsch hat er hautnah miterlebt, vor Kurzem hat er das Land verlassen und ist nun in seine Heimat zur\u00fcck gekehrt. In der NDR Talk Show wird Mikis Weber von der aktuellen politischen Situation in Myanmar berichten und erz\u00e4hlen, wie man als Bremer Jung dort zu Superstar wird.<\/p>\n<p>&nbsp;<\/p>\n<p>&nbsp;<\/p>\n<p>&nbsp;<\/p>\n<p>&nbsp;<\/p>\n<p>&nbsp;<\/p>\n<h2 style=\"text-align: justify;\">Alida Gundlach, Moderatorin und Tiersch\u00fctzerin<\/h2>\n<div class=\"contentimage w50\" style=\"text-align: justify;\"><\/div>\n<p style=\"text-align: justify;\">Sie hat 220 Talkshows moderiert, dort 2.200 G\u00e4st:innen interviewt und hatte 17 verschiedene Moderationskolleg:innen an ihrer Seite. Viele Zuschauer:innen erinnern sich an ihre legend\u00e4ren Gespr\u00e4che mit dem Musiker Falko, Komiker Otto und dem unvergesslichen Klaus Kinski. Mit ihnen hat sie Talkshow-Geschichte geschrieben. Sie hat jedoch eine weitere Passion. Seit mehr als 40 Jahren k\u00e4mpft sie f\u00fcr ein w\u00fcrdevolles Tierleben. Zun\u00e4chst f\u00fcr Tierschutzorganisationen und seit 2012 mit ihrem eigenen Verein &#8222;tierwork e.V.&#8220;, mit dem sie Tiere, die in T\u00f6tungsstationen auf ihren Tod warten, aufnimmt und ihnen eine neue Heimat sucht. Kurz vor Muttertag wird Alida Gundlach, die Mutter aller NDR-Talkshow-Moderatorinnen, \u00a0in der NDR Talk Show von ihren Erinnerungen erz\u00e4hlen, als im Fernsehen noch getrunken und geraucht wurde. Vor allem aber, wird sie von ihrem unerm\u00fcdlichen Engagement f\u00fcr Tiere berichten.<\/p>\n<p>&nbsp;<\/p>\n<p>&nbsp;<\/p>\n<p>&nbsp;<\/p>\n<p>&nbsp;<\/p>\n<p>&nbsp;<\/p>\n<h2 style=\"text-align: justify;\">Laura Wontorra, Moderatorin<\/h2>\n<p>&nbsp;<\/p>\n<p style=\"text-align: justify;\">Diese Frau ist im deutschen Fernsehen im Dauereinsatz: Laura Wontorra moderiert &#8222;Ninja Warrior&#8220;, &#8222;100 Prozent Bundesliga&#8220;, die Spiele der &#8222;UEFA Europa League&#8220; und die \u00fcberaus erfolgreiche Kochshow &#8222;Grill den Henssler!&#8220; \u00a0Nachdem sie selbst dort zuvor als Gegnerin von Steffen Henssler teilgenommen hatte, wechselte sie im letzten Jahr die Seiten und schaut als Moderatorin dem Starkoch und seinen Herausforderern in ihrem kulinarischen Wettstreit auf die Finger. Ganz sch\u00f6n sportlich, doch das ist nichts Neues f\u00fcr die 32-J\u00e4hrige. Schon mit vier Jahren schnupperte Laura Wontorra Fu\u00dfballluft, als sie mit ihrem Vater, dem Sportmoderator J\u00f6rg Wontorra, am Rand des Weserstadions stand. Wie viel Wettkampfgeist in ihr auch im Alltag steckt, erz\u00e4hlt sie in der NDR Talk Show.<\/p>\n<p>&nbsp;<\/p>\n<p>&nbsp;<\/p>\n<p>&nbsp;<\/p>\n<p>&nbsp;<\/p>\n<p>&nbsp;<\/p>\n<h2 style=\"text-align: justify;\">L\u00e9a Linster und Louis Linster, Spitzenk\u00f6che<\/h2>\n<div class=\"contentimage w50\" style=\"text-align: justify;\"><\/div>\n<p style=\"text-align: justify;\">Sie ist eine der wenigen Frauen in der Spitzengastronomie: L\u00e9a Linster. F\u00fcr die Zubereitung eines Lammr\u00fcckens mit Kartoffelkruste gewann sie 1989 die h\u00f6chste internationale Auszeichnung, den Bocuse d\u00b4Or. Das Gewinnergericht steht noch heute auf der Speisekarte des Sternerestaurants in Frisange, Luxemburg, das seit \u00fcber 100 Jahren im Familienbesitz der Linsters ist &#8211; und auch bleiben wird: Sohn Louis hat die die K\u00fcche \u00fcbernommen. In der NDR Talk Show verraten Mutter und Sohn, ob die \u00dcbergabe immer harmonisch verlaufen ist, wie ist in puncto K\u00fcchenumbau l\u00e4uft und \u00fcber welche Aufmerksamkeit zum Muttertag sich L\u00e9a Linster bisher am meisten freute.<\/p>\n<p>&nbsp;<\/p>\n<p>&nbsp;<\/p>\n<div class=\"mceTemp\"><\/div>\n<figure id=\"attachment_163582\" aria-describedby=\"caption-attachment-163582\" style=\"width: 800px\" class=\"wp-caption alignnone\"><img decoding=\"async\" loading=\"lazy\" class=\"size-large wp-image-163582\" src=\"https:\/\/smago.de\/ws2\/wp-content\/uploads\/2021\/04\/2_NDR_Talk_Show_aus_Hannover_2019-800x448.jpg\" alt=\"\" width=\"800\" height=\"448\" srcset=\"https:\/\/smago.de\/ws2\/wp-content\/uploads\/2021\/04\/2_NDR_Talk_Show_aus_Hannover_2019-800x448.jpg 800w, https:\/\/smago.de\/ws2\/wp-content\/uploads\/2021\/04\/2_NDR_Talk_Show_aus_Hannover_2019-522x292.jpg 522w, https:\/\/smago.de\/ws2\/wp-content\/uploads\/2021\/04\/2_NDR_Talk_Show_aus_Hannover_2019-268x150.jpg 268w, https:\/\/smago.de\/ws2\/wp-content\/uploads\/2021\/04\/2_NDR_Talk_Show_aus_Hannover_2019-768x430.jpg 768w, https:\/\/smago.de\/ws2\/wp-content\/uploads\/2021\/04\/2_NDR_Talk_Show_aus_Hannover_2019-1536x860.jpg 1536w, https:\/\/smago.de\/ws2\/wp-content\/uploads\/2021\/04\/2_NDR_Talk_Show_aus_Hannover_2019-2048x1147.jpg 2048w, https:\/\/smago.de\/ws2\/wp-content\/uploads\/2021\/04\/2_NDR_Talk_Show_aus_Hannover_2019-392x220.jpg 392w, https:\/\/smago.de\/ws2\/wp-content\/uploads\/2021\/04\/2_NDR_Talk_Show_aus_Hannover_2019-130x73.jpg 130w, https:\/\/smago.de\/ws2\/wp-content\/uploads\/2021\/04\/2_NDR_Talk_Show_aus_Hannover_2019-794x445.jpg 794w, https:\/\/smago.de\/ws2\/wp-content\/uploads\/2021\/04\/2_NDR_Talk_Show_aus_Hannover_2019-870x487.jpg 870w, https:\/\/smago.de\/ws2\/wp-content\/uploads\/2021\/04\/2_NDR_Talk_Show_aus_Hannover_2019-292x164.jpg 292w, https:\/\/smago.de\/ws2\/wp-content\/uploads\/2021\/04\/2_NDR_Talk_Show_aus_Hannover_2019-435x244.jpg 435w\" sizes=\"(max-width: 800px) 100vw, 800px\" \/><figcaption id=\"caption-attachment-163582\" class=\"wp-caption-text\"><\/em> <em>Foto-Credit: NDR \/ Hendrik L\u00fcders<\/em><\/figcaption><\/figure>\n","protected":false},"excerpt":{"rendered":"<p>NDR fernsehen + hr fernsehen, 22:00 Uhr \u2013 00:00 Uhr! Moderation: Bettina Tietjen und J\u00f6rg Pilawa!<\/p>\n","protected":false},"author":2,"featured_media":163582,"comment_status":"open","ping_status":"closed","sticky":false,"template":"","format":"standard","meta":{"_FSMCFIC_featured_image_caption":"","_FSMCFIC_featured_image_nocaption":"","_FSMCFIC_featured_image_hide":""},"categories":[28,29,39,128],"tags":[254],"acf":[],"_links":{"self":[{"href":"https:\/\/smago.de\/ws2\/wp-json\/wp\/v2\/posts\/164827"}],"collection":[{"href":"https:\/\/smago.de\/ws2\/wp-json\/wp\/v2\/posts"}],"about":[{"href":"https:\/\/smago.de\/ws2\/wp-json\/wp\/v2\/types\/post"}],"author":[{"embeddable":true,"href":"https:\/\/smago.de\/ws2\/wp-json\/wp\/v2\/users\/2"}],"replies":[{"embeddable":true,"href":"https:\/\/smago.de\/ws2\/wp-json\/wp\/v2\/comments?post=164827"}],"version-history":[{"count":3,"href":"https:\/\/smago.de\/ws2\/wp-json\/wp\/v2\/posts\/164827\/revisions"}],"predecessor-version":[{"id":164830,"href":"https:\/\/smago.de\/ws2\/wp-json\/wp\/v2\/posts\/164827\/revisions\/164830"}],"wp:featuredmedia":[{"embeddable":true,"href":"https:\/\/smago.de\/ws2\/wp-json\/wp\/v2\/media\/163582"}],"wp:attachment":[{"href":"https:\/\/smago.de\/ws2\/wp-json\/wp\/v2\/media?parent=164827"}],"wp:term":[{"taxonomy":"category","embeddable":true,"href":"https:\/\/smago.de\/ws2\/wp-json\/wp\/v2\/categories?post=164827"},{"taxonomy":"post_tag","embeddable":true,"href":"https:\/\/smago.de\/ws2\/wp-json\/wp\/v2\/tags?post=164827"}],"curies":[{"name":"wp","href":"https:\/\/api.w.org\/{rel}","templated":true}]}}