{"id":164696,"date":"2021-05-03T00:00:19","date_gmt":"2021-05-02T22:00:19","guid":{"rendered":"https:\/\/smago.de\/ws2\/?p=164696"},"modified":"2021-05-02T21:21:23","modified_gmt":"2021-05-02T19:21:23","slug":"tanja-lasch-mit-marie-auf-platz-3-der-radio-charts-deutschland-konservativ-pop-gelandet","status":"publish","type":"post","link":"https:\/\/smago.de\/ws2\/pop-schlager\/tanja-lasch-mit-marie-auf-platz-3-der-radio-charts-deutschland-konservativ-pop-gelandet\/","title":{"rendered":"TANJA LASCH <br>Mit &#8222;Marie&#8220; auf Platz 3 der Radio Charts &#8222;Deutschland Konservativ Pop&#8220; gelandet!"},"content":{"rendered":"<p>Am 07.05.2021 erscheint ihr neues Album &#8222;100% LIEBE&#8220;!<br \/>\n<!--more--><\/p>\n<p>&nbsp;<\/p>\n<p>Gro\u00dfe Freude bei TANJA LASCH \u00fcber<\/p>\n<p><em>&#8222;Platz #3 in den offiziellen deutschen Airplay-Charts<\/em><span class=\"pq6dq46d tbxw36s4 knj5qynh kvgmc6g5 ditlmg2l oygrvhab nvdbi5me sf5mxxl7 gl3lb2sf hhz5lgdu\"><em><img decoding=\"async\" loading=\"lazy\" src=\"https:\/\/static.xx.fbcdn.net\/images\/emoji.php\/v9\/t8c\/1\/16\/1f389.png\" alt=\"&#x1f389;\" width=\"16\" height=\"16\" \/>&#8222;<\/em> (17. Chart-Woche 2021; Erhebungszeitraum: 23.04. &#8211; 29.04.):<\/span><\/p>\n<p>&nbsp;<\/p>\n<div dir=\"auto\">\n<p><em>&#8222;Freute ich mich letzte Woche noch \u00fcber einen tollen Platz 4, kann ich mein Gl\u00fcck heute noch weniger fassen! Allen Redakteuren und den Menschen, die sich meine Songs w\u00fcnschen, nochmals ein gro\u00dfes Dankesch\u00f6n <span class=\"pq6dq46d tbxw36s4 knj5qynh kvgmc6g5 ditlmg2l oygrvhab nvdbi5me sf5mxxl7 gl3lb2sf hhz5lgdu\"><img decoding=\"async\" loading=\"lazy\" src=\"https:\/\/static.xx.fbcdn.net\/images\/emoji.php\/v9\/tac\/1\/16\/2665.png\" alt=\"&#x2665;&#xfe0f;\" width=\"16\" height=\"16\" \/><\/span><\/em><span class=\"pq6dq46d tbxw36s4 knj5qynh kvgmc6g5 ditlmg2l oygrvhab nvdbi5me sf5mxxl7 gl3lb2sf hhz5lgdu\"><em><img decoding=\"async\" loading=\"lazy\" src=\"https:\/\/static.xx.fbcdn.net\/images\/emoji.php\/v9\/t80\/1\/16\/1f64f.png\" alt=\"&#x1f64f;\" width=\"16\" height=\"16\" \/>&#8222;<\/em><\/p>\n<p><\/span><\/div>\n<div dir=\"auto\"><\/div>\n<div dir=\"auto\">Am kommenden Freitag (07.05.2021) erscheint ihr neues Album &#8222;100% LIEBE&#8220;, das sie als <em>&#8222;mein neues Baby&#8220;<\/em> bezeichnet.<\/p>\n<p>In den Offiziellen Deutsehen Album Charts gilt es, den Erfolg des Vorg\u00e4ngeralbums &#8222;Zwischen Lachen und Weinen&#8220; zu \u00fcbertreffen (Platz 41).<\/p>\n<p>Auch das sollte ihr ohne Weiteres gelingen &#8230;<\/p><\/div>\n<div dir=\"auto\"><\/div>\n<div dir=\"auto\"><\/div>\n<div dir=\"auto\"><\/div>\n<div dir=\"auto\">In den internationalen Airplay Charts konnte Tanja Lasch ihren Platz 109 von der Vorwoche halten.<\/div>\n<div dir=\"auto\"><\/div>\n<div dir=\"auto\"><\/div>\n<div dir=\"auto\"><\/div>\n<div dir=\"auto\"><\/div>\n<div dir=\"auto\"><iframe loading=\"lazy\" src=\"\/\/www.youtube.com\/embed\/GMr7c02ZCdY\" width=\"800\" height=\"449\" allowfullscreen=\"allowfullscreen\"><\/iframe><\/div>\n<div dir=\"auto\"><\/div>\n<div dir=\"auto\"><\/div>\n<div dir=\"auto\"><\/div>\n<div dir=\"auto\"><\/div>\n<div dir=\"auto\"><\/div>\n<div dir=\"auto\"><img decoding=\"async\" loading=\"lazy\" class=\"alignnone size-large wp-image-162753\" src=\"https:\/\/smago.de\/ws2\/wp-content\/uploads\/2021\/03\/Tanja_Lasch_100_LIEBE-800x800.jpg\" alt=\"\" width=\"800\" height=\"800\" srcset=\"https:\/\/smago.de\/ws2\/wp-content\/uploads\/2021\/03\/Tanja_Lasch_100_LIEBE-800x800.jpg 800w, https:\/\/smago.de\/ws2\/wp-content\/uploads\/2021\/03\/Tanja_Lasch_100_LIEBE-522x522.jpg 522w, https:\/\/smago.de\/ws2\/wp-content\/uploads\/2021\/03\/Tanja_Lasch_100_LIEBE-150x150.jpg 150w, https:\/\/smago.de\/ws2\/wp-content\/uploads\/2021\/03\/Tanja_Lasch_100_LIEBE-768x768.jpg 768w, https:\/\/smago.de\/ws2\/wp-content\/uploads\/2021\/03\/Tanja_Lasch_100_LIEBE-272x272.jpg 272w, https:\/\/smago.de\/ws2\/wp-content\/uploads\/2021\/03\/Tanja_Lasch_100_LIEBE-600x600.jpg 600w, https:\/\/smago.de\/ws2\/wp-content\/uploads\/2021\/03\/Tanja_Lasch_100_LIEBE-130x130.jpg 130w, https:\/\/smago.de\/ws2\/wp-content\/uploads\/2021\/03\/Tanja_Lasch_100_LIEBE-445x445.jpg 445w, https:\/\/smago.de\/ws2\/wp-content\/uploads\/2021\/03\/Tanja_Lasch_100_LIEBE-190x190.jpg 190w, https:\/\/smago.de\/ws2\/wp-content\/uploads\/2021\/03\/Tanja_Lasch_100_LIEBE-290x290.jpg 290w, https:\/\/smago.de\/ws2\/wp-content\/uploads\/2021\/03\/Tanja_Lasch_100_LIEBE.jpg 1440w\" sizes=\"(max-width: 800px) 100vw, 800px\" \/><\/div>\n","protected":false},"excerpt":{"rendered":"<p>Am 07.05.2021 erscheint ihr neues Album &#8222;100% LIEBE&#8220;!<\/p>\n","protected":false},"author":2,"featured_media":162222,"comment_status":"open","ping_status":"closed","sticky":false,"template":"","format":"standard","meta":{"_FSMCFIC_featured_image_caption":"","_FSMCFIC_featured_image_nocaption":"","_FSMCFIC_featured_image_hide":""},"categories":[28],"tags":[570],"acf":[],"_links":{"self":[{"href":"https:\/\/smago.de\/ws2\/wp-json\/wp\/v2\/posts\/164696"}],"collection":[{"href":"https:\/\/smago.de\/ws2\/wp-json\/wp\/v2\/posts"}],"about":[{"href":"https:\/\/smago.de\/ws2\/wp-json\/wp\/v2\/types\/post"}],"author":[{"embeddable":true,"href":"https:\/\/smago.de\/ws2\/wp-json\/wp\/v2\/users\/2"}],"replies":[{"embeddable":true,"href":"https:\/\/smago.de\/ws2\/wp-json\/wp\/v2\/comments?post=164696"}],"version-history":[{"count":1,"href":"https:\/\/smago.de\/ws2\/wp-json\/wp\/v2\/posts\/164696\/revisions"}],"predecessor-version":[{"id":164697,"href":"https:\/\/smago.de\/ws2\/wp-json\/wp\/v2\/posts\/164696\/revisions\/164697"}],"wp:featuredmedia":[{"embeddable":true,"href":"https:\/\/smago.de\/ws2\/wp-json\/wp\/v2\/media\/162222"}],"wp:attachment":[{"href":"https:\/\/smago.de\/ws2\/wp-json\/wp\/v2\/media?parent=164696"}],"wp:term":[{"taxonomy":"category","embeddable":true,"href":"https:\/\/smago.de\/ws2\/wp-json\/wp\/v2\/categories?post=164696"},{"taxonomy":"post_tag","embeddable":true,"href":"https:\/\/smago.de\/ws2\/wp-json\/wp\/v2\/tags?post=164696"}],"curies":[{"name":"wp","href":"https:\/\/api.w.org\/{rel}","templated":true}]}}