{"id":164573,"date":"2021-04-29T23:45:37","date_gmt":"2021-04-29T21:45:37","guid":{"rendered":"https:\/\/smago.de\/ws2\/?p=164573"},"modified":"2021-04-29T19:02:04","modified_gmt":"2021-04-29T17:02:04","slug":"stimmen-der-berge-mit-unendlich-frei-erneut-auf-radiohit-kurs","status":"publish","type":"post","link":"https:\/\/smago.de\/ws2\/schlager\/stimmen-der-berge-mit-unendlich-frei-erneut-auf-radiohit-kurs\/","title":{"rendered":"STIMMEN DER BERGE <br>Mit &#8222;Unendlich frei&#8220; erneut auf Radiohit-Kurs!"},"content":{"rendered":"<p>Die jungen Herren entfalten diesmal noch mehr von ihrem Lausbuben-Charme &#8230;:<br \/>\n<!--more--><\/p>\n<p>&nbsp;<\/p>\n<p>&nbsp;<\/p>\n<p>&nbsp;<\/p>\n<p style=\"text-align: justify;\">Da waren\u2019s nur noch vier: Die <b>STIMMEN DER BERGE <\/b>pr\u00e4sentieren sich ab sofort als Quartett. Bassist Simon K\u00e4sbauer hat auf SEINE innere Stimme geh\u00f6rt und widmet sich &#8211; aufbauend auf seine bereits abgeschlossene Ausbildung als Physiotherapeut &#8211; vollumf\u00e4nglich seinem Osteopathie-Studium.<span class=\"Apple-converted-space\">\u00a0<\/span><\/p>\n<p style=\"text-align: justify;\">Wobei &#8211; und darauf legen die Stimmen der Berge gr\u00f6\u00dften Wert &#8211; die aktuelle Trennung in aller Freundschaft erfolgt ist. Und das ist in diesem Fall auch wirklich keine hohle Phrase. Denn: Es muss nicht zwingend ein Abschied f\u00fcr immer sein. NUR: Simon musste sich f\u00fcr den Moment entscheiden. Denn leider stellte sich der Spagat zwischen seinem Studium und den (hoffentlich bald wieder beginnenden) Terminen der STIMMEN DER BERGE als nicht bew\u00e4ltigbar heraus.<span class=\"Apple-converted-space\">\u00a0<\/span><\/p>\n<p style=\"text-align: justify;\">Nachdem die STIMMEN DER BERGE mit ihrem Vorg\u00e4nger-Titel \u201eF\u00fcr einen Kuss\u201c (bislang elf Wochen in den Radio Charts \u201eDeutschland Konservativ Pop\u201c) bereits Top 20-Luft geschmeckt haben (der Song schaffte es bis auf Position 19), haben sie jetzt &#8211; mit ihrer <b>neuen Single \u201eUnendlich frei\u201c <\/b>&#8211; die Top 10 im Visier.<span class=\"Apple-converted-space\">\u00a0<\/span><\/p>\n<p style=\"text-align: justify;\"><b>Auch der Sound ist neu! Die STIMMEN DER BERGE werden ab sofort von Rainer Kalb produziert<\/b>, der den neuen Hit-Anw\u00e4rter <b>\u201eUnendlich frei\u201c <\/b>auch gleich selbst komponiert und &#8211; mit Harry W. Sch\u00e4fer &#8211; getextet hat. Auf diese Weise ist ein v\u00f6llig neues Klangbild entstanden, welches die Stimmen der Berge noch deutlicher im Bereich des modernen Popschlagers etablieren soll (und wird!). <b>\u201eUnendlich frei\u201c <\/b>ist durchaus ein traditionell komponierter Schlager, der aber modern produziert wurde und witzige Elemente in sich birgt.<\/p>\n<p>&nbsp;<\/p>\n<p>&nbsp;<\/p>\n<p>&nbsp;<\/p>\n<p style=\"text-align: justify;\"><i>&#8222;Ich will die Hochh\u00e4user von Manhattan seh\u00b4 n<span class=\"Apple-converted-space\"><br \/>\n<\/span><\/i><i>Oder einfach mal nackt im Regen steh\u00b4 n<span class=\"Apple-converted-space\"><br \/>\n<\/span><\/i><i>Aus dreitausend Metern im freien Fall<span class=\"Apple-converted-space\"><br \/>\n<\/span><\/i><i>Und im Flugzeug fliegen mit \u00dcberschall (\u2026)\u201c\u00a0<\/i><\/p>\n<p>Auch in ihren Texten ist die einstige \u201eBoygroup der Volksmusik\u201c deutlich frecher geworden. Die jungen Herren entfalten noch mehr von ihrem Lausbuben-Charme:<span class=\"Apple-converted-space\">\u00a0<\/span><\/p>\n<p>&nbsp;<\/p>\n<p>&nbsp;<\/p>\n<p style=\"text-align: justify;\"><i>&#8222;Was andere denken ist mir doch egal<span class=\"Apple-converted-space\"><br \/>\n<\/span><\/i><i>Und wenn\u00b4s mir gef\u00e4llt mache ich\u00b4s gleich nochmal.\u201c<span class=\"Apple-converted-space\">\u00a0<\/span><\/i><\/p>\n<p>&nbsp;<\/p>\n<p>&nbsp;<\/p>\n<p style=\"text-align: justify;\">Erstmalig \u00fcberhaupt wird bei den STIMMEN DER BERGE zum Song-Ende sogar \u201egerappt\u201c: Der Refrain wird im schnellen Sprechgesang vorgetragen. Spannend auch die rhythmische Ver\u00e4nderung, wenn der Refrain pl\u00f6tzlich im Queen-Rhythmus \u00e0 la \u201eWe Will Rock You\u201c daherkommt.<span class=\"Apple-converted-space\">\u00a0<\/span><\/p>\n<p style=\"text-align: justify;\">Inhaltlich bringen die STIMMEN DER BERGE authentisch r\u00fcber, daf\u00fcr zu pl\u00e4dieren, die Zeit der Jugend zu genie\u00dfen und selbstbestimmt zu erleben: \u201eWas andere denken ist mir doch egal. Und wenn \u0301s mir gef\u00e4llt, mache ich \u0301s gleich noch mal!\u201c.<span class=\"Apple-converted-space\">\u00a0<\/span><\/p>\n<p style=\"text-align: justify;\">Der im Schlager \u2013 gerade aktuell in Pandemie-Zeiten \u2013 immer gern zitierte \u201eCarpe Diem\u201c-Gedanke gilt auch und gerade f\u00fcr junge Menschen, die ihre Tr\u00e4ume einfach ausleben wollen:<span class=\"Apple-converted-space\">\u00a0<\/span><\/p>\n<p>&nbsp;<\/p>\n<p>&nbsp;<\/p>\n<p style=\"text-align: justify;\"><i>\u201eLass es uns tun, denn ich werd sonst verr\u00fcckt \u2013<span class=\"Apple-converted-space\"><br \/>\n<\/span><\/i><i>die Uhr des Lebens dreht niemand zur\u00fcck!\u201c.<span class=\"Apple-converted-space\">\u00a0<\/span><\/i><\/p>\n<p>&nbsp;<\/p>\n<p>&nbsp;<\/p>\n<p style=\"text-align: justify;\">Mit der neuen Single <b>\u201eUnendlich frei\u201c <\/b>gehen die STIMMEN DER BERGE ihren sehr erfolgreichen Weg, mit guten Stimmen auf gesanglich hohem Niveau auch moderne Schlager auf den Weg zu bringen, konsequent weiter.<span class=\"Apple-converted-space\">\u00a0<\/span><\/p>\n<p>&nbsp;<\/p>\n<p>&nbsp;<\/p>\n<p>&nbsp;<\/p>\n<p>&nbsp;<\/p>\n<p style=\"text-align: center;\"><b>1. Unendlich frei<span class=\"Apple-converted-space\">\u00a0<\/span><\/b><\/p>\n<p style=\"text-align: center;\">Musik: Rainer Kalb<span class=\"Apple-converted-space\">\u00a0<\/span><\/p>\n<p style=\"text-align: center;\">Text: Harry W. Sch\u00e4fer \/ Rainer Kalb<span class=\"Apple-converted-space\">\u00a0<\/span><\/p>\n<p style=\"text-align: center;\">Produziert von Rainer Kalb<span class=\"Apple-converted-space\">\u00a0<\/span><\/p>\n<p style=\"text-align: center;\">Verlage: Kommerz-Songs\/ Kommerz MV\/ Cayro Music<span class=\"Apple-converted-space\">\u00a0<\/span><\/p>\n<p style=\"text-align: center;\">Label: SUNFLOWER<\/p>\n<p style=\"text-align: center;\">distributed by Electrola, a division of Universal Music GmbH<span class=\"Apple-converted-space\">\u00a0<\/span><\/p>\n<p>&nbsp;<\/p>\n<p>&nbsp;<\/p>\n<p><img decoding=\"async\" loading=\"lazy\" class=\"alignnone size-large wp-image-164213\" src=\"https:\/\/smago.de\/ws2\/wp-content\/uploads\/2021\/04\/SdB_UNENDLICH-FREI_Cover-800x800.jpg\" alt=\"\" width=\"800\" height=\"800\" srcset=\"https:\/\/smago.de\/ws2\/wp-content\/uploads\/2021\/04\/SdB_UNENDLICH-FREI_Cover-800x800.jpg 800w, https:\/\/smago.de\/ws2\/wp-content\/uploads\/2021\/04\/SdB_UNENDLICH-FREI_Cover-522x522.jpg 522w, https:\/\/smago.de\/ws2\/wp-content\/uploads\/2021\/04\/SdB_UNENDLICH-FREI_Cover-150x150.jpg 150w, https:\/\/smago.de\/ws2\/wp-content\/uploads\/2021\/04\/SdB_UNENDLICH-FREI_Cover-768x768.jpg 768w, https:\/\/smago.de\/ws2\/wp-content\/uploads\/2021\/04\/SdB_UNENDLICH-FREI_Cover-1536x1536.jpg 1536w, https:\/\/smago.de\/ws2\/wp-content\/uploads\/2021\/04\/SdB_UNENDLICH-FREI_Cover-2048x2048.jpg 2048w, https:\/\/smago.de\/ws2\/wp-content\/uploads\/2021\/04\/SdB_UNENDLICH-FREI_Cover-272x272.jpg 272w, https:\/\/smago.de\/ws2\/wp-content\/uploads\/2021\/04\/SdB_UNENDLICH-FREI_Cover-600x600.jpg 600w, https:\/\/smago.de\/ws2\/wp-content\/uploads\/2021\/04\/SdB_UNENDLICH-FREI_Cover-130x130.jpg 130w, https:\/\/smago.de\/ws2\/wp-content\/uploads\/2021\/04\/SdB_UNENDLICH-FREI_Cover-445x445.jpg 445w, https:\/\/smago.de\/ws2\/wp-content\/uploads\/2021\/04\/SdB_UNENDLICH-FREI_Cover-190x190.jpg 190w, https:\/\/smago.de\/ws2\/wp-content\/uploads\/2021\/04\/SdB_UNENDLICH-FREI_Cover-290x290.jpg 290w\" sizes=\"(max-width: 800px) 100vw, 800px\" \/><\/p>\n<p>&nbsp;<\/p>\n<p>&nbsp;<\/p>\n<p>&nbsp;<\/p>\n<figure id=\"attachment_164574\" aria-describedby=\"caption-attachment-164574\" style=\"width: 800px\" class=\"wp-caption alignnone\"><img decoding=\"async\" loading=\"lazy\" class=\"size-large wp-image-164574\" src=\"https:\/\/smago.de\/ws2\/wp-content\/uploads\/2021\/04\/sdb_Pressefoto2021_UnendlichFrei_April-Santiago-800x559.jpg\" alt=\"\" width=\"800\" height=\"559\" srcset=\"https:\/\/smago.de\/ws2\/wp-content\/uploads\/2021\/04\/sdb_Pressefoto2021_UnendlichFrei_April-Santiago-800x559.jpg 800w, https:\/\/smago.de\/ws2\/wp-content\/uploads\/2021\/04\/sdb_Pressefoto2021_UnendlichFrei_April-Santiago-522x365.jpg 522w, https:\/\/smago.de\/ws2\/wp-content\/uploads\/2021\/04\/sdb_Pressefoto2021_UnendlichFrei_April-Santiago-215x150.jpg 215w, https:\/\/smago.de\/ws2\/wp-content\/uploads\/2021\/04\/sdb_Pressefoto2021_UnendlichFrei_April-Santiago-768x536.jpg 768w, https:\/\/smago.de\/ws2\/wp-content\/uploads\/2021\/04\/sdb_Pressefoto2021_UnendlichFrei_April-Santiago-1536x1073.jpg 1536w, https:\/\/smago.de\/ws2\/wp-content\/uploads\/2021\/04\/sdb_Pressefoto2021_UnendlichFrei_April-Santiago-2048x1430.jpg 2048w, https:\/\/smago.de\/ws2\/wp-content\/uploads\/2021\/04\/sdb_Pressefoto2021_UnendlichFrei_April-Santiago-389x272.jpg 389w, https:\/\/smago.de\/ws2\/wp-content\/uploads\/2021\/04\/sdb_Pressefoto2021_UnendlichFrei_April-Santiago-130x91.jpg 130w, https:\/\/smago.de\/ws2\/wp-content\/uploads\/2021\/04\/sdb_Pressefoto2021_UnendlichFrei_April-Santiago-637x445.jpg 637w, https:\/\/smago.de\/ws2\/wp-content\/uploads\/2021\/04\/sdb_Pressefoto2021_UnendlichFrei_April-Santiago-747x522.jpg 747w, https:\/\/smago.de\/ws2\/wp-content\/uploads\/2021\/04\/sdb_Pressefoto2021_UnendlichFrei_April-Santiago-272x190.jpg 272w, https:\/\/smago.de\/ws2\/wp-content\/uploads\/2021\/04\/sdb_Pressefoto2021_UnendlichFrei_April-Santiago-415x290.jpg 415w\" sizes=\"(max-width: 800px) 100vw, 800px\" \/><figcaption id=\"caption-attachment-164574\" class=\"wp-caption-text\"><em>Foto-Credit: April Santiago<\/em><\/figcaption><\/figure>\n","protected":false},"excerpt":{"rendered":"<p>Die jungen Herren entfalten diesmal noch mehr von ihrem Lausbuben-Charme &#8230;:<\/p>\n","protected":false},"author":2,"featured_media":164574,"comment_status":"open","ping_status":"closed","sticky":false,"template":"","format":"standard","meta":{"_FSMCFIC_featured_image_caption":"","_FSMCFIC_featured_image_nocaption":"","_FSMCFIC_featured_image_hide":""},"categories":[29],"tags":[613],"acf":[],"_links":{"self":[{"href":"https:\/\/smago.de\/ws2\/wp-json\/wp\/v2\/posts\/164573"}],"collection":[{"href":"https:\/\/smago.de\/ws2\/wp-json\/wp\/v2\/posts"}],"about":[{"href":"https:\/\/smago.de\/ws2\/wp-json\/wp\/v2\/types\/post"}],"author":[{"embeddable":true,"href":"https:\/\/smago.de\/ws2\/wp-json\/wp\/v2\/users\/2"}],"replies":[{"embeddable":true,"href":"https:\/\/smago.de\/ws2\/wp-json\/wp\/v2\/comments?post=164573"}],"version-history":[{"count":2,"href":"https:\/\/smago.de\/ws2\/wp-json\/wp\/v2\/posts\/164573\/revisions"}],"predecessor-version":[{"id":164576,"href":"https:\/\/smago.de\/ws2\/wp-json\/wp\/v2\/posts\/164573\/revisions\/164576"}],"wp:featuredmedia":[{"embeddable":true,"href":"https:\/\/smago.de\/ws2\/wp-json\/wp\/v2\/media\/164574"}],"wp:attachment":[{"href":"https:\/\/smago.de\/ws2\/wp-json\/wp\/v2\/media?parent=164573"}],"wp:term":[{"taxonomy":"category","embeddable":true,"href":"https:\/\/smago.de\/ws2\/wp-json\/wp\/v2\/categories?post=164573"},{"taxonomy":"post_tag","embeddable":true,"href":"https:\/\/smago.de\/ws2\/wp-json\/wp\/v2\/tags?post=164573"}],"curies":[{"name":"wp","href":"https:\/\/api.w.org\/{rel}","templated":true}]}}