{"id":164529,"date":"2021-04-28T09:42:43","date_gmt":"2021-04-28T07:42:43","guid":{"rendered":"https:\/\/smago.de\/ws2\/?p=164529"},"modified":"2021-05-25T13:41:40","modified_gmt":"2021-05-25T11:41:40","slug":"thomas-gottschalk-u-a-heute-28-04-2021-in-der-talk-show-das-erste-ard","status":"publish","type":"post","link":"https:\/\/smago.de\/ws2\/deutsch-rock\/thomas-gottschalk-u-a-heute-28-04-2021-in-der-talk-show-das-erste-ard\/","title":{"rendered":"THOMAS GOTTSCHALK u.a. <br>Heute (28.04.2021) in der Talk-Show &#8222;Menschen bei Maischberger&#8220; zu Gast!"},"content":{"rendered":"<p>Das Erste \/ ARD, 23:05 Uhr &#8211; 00:20 Uhr! Moderation: Sandra Maischberger!<br \/>\n<!--more--><\/p>\n<p>&nbsp;<\/p>\n<p>&nbsp;<\/p>\n<p class=\"text small\" style=\"text-align: justify;\">In Indien grassiert die bisher heftigste Corona-Welle weltweit. Seit Tagen verzeichnet das Land neue H\u00f6chstwerte bei Neuinfektionen und die Krankenh\u00e4user sind am Limit. Mitverantworlich f\u00fcr die dramatische Lage soll die neue Doppelmutante B.1.617 sein. Wie gef\u00e4hrlich ist diese Variante und hat sie bereits Europa erreicht? Wirken die bisherigen Corona-Impfstoffe gegen die indische Mutante? Im Gespr\u00e4ch die Virologin <strong>Prof. Helga R\u00fcbsamen-Schaeff<\/strong> und <strong>Peter Hornung, <\/strong>ARD-Korrespondent in Neu-Delhi.<\/p>\n<p class=\"text small\" style=\"text-align: justify;\">Am Donnerstag ist US-Pr\u00e4sident Joe Biden 100 Tage im Amt und er hat bei der Umsetzung seiner Pl\u00e4ne bisher ein beachtliches Tempo vorgelegt. Er startete eine umfassende Impfkampagne und versprach, die Klimapolitik zur Priorit\u00e4t zu machen. In der Au\u00dfenpolitik geht der 78-J\u00e4hrige keinem Konflikt aus dem Weg und bezeichnete beispielsweise Wladimir Putin als \u201eKiller\u201c. Wie \u00e4ndern sich die transatlantischen Beziehungen? Und wie stellen sich die USA im Verh\u00e4ltnis zu Russland und China auf? Fragen an Bundesau\u00dfenminister a.D<strong>. Sigmar Gabriel<\/strong>.<\/p>\n<p class=\"text small\" style=\"text-align: justify;\">Nicht erst seit der Bekanntgabe, dass die Gr\u00fcnen mit Annalena Baerbock erstmals in ihrer Geschichte eine Kanzlerkandidatin in den Wahlkampf schicken, ist die Partei im H\u00f6henflug. In einer aktuellen Umfrage \u00fcberholen die Gr\u00fcnen sogar die Union. F\u00fcr welche Inhalte steht die gr\u00fcne Spitzenkandidatin?<\/p>\n<p class=\"text small\" style=\"text-align: justify;\">Es diskutieren, kommentieren und erkl\u00e4ren der Entertainer Thomas Gottschalk, die \u201etaz\u201c-Wirtschaftsredakteurin Ulrike Herrmann und die \u201eBild\u201c-Journalistin Nena Schink.<\/p>\n<div class=\"clearMe\" style=\"text-align: justify;\"><\/div>\n<div><\/div>\n<div><\/div>\n<div><\/div>\n<div><\/div>\n<div><\/div>\n<p class=\"text small\" style=\"text-align: justify;\"><strong>Die G\u00e4ste:<\/strong><\/p>\n<p>&nbsp;<\/p>\n<p>&nbsp;<\/p>\n<p class=\"text small\" style=\"text-align: justify;\"><strong>Sigmar Gabriel<\/strong>, SPD (ehem. Bundesau\u00dfenminister)<br \/>\n<strong>Prof. Helga R\u00fcbsamen-Schaeff <\/strong>(Virologin)<br \/>\n<strong>Thomas Gottschalk <\/strong>(Entertainer)<br \/>\n<strong>Peter Hornung <\/strong>(ARD-Korrespondent)<br \/>\n<strong>Ulrike Herrmann <\/strong>(Wirtschaftsredakteurin)<br \/>\n<strong>Nena Schink <\/strong>(Journalistin)<\/p>\n<div class=\"clearMe\" style=\"text-align: justify;\"><\/div>\n<div><\/div>\n<div><\/div>\n<div><\/div>\n<p class=\"text small\" style=\"text-align: justify;\"><em>\u201emaischberger. die woche\u201c ist eine Gemeinschaftsproduktion der ARD, hergestellt vom WDR in Zusammenarbeit mit Vincent productions GmbH.<\/em><\/p>\n<p>&nbsp;<\/p>\n<figure id=\"attachment_164530\" aria-describedby=\"caption-attachment-164530\" style=\"width: 800px\" class=\"wp-caption alignnone\"><img decoding=\"async\" loading=\"lazy\" class=\"size-large wp-image-164530\" src=\"https:\/\/smago.de\/ws2\/wp-content\/uploads\/2021\/04\/1_maischberger_die_Woche_2019-800x528.jpg\" alt=\"\" width=\"800\" height=\"528\" srcset=\"https:\/\/smago.de\/ws2\/wp-content\/uploads\/2021\/04\/1_maischberger_die_Woche_2019-800x528.jpg 800w, https:\/\/smago.de\/ws2\/wp-content\/uploads\/2021\/04\/1_maischberger_die_Woche_2019-522x345.jpg 522w, https:\/\/smago.de\/ws2\/wp-content\/uploads\/2021\/04\/1_maischberger_die_Woche_2019-227x150.jpg 227w, https:\/\/smago.de\/ws2\/wp-content\/uploads\/2021\/04\/1_maischberger_die_Woche_2019-768x507.jpg 768w, https:\/\/smago.de\/ws2\/wp-content\/uploads\/2021\/04\/1_maischberger_die_Woche_2019-1536x1014.jpg 1536w, https:\/\/smago.de\/ws2\/wp-content\/uploads\/2021\/04\/1_maischberger_die_Woche_2019-2048x1352.jpg 2048w, https:\/\/smago.de\/ws2\/wp-content\/uploads\/2021\/04\/1_maischberger_die_Woche_2019-392x259.jpg 392w, https:\/\/smago.de\/ws2\/wp-content\/uploads\/2021\/04\/1_maischberger_die_Woche_2019-130x86.jpg 130w, https:\/\/smago.de\/ws2\/wp-content\/uploads\/2021\/04\/1_maischberger_die_Woche_2019-674x445.jpg 674w, https:\/\/smago.de\/ws2\/wp-content\/uploads\/2021\/04\/1_maischberger_die_Woche_2019-791x522.jpg 791w, https:\/\/smago.de\/ws2\/wp-content\/uploads\/2021\/04\/1_maischberger_die_Woche_2019-288x190.jpg 288w, https:\/\/smago.de\/ws2\/wp-content\/uploads\/2021\/04\/1_maischberger_die_Woche_2019-435x287.jpg 435w, https:\/\/smago.de\/ws2\/wp-content\/uploads\/2021\/04\/1_maischberger_die_Woche_2019-150x100.jpg 150w\" sizes=\"(max-width: 800px) 100vw, 800px\" \/><figcaption id=\"caption-attachment-164530\" class=\"wp-caption-text\"><em>\u00a9 WDR \/ Markus Tedeskino<\/em><\/figcaption><\/figure>\n","protected":false},"excerpt":{"rendered":"<p>Das Erste \/ ARD, 23:05 Uhr &#8211; 00:20 Uhr! Moderation: Sandra Maischberger!<\/p>\n","protected":false},"author":2,"featured_media":164530,"comment_status":"open","ping_status":"closed","sticky":false,"template":"","format":"standard","meta":{"_FSMCFIC_featured_image_caption":"","_FSMCFIC_featured_image_nocaption":"","_FSMCFIC_featured_image_hide":""},"categories":[5,128],"tags":[247],"acf":[],"_links":{"self":[{"href":"https:\/\/smago.de\/ws2\/wp-json\/wp\/v2\/posts\/164529"}],"collection":[{"href":"https:\/\/smago.de\/ws2\/wp-json\/wp\/v2\/posts"}],"about":[{"href":"https:\/\/smago.de\/ws2\/wp-json\/wp\/v2\/types\/post"}],"author":[{"embeddable":true,"href":"https:\/\/smago.de\/ws2\/wp-json\/wp\/v2\/users\/2"}],"replies":[{"embeddable":true,"href":"https:\/\/smago.de\/ws2\/wp-json\/wp\/v2\/comments?post=164529"}],"version-history":[{"count":3,"href":"https:\/\/smago.de\/ws2\/wp-json\/wp\/v2\/posts\/164529\/revisions"}],"predecessor-version":[{"id":165932,"href":"https:\/\/smago.de\/ws2\/wp-json\/wp\/v2\/posts\/164529\/revisions\/165932"}],"wp:featuredmedia":[{"embeddable":true,"href":"https:\/\/smago.de\/ws2\/wp-json\/wp\/v2\/media\/164530"}],"wp:attachment":[{"href":"https:\/\/smago.de\/ws2\/wp-json\/wp\/v2\/media?parent=164529"}],"wp:term":[{"taxonomy":"category","embeddable":true,"href":"https:\/\/smago.de\/ws2\/wp-json\/wp\/v2\/categories?post=164529"},{"taxonomy":"post_tag","embeddable":true,"href":"https:\/\/smago.de\/ws2\/wp-json\/wp\/v2\/tags?post=164529"}],"curies":[{"name":"wp","href":"https:\/\/api.w.org\/{rel}","templated":true}]}}