{"id":164390,"date":"2021-04-24T12:53:33","date_gmt":"2021-04-24T10:53:33","guid":{"rendered":"https:\/\/smago.de\/ws2\/?p=164390"},"modified":"2021-04-24T12:53:33","modified_gmt":"2021-04-24T10:53:33","slug":"milva-milva-ist-tot","status":"publish","type":"post","link":"https:\/\/smago.de\/ws2\/schlager\/milva-milva-ist-tot\/","title":{"rendered":"MILVA <br>Milva ist tot!"},"content":{"rendered":"<p>Sie starb am Freitagabend (23.04.2021) im Alter von 81 Jahren in Mailand!<br \/>\n<!--more--><\/p>\n<p>&nbsp;<\/p>\n<p style=\"text-align: justify;\">\n<div style=\"text-align: justify;\"><\/div>\n<div style=\"text-align: justify;\">MILVA \u00a0(* 17. Juli 1939 als Maria Ilva Biolcati in Goro, Provinz Ferrara; \u2020 23. April 2021 in Mailand) war eine italienische S\u00e4ngerin und Schauspielerin. Sie trug den Beinamen \u201eLa Rossa\u201c.<\/div>\n<div style=\"text-align: justify;\"><\/div>\n<div style=\"text-align: justify;\">Milva wurde 1961 Siegerin eines Wettbewerbs bei der italienischen Fernsehgesellschaft Rai, erreichte Platz 3 beim Sanremo-Festival und wurde danach in Italien zum Star. Aus ihrer von 1961 bis 1969 dauernden Ehe mit ihrem damaligen Manager und F\u00f6rderer Maurizio Corgnati (1917 \u2013 1992) hat sie eine 1963 geborene Tochter, die Kunstkritikerin Martina Corgnati.<\/div>\n<div style=\"text-align: justify;\"><\/div>\n<div style=\"text-align: justify;\">1965 verpflichtete sie der Regisseur Giorgio Strehler am Piccolo Teatro in Mailand. 1978 nahm sie die Single &#8222;Zusammenleben&#8220; mit der Musik von Mikis Theodorakis auf (Text: Thomas Woitkewitsch) und wurde dadurch auch im deutschen Sprachraum bekannt. Es folgten zahlreiche Konzerte, Tourneen und weitere deutschsprachige Aufnahmen, von denen &#8222;Freiheit in meiner Sprache&#8220; (Ennio Morricone, Thomas Woitkewitsch) und &#8222;Hurra, wir leben noch&#8220; (Klaus Doldinger, Thomas Woitkewitsch) die erfolgreichsten waren.<\/div>\n<div style=\"text-align: justify;\"><\/div>\n<div style=\"text-align: justify;\">Milva nahm zwischen 1961 und 2007 insgesamt f\u00fcnfzehnmal am Sanremo-Festival teil. Dort war Tango italiano im Jahre 1962 auf dem zweiten Platz ihr gr\u00f6\u00dfter Erfolg. Sie h\u00e4lt damit den Rekord mit den meisten Teilnahmen ohne Sieg. In den 1980er Jahren wirkte sie in mehreren Spielfilmen mit. Auch mit Songs von Bertolt Brecht machte sich die \u00fcberzeugte Sozialistin einen Namen. Milva war bei zahlreichen Musiksendungen in den Fernsehprogrammen Mittel-, West- und S\u00fcdeuropas zu Gast. Sie sang ihre Lieder nicht nur auf Italienisch, sondern auch auf Englisch, Deutsch, Franz\u00f6sisch, Spanisch, Griechisch, Portugiesisch und Japanisch.<\/div>\n<div style=\"text-align: justify;\"><\/div>\n<div style=\"text-align: justify;\">Neben dem Chanson war Milva Interpretin von Astor Piazzolla und arbeitete f\u00fcr vielf\u00e4ltige Tango-Aufnahmen mit ihm selbst und Gruppen in seiner Tradition zusammen. Ihr in Deutschland erfolgreichstes Album (in den Charts bis auf Platz 7) war &#8222;Von Tag zu Tag&#8220; mit Liedern des griechischen Komponisten Mikis Theodorakis, das auch in einer italienischen (&#8222;La mia et\u00e0&#8220;) und in einer franz\u00f6sischen (&#8222;Attends, la vie&#8220;) Version produziert wurde. Im August 2008 trat Milva zusammen mit Montserrat Caball\u00e9 und Angelika Milster auf dem Theaterplatz in Dresden bei &#8222;Diva Maxima&#8220; auf.<\/div>\n<div style=\"text-align: justify;\"><\/div>\n<div style=\"text-align: justify;\">2010 teilte Milva mit, dass sie aus gesundheitlichen Gr\u00fcnden nicht mehr auftreten werde. Sie litt unter Ged\u00e4chtnisproblemen. Ihr letztes Album enth\u00e4lt Songs von Franco Battiato. 2011 nahm Milva zusammen mit Stephan Sulke das 1984 von Sulke geschriebene Lied &#8222;Das muss doch geh&#8217;n&#8220; im Duett auf. Diese neue Version erschien 2011 auf Sulkes Album &#8222;Enten h\u00e4tt&#8216; ich z\u00fcchten sollen &#8230;&#8220;. Im M\u00e4rz 2012 trat sie im &#8222;Musikantenstadl&#8220; auf. Sie lebte in Mailand und starb dort im April 2021 im Alter von 81 Jahren, wie ihre Tochter heute mitteilte.<\/div>\n<div style=\"text-align: justify;\"><\/div>\n<div style=\"text-align: justify;\"><\/div>\n","protected":false},"excerpt":{"rendered":"<p>Sie starb am Freitagabend (23.04.2021) im Alter von 81 Jahren in Mailand!<\/p>\n","protected":false},"author":2,"featured_media":164391,"comment_status":"open","ping_status":"closed","sticky":false,"template":"","format":"standard","meta":{"_FSMCFIC_featured_image_caption":"","_FSMCFIC_featured_image_nocaption":"","_FSMCFIC_featured_image_hide":""},"categories":[29,39],"tags":[1069],"acf":[],"_links":{"self":[{"href":"https:\/\/smago.de\/ws2\/wp-json\/wp\/v2\/posts\/164390"}],"collection":[{"href":"https:\/\/smago.de\/ws2\/wp-json\/wp\/v2\/posts"}],"about":[{"href":"https:\/\/smago.de\/ws2\/wp-json\/wp\/v2\/types\/post"}],"author":[{"embeddable":true,"href":"https:\/\/smago.de\/ws2\/wp-json\/wp\/v2\/users\/2"}],"replies":[{"embeddable":true,"href":"https:\/\/smago.de\/ws2\/wp-json\/wp\/v2\/comments?post=164390"}],"version-history":[{"count":1,"href":"https:\/\/smago.de\/ws2\/wp-json\/wp\/v2\/posts\/164390\/revisions"}],"predecessor-version":[{"id":164392,"href":"https:\/\/smago.de\/ws2\/wp-json\/wp\/v2\/posts\/164390\/revisions\/164392"}],"wp:featuredmedia":[{"embeddable":true,"href":"https:\/\/smago.de\/ws2\/wp-json\/wp\/v2\/media\/164391"}],"wp:attachment":[{"href":"https:\/\/smago.de\/ws2\/wp-json\/wp\/v2\/media?parent=164390"}],"wp:term":[{"taxonomy":"category","embeddable":true,"href":"https:\/\/smago.de\/ws2\/wp-json\/wp\/v2\/categories?post=164390"},{"taxonomy":"post_tag","embeddable":true,"href":"https:\/\/smago.de\/ws2\/wp-json\/wp\/v2\/tags?post=164390"}],"curies":[{"name":"wp","href":"https:\/\/api.w.org\/{rel}","templated":true}]}}