{"id":164382,"date":"2021-04-24T00:08:13","date_gmt":"2021-04-23T22:08:13","guid":{"rendered":"https:\/\/smago.de\/ws2\/?p=164382"},"modified":"2021-04-24T00:08:37","modified_gmt":"2021-04-23T22:08:37","slug":"vivien-gold-sie-bleibt-die-siegerin-der-herzen","status":"publish","type":"post","link":"https:\/\/smago.de\/ws2\/pop-schlager\/vivien-gold-sie-bleibt-die-siegerin-der-herzen\/","title":{"rendered":"VIVIEN GOLD <br>Sie BLEIBT die &#8222;Siegerin der Herzen&#8220;!"},"content":{"rendered":"<p>Ihr Manager Uwe H\u00fcbner reagiert souver\u00e4n und gratuliert ihrer Kontrahentin Vanessa Katharina zum Sieg &#8230;:<br \/>\n<!--more--><\/p>\n<p>&nbsp;<\/p>\n<p>&nbsp;<\/p>\n<p>&nbsp;<\/p>\n<p>Der &#8222;Krimi&#8220; um den &#8222;Schlager des Monats&#8220; Nachwuchs-Star ist beendet.<\/p>\n<p>Uwe H\u00fcbner, der Vivien Gold in Management-Funktion beratend zur Seite steht, reagierte souver\u00e4n darauf, dass seine Vivien bis auf Weiteres die &#8222;Siegerin der Herzen&#8220; bleibt &#8230;:<\/p>\n<p>&nbsp;<\/p>\n<p>&nbsp;<\/p>\n<p>&nbsp;<\/p>\n<p>&nbsp;<\/p>\n<div class=\"kvgmc6g5 cxmmr5t8 oygrvhab hcukyx3x c1et5uql ii04i59q\" style=\"text-align: justify;\">\n<div dir=\"auto\"><strong><em>Gratulation an\u00a0<\/em><em>Vanessa Katharina<\/em><em>. Und Kompliment an Andr\u00e9 Busse. Super geschlagen. Sowie Danke an\u00a0<\/em><em>Vivien Gold.<\/em><\/strong><\/div>\n<div dir=\"auto\"><\/div>\n<div dir=\"auto\"><em><br \/>\n<\/em><em><br \/>\n<\/em><em>Ihr drei habt Euch zusammen der Sache gestellt. Und Eure Fans haben tapfer mit- und dagegen gehalten. Erst gegen b\u00f6se Bots und dann gegen v\u00f6llig nutzlose Panik-Mache, dass es doch wieder Manipulationen geben k\u00f6nnte. Gab es eben nicht. Der MDR hatte alles im Griff. Deswegen ist dieses Ergebnis gut und anzuerkennen. Die Nachwuchsf\u00f6rderung des Senders wurde letztendlich nicht besch\u00e4digt. Also haben heute alle direkt daran Beteiligten etwas zu feiern. Denn der Schlager lebt!<\/em><\/div>\n<\/div>\n<div class=\"o9v6fnle cxmmr5t8 oygrvhab hcukyx3x c1et5uql ii04i59q\" style=\"text-align: justify;\">\n<div dir=\"auto\">\n<p><em>Und was \u201eunsere\u201c VIVIEN angeht: Ja, wir vom Management haben mit einer sehr, sehr guten Nachricht bis heute zur\u00fcckgehalten. Denn frei nach dem Motto \u201eWenn eine T\u00fcr zu geht, geht eine andere auf\u201c ist ihr etwas ganz Wunderbares geschenkt worden. Dar\u00fcber jetzt schon reden d\u00fcrfen wir noch nicht. Weil Corona die Spielregeln in den Medien anders setzt. Aber es wird bald bekannt gegeben &#8230;<\/em><\/p>\n<p>&nbsp;<\/p>\n<\/div>\n<\/div>\n<div class=\"o9v6fnle cxmmr5t8 oygrvhab hcukyx3x c1et5uql ii04i59q\">\n<div dir=\"auto\" style=\"text-align: justify;\"><em>In diesem Sinne allen einen freudvollen und ablenkenden Abend.<\/em><\/div>\n<\/div>\n","protected":false},"excerpt":{"rendered":"<p>Ihr Manager Uwe H\u00fcbner reagiert souver\u00e4n und gratuliert ihrer Kontrahentin Vanessa Katharina zum Sieg &#8230;:<\/p>\n","protected":false},"author":2,"featured_media":161853,"comment_status":"open","ping_status":"closed","sticky":false,"template":"","format":"standard","meta":{"_FSMCFIC_featured_image_caption":"","_FSMCFIC_featured_image_nocaption":"","_FSMCFIC_featured_image_hide":""},"categories":[28,29],"tags":[1607],"acf":[],"_links":{"self":[{"href":"https:\/\/smago.de\/ws2\/wp-json\/wp\/v2\/posts\/164382"}],"collection":[{"href":"https:\/\/smago.de\/ws2\/wp-json\/wp\/v2\/posts"}],"about":[{"href":"https:\/\/smago.de\/ws2\/wp-json\/wp\/v2\/types\/post"}],"author":[{"embeddable":true,"href":"https:\/\/smago.de\/ws2\/wp-json\/wp\/v2\/users\/2"}],"replies":[{"embeddable":true,"href":"https:\/\/smago.de\/ws2\/wp-json\/wp\/v2\/comments?post=164382"}],"version-history":[{"count":2,"href":"https:\/\/smago.de\/ws2\/wp-json\/wp\/v2\/posts\/164382\/revisions"}],"predecessor-version":[{"id":164384,"href":"https:\/\/smago.de\/ws2\/wp-json\/wp\/v2\/posts\/164382\/revisions\/164384"}],"wp:featuredmedia":[{"embeddable":true,"href":"https:\/\/smago.de\/ws2\/wp-json\/wp\/v2\/media\/161853"}],"wp:attachment":[{"href":"https:\/\/smago.de\/ws2\/wp-json\/wp\/v2\/media?parent=164382"}],"wp:term":[{"taxonomy":"category","embeddable":true,"href":"https:\/\/smago.de\/ws2\/wp-json\/wp\/v2\/categories?post=164382"},{"taxonomy":"post_tag","embeddable":true,"href":"https:\/\/smago.de\/ws2\/wp-json\/wp\/v2\/tags?post=164382"}],"curies":[{"name":"wp","href":"https:\/\/api.w.org\/{rel}","templated":true}]}}