{"id":164310,"date":"2021-04-22T23:14:07","date_gmt":"2021-04-22T21:14:07","guid":{"rendered":"https:\/\/smago.de\/ws2\/?p=164310"},"modified":"2021-04-22T23:16:21","modified_gmt":"2021-04-22T21:16:21","slug":"florian-silbereisen-am-05-06-2021-im-ersten-in-der-ard-show-mit-florian-silbereisen","status":"publish","type":"post","link":"https:\/\/smago.de\/ws2\/schlager\/florian-silbereisen-am-05-06-2021-im-ersten-in-der-ard-show-mit-florian-silbereisen\/","title":{"rendered":"FLORIAN SILBEREISEN <br>Am 05.06.2021 im Ersten \/ in der ARD: &#8222;Show mit Florian Silbereisen&#8220;!"},"content":{"rendered":"<p style=\"text-align: justify;\">20:15 Uhr &#8211; 23:30 Uhr!<br \/>\n<!--more--><\/p>\n<p style=\"text-align: justify;\">\n<p style=\"text-align: justify;\">\n<p style=\"text-align: justify;\">So viel L\u00e4ssigkeit h\u00e4tten wir dem Ersten \/ der ARD gar nicht zugetraut &#8230;<\/p>\n<p style=\"text-align: justify;\">In der Programmvorschau f\u00fcr den 05.06.2021 lautet die (vorl\u00e4ufige!) Titelbezeichnung f\u00fcr die n\u00e4chste gro\u00dfe Show mit FLORIAN SILBEREISEN lapidar &#8222;Show mit Florian Silbereisen&#8220;. Ganz offensichtlich ist man auch hier die Kommunikationspolitik der Produktionsfirma l\u00e4ngst \u00fcberdr\u00fcssig.<\/p>\n<p style=\"text-align: justify;\">Und dann kommt nat\u00fcrlich prompt der Hinweis, der &#8211; <em>looogischerweise<\/em> &#8211; kommen musste &#8230;: <em>&#8222;Zu dieser Sendung sind derzeit leider noch keine weiteren Informationen vorhanden.&#8220; <\/em>(Ach was!)<\/p>\n<p style=\"text-align: justify;\">Sicher gesetzt sein d\u00fcrften in jedem Fall Ramon Roselly sowie Ex-Feuerherz Karsten Walter. &#8222;Schlagertitan&#8220; Bernhard Brink d\u00fcrfte sich auch gute Chancen ausmalen. Und den Rest kann man sich ja denken &#8230;<\/p>\n","protected":false},"excerpt":{"rendered":"<p>20:15 Uhr &#8211; 23:30 Uhr!<\/p>\n","protected":false},"author":2,"featured_media":142247,"comment_status":"open","ping_status":"closed","sticky":false,"template":"","format":"standard","meta":{"_FSMCFIC_featured_image_caption":"","_FSMCFIC_featured_image_nocaption":"","_FSMCFIC_featured_image_hide":""},"categories":[29,39],"tags":[144],"acf":[],"_links":{"self":[{"href":"https:\/\/smago.de\/ws2\/wp-json\/wp\/v2\/posts\/164310"}],"collection":[{"href":"https:\/\/smago.de\/ws2\/wp-json\/wp\/v2\/posts"}],"about":[{"href":"https:\/\/smago.de\/ws2\/wp-json\/wp\/v2\/types\/post"}],"author":[{"embeddable":true,"href":"https:\/\/smago.de\/ws2\/wp-json\/wp\/v2\/users\/2"}],"replies":[{"embeddable":true,"href":"https:\/\/smago.de\/ws2\/wp-json\/wp\/v2\/comments?post=164310"}],"version-history":[{"count":3,"href":"https:\/\/smago.de\/ws2\/wp-json\/wp\/v2\/posts\/164310\/revisions"}],"predecessor-version":[{"id":164313,"href":"https:\/\/smago.de\/ws2\/wp-json\/wp\/v2\/posts\/164310\/revisions\/164313"}],"wp:featuredmedia":[{"embeddable":true,"href":"https:\/\/smago.de\/ws2\/wp-json\/wp\/v2\/media\/142247"}],"wp:attachment":[{"href":"https:\/\/smago.de\/ws2\/wp-json\/wp\/v2\/media?parent=164310"}],"wp:term":[{"taxonomy":"category","embeddable":true,"href":"https:\/\/smago.de\/ws2\/wp-json\/wp\/v2\/categories?post=164310"},{"taxonomy":"post_tag","embeddable":true,"href":"https:\/\/smago.de\/ws2\/wp-json\/wp\/v2\/tags?post=164310"}],"curies":[{"name":"wp","href":"https:\/\/api.w.org\/{rel}","templated":true}]}}