{"id":164302,"date":"2021-04-22T23:59:40","date_gmt":"2021-04-22T21:59:40","guid":{"rendered":"https:\/\/smago.de\/ws2\/?p=164302"},"modified":"2021-04-22T23:03:44","modified_gmt":"2021-04-22T21:03:44","slug":"edda-moser-u-a-fr-23-04-2021-in-der-talk-show-3nach9-zu-gast","status":"publish","type":"post","link":"https:\/\/smago.de\/ws2\/schlager\/edda-moser-u-a-fr-23-04-2021-in-der-talk-show-3nach9-zu-gast\/","title":{"rendered":"EDDA MOSER u.a.<br>Fr. (23.04.2021) in der Talk-Show &#8222;3nach9&#8220; zu Gast!"},"content":{"rendered":"<p style=\"text-align: justify;\">NDR fernsehen + hr fernsehen, 22:00 Uhr &#8211; 00:00 Uhr! Moderation: Judith Rakers und Giovanni di Lorenzo!<br \/>\n<!--more--><\/p>\n<p>&nbsp;<\/p>\n<p>&nbsp;<\/p>\n<p>&nbsp;<\/p>\n<p style=\"text-align: justify;\">Zur Radio-Bremen-Talkshow 3nach9 am Freitag, 23. April 2021 um 22 Uhr im NDR\/RB-Fernsehen begr\u00fc\u00dfen Judith Rakers und Giovanni di Lorenzo folgende G\u00e4ste: Armin Laschet, Sebastian Fitzek, Edda Moser, Johannes B. Kerner, Dr. Lisa Federle und Robert Marc Lehmann.<\/p>\n<h2><\/h2>\n<h2><\/h2>\n<h2><\/h2>\n<h2 style=\"text-align: justify;\">Armin Laschet<\/h2>\n<p>&nbsp;<\/p>\n<p>&nbsp;<\/p>\n<figure class=\"imagecontainer -imagecontainer-16x9 -imagecontainer-copytext -imagecontainer-small\" style=\"text-align: justify;\"><\/figure>\n<p style=\"text-align: justify;\">Nach langem Hin und Her hat er sich durchgesetzt: Armin Laschet geht f\u00fcr die Union in das Rennen um das Kanzleramt. Der Aufgabenbereich des CDU-Parteivorsitzenden wird in diesem Superwahljahr also keinesfalls kleiner. B\u00fcrgerinnen und B\u00fcrgern Vertrauen in die Politik zu geben, wird eines der Kernpunkte f\u00fcr den Aachener sein. Warum er pers\u00f6nlich bei seinen Wetten auf Bundesliga-Ergebnisse eher auf ein Unentschieden vertraut und wonach ihm nach der vergangenen, herausfordernden Woche jetzt am liebsten w\u00e4re, verr\u00e4t Armin Laschet hoffentlich bei 3nach9.<\/p>\n<h2><\/h2>\n<h2><\/h2>\n<h2><\/h2>\n<h2><\/h2>\n<h2 style=\"text-align: justify;\">Sebastian Fitzek<\/h2>\n<figure class=\"imagecontainer -imagecontainer-16x9 -imagecontainer-copytext -imagecontainer-small\" style=\"text-align: justify;\"><\/figure>\n<p>&nbsp;<\/p>\n<p>&nbsp;<\/p>\n<p style=\"text-align: justify;\">Gewalt, Angst, Mord \u2013 die Psychothriller von Sebastian Fitzek haben bei seinen Leserinnen und Lesern schon f\u00fcr viele schlaflose N\u00e4chte gesorgt. Sein aktuelles Werk kommt jedoch ganz ohne Leichen aus, die Geschichte geht sogar direkt ans Herz. Warum ein Genrewechsel auch mal guttun kann und wann der Berliner gemerkt hat, dass er seinen Traum vom Rockstarleben endg\u00fcltig begraben muss, erz\u00e4hlt Deutschlands erfolgreichster Schriftsteller Sebastian Fitzek bei 3nach9.<\/p>\n<h2><\/h2>\n<h2><\/h2>\n<h2><\/h2>\n<h2><\/h2>\n<h2 style=\"text-align: justify;\">Edda Moser<\/h2>\n<figure class=\"imagecontainer -imagecontainer-16x9 -imagecontainer-copytext -imagecontainer-small\" style=\"text-align: justify;\"><\/figure>\n<p>&nbsp;<\/p>\n<p>&nbsp;<\/p>\n<p style=\"text-align: justify;\">Ihre Aufnahme der Mozart-Arie der &#8222;K\u00f6nigin der Nacht&#8220; wurde auf eine goldene Schallplatte gepresst und kreist seit 1977 an Bord der Raumsonde &#8222;Voyager 2&#8220; durchs All. Mit ihrer Stimme hat die Sopranistin Edda Moser Opernauff\u00fchrungen \u00fcber viele Jahrzehnte zum Ereignis werden lassen. Bis heute strahlt die K\u00fcnstlerin eine unglaubliche Lebensfreude aus. Warum Schweigen f\u00fcr ihre Karriere existenziell war, welche Verbindung sie einst zu Altkanzler Helmut Kohl pflegte und warum sie sich der Pflege und dem Erhalt der deutschen Sprache verpflichtet f\u00fchlt, berichtet Edda Moser bei 3nach9.<\/p>\n<h2><\/h2>\n<h2><\/h2>\n<h2><\/h2>\n<h2><\/h2>\n<h2 style=\"text-align: justify;\">Johannes B. Kerner<\/h2>\n<figure class=\"imagecontainer -imagecontainer-16x9 -imagecontainer-copytext -imagecontainer-small\" style=\"text-align: justify;\"><\/figure>\n<p>&nbsp;<\/p>\n<p>&nbsp;<\/p>\n<p style=\"text-align: justify;\">Als die erste Folge &#8222;Dalli Dalli&#8220; \u00fcber die deutschen Bildschirme flackerte, war Johannes B. Kerner gerade 6 Jahre alt \u2013 das ist mittlerweile 50 Jahre her. Nun tritt der Moderator f\u00fcr die Jubil\u00e4umsausgabe der Kultsendung in die Fu\u00dfstapfen des Quizmasters Hans Rosenthal. Dass er dem gewachsen ist, hat Johannes B. Kerner in den letzten Jahren bewiesen. Ob Quiz-, Sport- oder Talkshow, der kulturell und politisch interessierte und versierte Hamburger meistert jede Herausforderung. 3nach9 ist der Meinung: &#8222;Das war Spitze!&#8220; und freut sich auf einen Luftsprung von Johannes B. Kerner.<\/p>\n<h2><\/h2>\n<h2><\/h2>\n<h2><\/h2>\n<h2><\/h2>\n<h2 style=\"text-align: justify;\">Dr. Lisa Federle<\/h2>\n<figure class=\"imagecontainer -imagecontainer-16x9 -imagecontainer-copytext -imagecontainer-small\" style=\"text-align: justify;\"><\/figure>\n<p>&nbsp;<\/p>\n<p>&nbsp;<\/p>\n<p style=\"text-align: justify;\">Eine Frau voller Energie und Tatendrang: Lisa Federle ist \u00c4rztin aus Leidenschaft. Die Notfallmedizinerin ist Erfinderin der T\u00fcbinger Schnelltest-Strategie und erreicht damit aktuell bundesweite Anerkennung. Ihr Karriereweg war jedoch steinig: Ohne Abschluss verlie\u00df sie zun\u00e4chst als Teenager die Schule. Warum sie an ihrem Traum \u00c4rztin zu werden, immer festhielt und wie es ihr schlie\u00dflich gelang das Medizinstudium zu absolvieren, erz\u00e4hlt die Tr\u00e4gerin des Bundesverdienstkreuzes am Bande und vierfache Mutter bei 3nach9.<\/p>\n<h2><\/h2>\n<h2><\/h2>\n<h2><\/h2>\n<h2><\/h2>\n<h2 style=\"text-align: justify;\">Robert Marc Lehmann<\/h2>\n<figure class=\"imagecontainer -imagecontainer-16x9 -imagecontainer-copytext -imagecontainer-small\" style=\"text-align: justify;\"><\/figure>\n<p>&nbsp;<\/p>\n<p>&nbsp;<\/p>\n<p style=\"text-align: justify;\">&#8222;Der Klimawandel, Plastikm\u00fcll und \u00dcberfischung bedrohen nicht nur die Meere, sondern uns alle&#8220;, sagt der Meeresbiologe, Fotograf und Forschungstaucher Robert Marc Lehmann. Seit zehn Jahren reist der Natursch\u00fctzer, der 2015 als &#8222;National Geographic Fotograf des Jahres&#8220; ausgezeichnet wurde, auf Forschungs- und Rettungsmissionen um die Welt. Sein Ziel: ohne erhobenen Zeigefinger auf die Folgen des Konsumverhaltens aufmerksam machen und Tipps geben, wie alle die Welt besser sch\u00fctzen k\u00f6nnen. Bei 3nach9 berichtet er von seinen wichtigsten und gef\u00e4hrlichsten Reisen.<\/p>\n<p>&nbsp;<\/p>\n<p>&nbsp;<\/p>\n<figure id=\"attachment_164303\" aria-describedby=\"caption-attachment-164303\" style=\"width: 800px\" class=\"wp-caption alignnone\"><img decoding=\"async\" loading=\"lazy\" class=\"size-large wp-image-164303\" src=\"https:\/\/smago.de\/ws2\/wp-content\/uploads\/2021\/04\/3nach9_Radio-Bremen-Matthias-Hornung-800x450.jpg\" alt=\"\" width=\"800\" height=\"450\" srcset=\"https:\/\/smago.de\/ws2\/wp-content\/uploads\/2021\/04\/3nach9_Radio-Bremen-Matthias-Hornung-800x450.jpg 800w, https:\/\/smago.de\/ws2\/wp-content\/uploads\/2021\/04\/3nach9_Radio-Bremen-Matthias-Hornung-522x294.jpg 522w, https:\/\/smago.de\/ws2\/wp-content\/uploads\/2021\/04\/3nach9_Radio-Bremen-Matthias-Hornung-267x150.jpg 267w, https:\/\/smago.de\/ws2\/wp-content\/uploads\/2021\/04\/3nach9_Radio-Bremen-Matthias-Hornung-768x432.jpg 768w, https:\/\/smago.de\/ws2\/wp-content\/uploads\/2021\/04\/3nach9_Radio-Bremen-Matthias-Hornung-1536x864.jpg 1536w, https:\/\/smago.de\/ws2\/wp-content\/uploads\/2021\/04\/3nach9_Radio-Bremen-Matthias-Hornung-2048x1152.jpg 2048w, https:\/\/smago.de\/ws2\/wp-content\/uploads\/2021\/04\/3nach9_Radio-Bremen-Matthias-Hornung-392x221.jpg 392w, https:\/\/smago.de\/ws2\/wp-content\/uploads\/2021\/04\/3nach9_Radio-Bremen-Matthias-Hornung-130x73.jpg 130w, https:\/\/smago.de\/ws2\/wp-content\/uploads\/2021\/04\/3nach9_Radio-Bremen-Matthias-Hornung-791x445.jpg 791w, https:\/\/smago.de\/ws2\/wp-content\/uploads\/2021\/04\/3nach9_Radio-Bremen-Matthias-Hornung-870x489.jpg 870w, https:\/\/smago.de\/ws2\/wp-content\/uploads\/2021\/04\/3nach9_Radio-Bremen-Matthias-Hornung-292x164.jpg 292w, https:\/\/smago.de\/ws2\/wp-content\/uploads\/2021\/04\/3nach9_Radio-Bremen-Matthias-Hornung-435x245.jpg 435w, https:\/\/smago.de\/ws2\/wp-content\/uploads\/2021\/04\/3nach9_Radio-Bremen-Matthias-Hornung-895x503.jpg 895w\" sizes=\"(max-width: 800px) 100vw, 800px\" \/><figcaption id=\"caption-attachment-164303\" class=\"wp-caption-text\"><em>Foto-Credit: Radio Bremen \/ Matthias Hornung<\/em><\/figcaption><\/figure>\n","protected":false},"excerpt":{"rendered":"<p>NDR fernsehen + hr fernsehen, 22:00 Uhr &#8211; 00:00 Uhr! Moderation: Judith Rakers und Giovanni di Lorenzo!<\/p>\n","protected":false},"author":2,"featured_media":164303,"comment_status":"open","ping_status":"closed","sticky":false,"template":"","format":"standard","meta":{"_FSMCFIC_featured_image_caption":"","_FSMCFIC_featured_image_nocaption":"","_FSMCFIC_featured_image_hide":""},"categories":[29,128],"tags":[215],"acf":[],"_links":{"self":[{"href":"https:\/\/smago.de\/ws2\/wp-json\/wp\/v2\/posts\/164302"}],"collection":[{"href":"https:\/\/smago.de\/ws2\/wp-json\/wp\/v2\/posts"}],"about":[{"href":"https:\/\/smago.de\/ws2\/wp-json\/wp\/v2\/types\/post"}],"author":[{"embeddable":true,"href":"https:\/\/smago.de\/ws2\/wp-json\/wp\/v2\/users\/2"}],"replies":[{"embeddable":true,"href":"https:\/\/smago.de\/ws2\/wp-json\/wp\/v2\/comments?post=164302"}],"version-history":[{"count":2,"href":"https:\/\/smago.de\/ws2\/wp-json\/wp\/v2\/posts\/164302\/revisions"}],"predecessor-version":[{"id":164306,"href":"https:\/\/smago.de\/ws2\/wp-json\/wp\/v2\/posts\/164302\/revisions\/164306"}],"wp:featuredmedia":[{"embeddable":true,"href":"https:\/\/smago.de\/ws2\/wp-json\/wp\/v2\/media\/164303"}],"wp:attachment":[{"href":"https:\/\/smago.de\/ws2\/wp-json\/wp\/v2\/media?parent=164302"}],"wp:term":[{"taxonomy":"category","embeddable":true,"href":"https:\/\/smago.de\/ws2\/wp-json\/wp\/v2\/categories?post=164302"},{"taxonomy":"post_tag","embeddable":true,"href":"https:\/\/smago.de\/ws2\/wp-json\/wp\/v2\/tags?post=164302"}],"curies":[{"name":"wp","href":"https:\/\/api.w.org\/{rel}","templated":true}]}}