{"id":164300,"date":"2021-04-22T23:59:47","date_gmt":"2021-04-22T21:59:47","guid":{"rendered":"https:\/\/smago.de\/ws2\/?p=164300"},"modified":"2021-04-22T22:57:40","modified_gmt":"2021-04-22T20:57:40","slug":"h-p-baxxter-scooter-u-a-fr-23-04-2021-in-der-talk-show-koelner-treff-zu-gast","status":"publish","type":"post","link":"https:\/\/smago.de\/ws2\/pop\/h-p-baxxter-scooter-u-a-fr-23-04-2021-in-der-talk-show-koelner-treff-zu-gast\/","title":{"rendered":"H.P. BAXXTER ((&#8222;Scooter&#8220;)) u.a. <br>Fr. (23.04.2021) in der Talk-Show &#8222;K\u00f6lner Treff&#8220; zu Gast!"},"content":{"rendered":"<p>22:00 Uhr \u2013 23:30 Uhr (1. Wh. in der Nacht auf 24.04., 01:00 Uhr \u2013 02:30 Uhr; 2. Wh.: 25.04., 10:00 Uhr \u2013 11:30 Uhr)! Moderation: Bettina B\u00f6ttinger!<br \/>\n<!--more--><\/p>\n<p>&nbsp;<\/p>\n<p>&nbsp;<\/p>\n<p style=\"text-align: justify;\">\n<p style=\"text-align: justify;\"><strong>H.P. Baxxter<\/strong><\/p>\n<p>&nbsp;<\/p>\n<p style=\"text-align: justify;\">\nEing\u00e4ngige oder bekannte Melodien auf Techno-Beats: Das ist das Erfolgsrezept der Band Scooter, die unter der F\u00fchrung ihres Leads\u00e4ngers mit den wasserstoffblonden Haaren einen internationalen Charterfolg nach dem anderen feiern konnte. Doch Corona setzte auch hier der ausgelassenen Partystimmung ein Ende, u.a. musste eine Tour zum 20. Album der Gruppe aufgeschoben werden. Was H.P. Baxxter macht, wenn er nicht feiern kann, erz\u00e4hlt er im K\u00f6lner Treff.<\/p>\n<p>&nbsp;<\/p>\n<p>&nbsp;<\/p>\n<p>&nbsp;<\/p>\n<p style=\"text-align: justify;\">\n<p><strong>Petra Gerster<\/strong><\/p>\n<p>&nbsp;<\/p>\n<p style=\"text-align: justify;\">\nSeit 22 Jahren ist sie die &#8222;Anchorwoman&#8220; der &#8222;heute&#8220;-Nachrichten. Als Teenager war ihr Ziel eigentlich, Pal\u00e4ontologin zu werden: sie wollte den Dingen eben schon immer auf den Grund gehen und schaffte damit beste Voraussetzungen f\u00fcr ihren Beruf als Journalistin. Ihre Fernseh-Premiere hatte sie 1987 bei der &#8222;Aktuellen Stunde&#8220; im WDR Fernsehen und landete dann 1998 bei ZDF &#8222;heute&#8220;. Nun geht die zweifache Mutter Ende Mai in den wohlverdienten Ruhestand. Wie sie auf ihr prall gef\u00fclltes Berufsleben zur\u00fcckblickt und ob sie mit dem Wort Ruhestand \u00fcberhaupt etwas anfangen kann, erz\u00e4hlt uns Petra Gerster im &#8222;K\u00f6lner Treff&#8220;.<\/p>\n<p>&nbsp;<\/p>\n<p>&nbsp;<\/p>\n<p>&nbsp;<\/p>\n<p style=\"text-align: justify;\">\n<p><strong>Susan Sideropoulos<\/strong><\/p>\n<p>&nbsp;<\/p>\n<p style=\"text-align: justify;\">\nSie ist Schauspielerin, Moderatorin und seit neustem auch Autorin. In ihrem Erstlingswerk &#8222;Rosarotes Gl\u00fcck&#8220; erz\u00e4hlt sie offen von ihrer Kindheit, dem fr\u00fchen Krebstod ihrer Mutter und davon, wie sie es geschafft hat, sich von ihrem bisher gr\u00f6\u00dften beruflichen Misserfolg zu erholen, der ihr vor wenigen Jahren den Boden unter den F\u00fc\u00dfen weggezogen hatte. Wie die Tochter eines Griechen und einer Israelin ihr multikulturelles Leben in Berlin gestaltet, welche Rolle ihr J\u00fcdisch-sein im Alltag spielt und wie man es schafft, ganze 25 Jahre mit seiner Jugendliebe zusammen zu bleiben, davon erz\u00e4hlt sie uns im K\u00f6lner Treff.<\/p>\n<p>&nbsp;<\/p>\n<p>&nbsp;<\/p>\n<p style=\"text-align: justify;\">\n<p><strong>Markus Maria Profitlich<\/strong><\/p>\n<p>&nbsp;<\/p>\n<p style=\"text-align: justify;\">\nSeit \u00fcber 30 Jahren ist Markus Maria Profitlich mit seinen Comedy-Programmen erfolgreich. Er z\u00e4hlt zu den beliebtesten Stars der deutschen Comedyszene und wurde f\u00fcr seine TV-Serie &#8222;Mensch Markus&#8220; mehrfach mit dem Deutschen Comedypreis ausgezeichnet. 2017 dann erh\u00e4lt der beliebte Komiker die Diagnose Parkinson, ein Jahr sp\u00e4ter macht er sie \u00f6ffentlich. Seitdem versucht er damit zu leben, kennt gute und schlechte Tage mit der bisher noch unheilbaren Krankheit. Und auch wenn das Leben nun ein v\u00f6llig anderes ist, seinen Humor hat der Familienvater bei all den H\u00f6hen und Tiefen nicht verloren.<\/p>\n<p>&nbsp;<\/p>\n<p>&nbsp;<\/p>\n<p>&nbsp;<\/p>\n<p style=\"text-align: justify;\">\n<p><strong>Vanessa Vu &amp; Minh Thu Tran<\/strong><\/p>\n<p>&nbsp;<\/p>\n<p style=\"text-align: justify;\">\nSie sind zwei junge Journalistinnen, die gemeinsam in ihrem Podcast &#8222;Rice &amp; Shine&#8220; Geschichten und Perspektiven von Deutsch-VietnamesInnen h\u00f6rbar machen. F\u00fcr ihre Arbeit wurde sie gerade f\u00fcr den renommierten CIVIS-Preis nominiert. Mit viel Liebe und Humor werfen sie einen Blick auf Gesellschaft, Politik und Popkultur und fragen: Was eint, was trennt und was bewegt uns? Aber auch: Was lassen wir uns nicht mehr gefallen?<\/p>\n<p>&nbsp;<\/p>\n<p>&nbsp;<\/p>\n<p>&nbsp;<\/p>\n<p style=\"text-align: justify;\">\n<p><strong>J\u00fcrgen Becker<\/strong><\/p>\n<p>&nbsp;<\/p>\n<p style=\"text-align: justify;\">\nAuch wenn er die WDR Kult-Kabarett Sendung &#8222;Mitternachtsspitzen&#8220; inzwischen in andere H\u00e4nde \u00fcbergeben hat, h\u00f6rt er nicht auf, sich aufzuregen. Und Stoff f\u00fcr Kabarettist*innen gibt es zur Zeit genug: Die Kanzlerkandiatenk\u00fcr der Parteien, die Corona-Strategie der Regierung, die Skandale in der Kirche. J\u00fcrgen Becker macht sich seine Gedanken, und weil er diese nicht auf der B\u00fchne mit seinem Publikum teilen kann, macht er das eben bei uns im K\u00f6lner Treff. Denn von Rente oder Ruhestand ist er noch weit entfernt.<\/p>\n<p>&nbsp;<\/p>\n<p>&nbsp;<\/p>\n<figure id=\"attachment_157318\" aria-describedby=\"caption-attachment-157318\" style=\"width: 800px\" class=\"wp-caption alignnone\"><img decoding=\"async\" loading=\"lazy\" class=\"size-large wp-image-157318\" src=\"https:\/\/smago.de\/ws2\/wp-content\/uploads\/2020\/11\/1_Koelner_Treff_PW4720-800x448.jpg\" alt=\"\" width=\"800\" height=\"448\" srcset=\"https:\/\/smago.de\/ws2\/wp-content\/uploads\/2020\/11\/1_Koelner_Treff_PW4720-800x448.jpg 800w, https:\/\/smago.de\/ws2\/wp-content\/uploads\/2020\/11\/1_Koelner_Treff_PW4720-522x292.jpg 522w, https:\/\/smago.de\/ws2\/wp-content\/uploads\/2020\/11\/1_Koelner_Treff_PW4720-268x150.jpg 268w, https:\/\/smago.de\/ws2\/wp-content\/uploads\/2020\/11\/1_Koelner_Treff_PW4720-768x430.jpg 768w, https:\/\/smago.de\/ws2\/wp-content\/uploads\/2020\/11\/1_Koelner_Treff_PW4720-1536x860.jpg 1536w, https:\/\/smago.de\/ws2\/wp-content\/uploads\/2020\/11\/1_Koelner_Treff_PW4720-2048x1147.jpg 2048w, https:\/\/smago.de\/ws2\/wp-content\/uploads\/2020\/11\/1_Koelner_Treff_PW4720-392x220.jpg 392w, https:\/\/smago.de\/ws2\/wp-content\/uploads\/2020\/11\/1_Koelner_Treff_PW4720-130x73.jpg 130w, https:\/\/smago.de\/ws2\/wp-content\/uploads\/2020\/11\/1_Koelner_Treff_PW4720-794x445.jpg 794w, https:\/\/smago.de\/ws2\/wp-content\/uploads\/2020\/11\/1_Koelner_Treff_PW4720-870x487.jpg 870w, https:\/\/smago.de\/ws2\/wp-content\/uploads\/2020\/11\/1_Koelner_Treff_PW4720-292x164.jpg 292w, https:\/\/smago.de\/ws2\/wp-content\/uploads\/2020\/11\/1_Koelner_Treff_PW4720-435x244.jpg 435w\" sizes=\"(max-width: 800px) 100vw, 800px\" \/><figcaption id=\"caption-attachment-157318\" class=\"wp-caption-text\"><em>\u00a9 WDR \/ Melanie Grande<\/em><\/figcaption><\/figure>\n","protected":false},"excerpt":{"rendered":"<p>22:00 Uhr \u2013 23:30 Uhr (1. Wh. in der Nacht auf 24.04., 01:00 Uhr \u2013 02:30 Uhr; 2. Wh.: 25.04.,<\/p>\n","protected":false},"author":2,"featured_media":157318,"comment_status":"open","ping_status":"closed","sticky":false,"template":"","format":"standard","meta":{"_FSMCFIC_featured_image_caption":"","_FSMCFIC_featured_image_nocaption":"","_FSMCFIC_featured_image_hide":""},"categories":[27,128],"tags":[129],"acf":[],"_links":{"self":[{"href":"https:\/\/smago.de\/ws2\/wp-json\/wp\/v2\/posts\/164300"}],"collection":[{"href":"https:\/\/smago.de\/ws2\/wp-json\/wp\/v2\/posts"}],"about":[{"href":"https:\/\/smago.de\/ws2\/wp-json\/wp\/v2\/types\/post"}],"author":[{"embeddable":true,"href":"https:\/\/smago.de\/ws2\/wp-json\/wp\/v2\/users\/2"}],"replies":[{"embeddable":true,"href":"https:\/\/smago.de\/ws2\/wp-json\/wp\/v2\/comments?post=164300"}],"version-history":[{"count":1,"href":"https:\/\/smago.de\/ws2\/wp-json\/wp\/v2\/posts\/164300\/revisions"}],"predecessor-version":[{"id":164301,"href":"https:\/\/smago.de\/ws2\/wp-json\/wp\/v2\/posts\/164300\/revisions\/164301"}],"wp:featuredmedia":[{"embeddable":true,"href":"https:\/\/smago.de\/ws2\/wp-json\/wp\/v2\/media\/157318"}],"wp:attachment":[{"href":"https:\/\/smago.de\/ws2\/wp-json\/wp\/v2\/media?parent=164300"}],"wp:term":[{"taxonomy":"category","embeddable":true,"href":"https:\/\/smago.de\/ws2\/wp-json\/wp\/v2\/categories?post=164300"},{"taxonomy":"post_tag","embeddable":true,"href":"https:\/\/smago.de\/ws2\/wp-json\/wp\/v2\/tags?post=164300"}],"curies":[{"name":"wp","href":"https:\/\/api.w.org\/{rel}","templated":true}]}}