{"id":163761,"date":"2021-04-11T00:00:22","date_gmt":"2021-04-10T22:00:22","guid":{"rendered":"https:\/\/smago.de\/ws2\/?p=163761"},"modified":"2021-04-10T13:24:35","modified_gmt":"2021-04-10T11:24:35","slug":"sebastian-gomez-sebastian-gomez-meldet-sich-mit-dem-latino-soft-schlager-fiesta-con-te-zurueck","status":"publish","type":"post","link":"https:\/\/smago.de\/ws2\/pop-schlager\/sebastian-gomez-sebastian-gomez-meldet-sich-mit-dem-latino-soft-schlager-fiesta-con-te-zurueck\/","title":{"rendered":"SEBASTIAN G\u00d3MEZ <br>Sebastian G\u00f3mez meldet sich mit dem Latino-Soft-Schlager &#8222;Fiesta con te&#8220; zur\u00fcck!"},"content":{"rendered":"<p style=\"text-align: justify;\">Die Ver\u00f6ffentlichung erfolgt am 16.04.2021 via Fiesta Records GmbH!<br \/>\n<!--more--><\/p>\n<p>&nbsp;<\/p>\n<p style=\"text-align: justify;\">\n<p style=\"text-align: justify;\">&#8222;Fiesta con te\u201c, \u201eKomm tanz mit mir\u201c, \u201eBarfu\u00df im Sand\u201c \u2013 SEBASTIAN G\u00d3MEZ hat den richtigen Soundtrack f\u00fcr den Latino Schlagersommer 2021 mit seinem neuen Titel \u201eFiesta con te\u201c!<\/p>\n<p style=\"text-align: justify;\">\u201eIm Namen der Liebe\u201c, das ist das Programm f\u00fcr laue Sommern\u00e4chte zu Zweit oder auch zum gemeinsamen Abfeiern.<\/p>\n<p style=\"text-align: justify;\">Durchtanzte N\u00e4chte, romantische Momente und ganz viel Amor mit \u201eFiesta con te\u201c. Sebastian G\u00f3mez feiert mit dir in den Sommer.<\/p>\n<p>&nbsp;<\/p>\n<p style=\"text-align: justify;\">Dieser Song ist ab dem\u00a016.04.2021\u00a0in allen bekannten Onlineshops erh\u00e4ltlich!<\/p>\n<p style=\"text-align: justify;\">\n","protected":false},"excerpt":{"rendered":"<p>Die Ver\u00f6ffentlichung erfolgt am 16.04.2021 via Fiesta Records GmbH!<\/p>\n","protected":false},"author":2,"featured_media":163762,"comment_status":"open","ping_status":"closed","sticky":false,"template":"","format":"standard","meta":{"_FSMCFIC_featured_image_caption":"","_FSMCFIC_featured_image_nocaption":"","_FSMCFIC_featured_image_hide":""},"categories":[28,29],"tags":[2008],"acf":[],"_links":{"self":[{"href":"https:\/\/smago.de\/ws2\/wp-json\/wp\/v2\/posts\/163761"}],"collection":[{"href":"https:\/\/smago.de\/ws2\/wp-json\/wp\/v2\/posts"}],"about":[{"href":"https:\/\/smago.de\/ws2\/wp-json\/wp\/v2\/types\/post"}],"author":[{"embeddable":true,"href":"https:\/\/smago.de\/ws2\/wp-json\/wp\/v2\/users\/2"}],"replies":[{"embeddable":true,"href":"https:\/\/smago.de\/ws2\/wp-json\/wp\/v2\/comments?post=163761"}],"version-history":[{"count":2,"href":"https:\/\/smago.de\/ws2\/wp-json\/wp\/v2\/posts\/163761\/revisions"}],"predecessor-version":[{"id":163764,"href":"https:\/\/smago.de\/ws2\/wp-json\/wp\/v2\/posts\/163761\/revisions\/163764"}],"wp:featuredmedia":[{"embeddable":true,"href":"https:\/\/smago.de\/ws2\/wp-json\/wp\/v2\/media\/163762"}],"wp:attachment":[{"href":"https:\/\/smago.de\/ws2\/wp-json\/wp\/v2\/media?parent=163761"}],"wp:term":[{"taxonomy":"category","embeddable":true,"href":"https:\/\/smago.de\/ws2\/wp-json\/wp\/v2\/categories?post=163761"},{"taxonomy":"post_tag","embeddable":true,"href":"https:\/\/smago.de\/ws2\/wp-json\/wp\/v2\/tags?post=163761"}],"curies":[{"name":"wp","href":"https:\/\/api.w.org\/{rel}","templated":true}]}}