{"id":163315,"date":"2021-04-02T00:00:12","date_gmt":"2021-04-01T22:00:12","guid":{"rendered":"https:\/\/smago.de\/ws2\/?p=163315"},"modified":"2021-04-01T23:27:41","modified_gmt":"2021-04-01T21:27:41","slug":"maite-kelly-u-a-heute-02-04-2021-in-der-ndr-talk-show-zu-gast","status":"publish","type":"post","link":"https:\/\/smago.de\/ws2\/schlager\/maite-kelly-u-a-heute-02-04-2021-in-der-ndr-talk-show-zu-gast\/","title":{"rendered":"MAITE KELLY u.a. <br>Heute (02.04.2021) in der &#8222;NDR Talk Show&#8220; zu Gast!"},"content":{"rendered":"<p style=\"text-align: justify;\">NDR fernsehen + hr fernsehen, 21:45 Uhr &#8211; 00:00 Uhr! Moderation:\u00a0Bettina Tietjen und Hubertus Meyer-Burckhardt! Sehen Sie HIER den Vorschau-Trailer &#8230;:<br \/>\n<!--more--><\/p>\n<p>&nbsp;<\/p>\n<p>&nbsp;<\/p>\n<p>&nbsp;<\/p>\n<h2 style=\"text-align: justify;\">Maite Kelly, S\u00e4ngerin<\/h2>\n<p>&nbsp;<\/p>\n<p>&nbsp;<\/p>\n<div class=\"contentimage w50\" style=\"text-align: justify;\"><\/div>\n<p style=\"text-align: justify;\">Offenherzig, impulsiv und lebensfroh, so kennen und lieben sie ihre Fans: Maite Kelly. Sie ist das zweitj\u00fcngste Kind der legend\u00e4ren Musikerfamilie Kelly Family. Als Schlagers\u00e4ngerin hat sie sich vor f\u00fcnf Jahren neu erfunden. F\u00fcr ihr Deb\u00fct &#8222;Sieben Leben f\u00fcr dich&#8220; und das Nachfolgealbum &#8222;Die Liebe siegt sowieso&#8220; erhielt sie Platinauszeichnungen. Am 19. M\u00e4rz ist ihr drittes Schlageralbum mit dem Titel &#8222;Hello!&#8220; erschienen. In der NDR Talk Show erz\u00e4hlt die Mutter dreier T\u00f6chter wer oder was sie beim Komponieren und Texten inspiriert und wie sie als gl\u00e4ubige Katholikin Ostern feiert.<\/p>\n<p>&nbsp;<\/p>\n<p>&nbsp;<\/p>\n<p>&nbsp;<\/p>\n<p>&nbsp;<\/p>\n<h2 style=\"text-align: justify;\">Olivia Jones, Entertainerin und Unternehmerin<\/h2>\n<p>&nbsp;<\/p>\n<p>&nbsp;<\/p>\n<div class=\"contentimage w50\" style=\"text-align: justify;\"><\/div>\n<p style=\"text-align: justify;\">Sie ist die bekannteste und beliebteste Travestiek\u00fcnstlerin des Landes: Olivia Jones. Schon als Jugendlicher sorgte Oliver, so der b\u00fcrgerliche Vorname, in der nieders\u00e4chsischen Provinz f\u00fcr Aufsehen, wenn er in Frauenkleidern in die Schule ging. Seine Karriere als Olivia Jones begann endg\u00fcltig 1997 mit dem Gewinn des Titels Miss Drag Queen of the World in Miami. Seither ist die &#8222;knallbunte Wundert\u00fcte auf zwei sehr langen Beinen&#8220;, die sich selbst &#8222;Multifunktions-Transe&#8220; nennt, auf vielen B\u00fchnen aktiv, als erfolgreiche Unternehmerin, politische Aktivistin und engagierte Botschafterin f\u00fcr Toleranz. Im April erscheint Olivia Jones&#8216; Autobiografie, in der sie unbekannte Einblicke in ihr Leben gibt.<\/p>\n<p>&nbsp;<\/p>\n<p>&nbsp;<\/p>\n<p>&nbsp;<\/p>\n<p>&nbsp;<\/p>\n<h2 style=\"text-align: justify;\">Heino Ferch, Schauspieler<\/h2>\n<p>&nbsp;<\/p>\n<p>&nbsp;<\/p>\n<div class=\"contentimage w50\" style=\"text-align: justify;\"><\/div>\n<p style=\"text-align: justify;\">Heino Ferch ist seit vier Jahrzehnten einer der beliebtesten und gefragtesten deutschen Schauspieler, der stets durch die Vielf\u00e4ltigkeit seiner Rollen fasziniert. Er hat die Gro\u00dfereignisse der deutschen Geschichte \u00a0des 20. Jahrhunderts durchgespielt &#8211; in Historienfilmen wie &#8222;Der Tunnel&#8220;, &#8222;Die Mauer&#8220;, &#8222;Der Untergang&#8220; oder &#8222;Die Luftbr\u00fccke&#8220;. In der TV-Reihe &#8222;Spuren des B\u00f6sen&#8220; spielt er den kauzigen Psychologen Richard Brock, in den Martin Suter-Verfilmungen den Lebemann und Gauner &#8222;Allmen&#8220;, in den &#8222;Ku&#8217;damm-Filmen&#8220; den zwielichtigen Psychiater Professor Fassbender. Am 24. April 2021 ist der in Bremerhaven geborene Ferch nun im Ersten in der Kom\u00f6die &#8222;Wer einmal stirbt, dem glaubt man nicht&#8220; zu sehen.<\/p>\n<p>&nbsp;<\/p>\n<p>&nbsp;<\/p>\n<p>&nbsp;<\/p>\n<p>&nbsp;<\/p>\n<h2 style=\"text-align: justify;\">Andreas Englisch, Journalist und Vatikan-Kenner<\/h2>\n<p>&nbsp;<\/p>\n<p>&nbsp;<\/p>\n<div class=\"contentimage w50\" style=\"text-align: justify;\"><\/div>\n<p style=\"text-align: justify;\">Bereits seit Ende der 1980er-Jahre arbeitet Andreas Englisch als Journalist im Vatikan und avancierte zu einem profunden Kenner des Kirchenstaates. Sp\u00e4testens seit 1995 wurde er als privilegierter Journalist an der Seite von Papst Johannes Paul II. zum anerkannten Papst-Experten in den deutschen Medien. Seit 2013 ist mit Papst Franziskus einer der unkonventionellsten P\u00e4pste der Geschichte an der Spitze der katholischen Kirche. Wie der Papst mit der Corona-Distanz umgeht und welche weiteren Krisenthemen es im Vatikan gibt, das erz\u00e4hlt Andreas Englisch in der NDR Talk Show.<\/p>\n<p>&nbsp;<\/p>\n<p>&nbsp;<\/p>\n<p>&nbsp;<\/p>\n<p>&nbsp;<\/p>\n<h2 style=\"text-align: justify;\">Malte Jahn, Kr\u00e4uterh\u00e4ndler<\/h2>\n<p>&nbsp;<\/p>\n<p>&nbsp;<\/p>\n<div class=\"contentimage w50\" style=\"text-align: justify;\"><\/div>\n<p style=\"text-align: justify;\">Fr\u00fcher stand Malte Jahn als Dompteur mit Tigern in der Manege, jetzt macht er in Kr\u00e4utern. Und das findet er fast genauso heikel: Nimmt er zu wenig Zitronenminze mit auf den Hamburger Isemarkt, laufen ihm seine anspruchsvollen Kundinnen und Kunden weg, nimmt er zu viel mit, bleibt er auf der empfindlichen Ware sitzen. \u00dcber seinen ungew\u00f6hnlichen Lebensweg und die Superpower seiner Kr\u00e4uter spricht das Hamburger Original in der NDR Talk Show.<\/p>\n<p>&nbsp;<\/p>\n<p>&nbsp;<\/p>\n<p>&nbsp;<\/p>\n<p>&nbsp;<\/p>\n<h2 style=\"text-align: justify;\">Birke Opitz-Kittel und Tochter Miriam, Asperger-Autistin und f\u00fcnffache Mutter<\/h2>\n<p>&nbsp;<\/p>\n<p>&nbsp;<\/p>\n<p style=\"text-align: justify;\">Schon als Kind merkt sie, dass sie anders ist, als die anderen. Im Alter von 37 Jahren erf\u00e4hrt sie dann, woran es liegt: Birke Opitz-Kittel ist Asperger-Autistin. Zu diesem Zeitpunkt hat sie bereits f\u00fcnf Kinder. Als Autistin f\u00e4llt es ihr schwer Emotionen zu zeigen und g\u00e4ngige Verhaltensregeln intuitiv nachzuvollziehen. Trotz dieser Schwierigkeiten lernt sie aber, eine innige Bindung zu ihren Kindern aufzubauen: Sie liest Erziehungsratgeber, beobachtet M\u00fctter auf den Spielpl\u00e4tzen und sucht nach rationalen Begr\u00fcndungen f\u00fcr emotionale Bed\u00fcrfnisse. Zwischenmenschliches muss sie lernen &#8211; auch die Liebe. Heute engagiert sie sich in Selbsthilfegruppen und hat ein Buch mit dem Titel &#8222;Mama lernt Liebe&#8220; ver\u00f6ffentlicht. Zum &#8222;Welt-Autismus-Tag&#8220; am 02. April wird Birke Opitz Kittel gemeinsam mit ihrer Tochter Miriam von ihrem Lebensalltag mit Autismus in der NDR Talk Show berichten.<\/p>\n<p>&nbsp;<\/p>\n<p>&nbsp;<\/p>\n<p>&nbsp;<\/p>\n<p>&nbsp;<\/p>\n<h2 style=\"text-align: justify;\">Sophie Jones, &#8222;Zeugin Jehovas&#8220;-Aussteigerin und Autorin<\/h2>\n<p>&nbsp;<\/p>\n<p>&nbsp;<\/p>\n<div class=\"contentimage w50\" style=\"text-align: justify;\"><\/div>\n<p style=\"text-align: justify;\">Die 25-j\u00e4hrige Sophie Jones war bis zu ihrem 18. Lebensjahr Mitglied der Zeugen Jehovas. &#8222;Ich habe nie Geburtstage, Weihnachten oder Ostern gefeiert. Meine Zukunft war fremdbestimmt. H\u00f6here Bildung hatte darin keinen Platz. Ich war lange leise, aber jetzt bin ich laut. K\u00e4mpfe f\u00fcr all das, was mir genommen wurde&#8220;, sagt die Leipzigerin. Nach dem Ausstieg musste Sophie Jones erst lernen, ein selbstbestimmtes Leben zu f\u00fchren. Vor drei Jahren outete sie sich in einem Youtube-Video. Seither widmet sie sich aktiv der Aufkl\u00e4rungsarbeit \u00fcber die Zeugen Jehovas und unterst\u00fctzt einen Verein, der Sektenaussteiger:innen hilft. \u00dcber ihre Kindheit und Jugend hat sie ein Buch geschrieben: &#8222;Erl\u00f6se mich von dem B\u00f6sen&#8220;.<\/p>\n<p>&nbsp;<\/p>\n<p>&nbsp;<\/p>\n<p>&nbsp;<\/p>\n<p>Sehen Sie <strong><a href=\"https:\/\/www.ndr.de\/fernsehen\/sendungen\/ndr_talk_show\/NDR-Talk-Show-Die-Gaeste-am-2-April,sendung1138306.html\">HIER<\/a><\/strong> den Vorschau-Trailer!<\/p>\n","protected":false},"excerpt":{"rendered":"<p>NDR fernsehen + hr fernsehen, 21:45 Uhr &#8211; 00:00 Uhr! Moderation:\u00a0Bettina Tietjen und Hubertus Meyer-Burckhardt! Sehen Sie HIER den Vorschau-Trailer<\/p>\n","protected":false},"author":2,"featured_media":163316,"comment_status":"open","ping_status":"closed","sticky":false,"template":"","format":"standard","meta":{"_FSMCFIC_featured_image_caption":"","_FSMCFIC_featured_image_nocaption":"","_FSMCFIC_featured_image_hide":""},"categories":[29,128],"tags":[254],"acf":[],"_links":{"self":[{"href":"https:\/\/smago.de\/ws2\/wp-json\/wp\/v2\/posts\/163315"}],"collection":[{"href":"https:\/\/smago.de\/ws2\/wp-json\/wp\/v2\/posts"}],"about":[{"href":"https:\/\/smago.de\/ws2\/wp-json\/wp\/v2\/types\/post"}],"author":[{"embeddable":true,"href":"https:\/\/smago.de\/ws2\/wp-json\/wp\/v2\/users\/2"}],"replies":[{"embeddable":true,"href":"https:\/\/smago.de\/ws2\/wp-json\/wp\/v2\/comments?post=163315"}],"version-history":[{"count":1,"href":"https:\/\/smago.de\/ws2\/wp-json\/wp\/v2\/posts\/163315\/revisions"}],"predecessor-version":[{"id":163317,"href":"https:\/\/smago.de\/ws2\/wp-json\/wp\/v2\/posts\/163315\/revisions\/163317"}],"wp:featuredmedia":[{"embeddable":true,"href":"https:\/\/smago.de\/ws2\/wp-json\/wp\/v2\/media\/163316"}],"wp:attachment":[{"href":"https:\/\/smago.de\/ws2\/wp-json\/wp\/v2\/media?parent=163315"}],"wp:term":[{"taxonomy":"category","embeddable":true,"href":"https:\/\/smago.de\/ws2\/wp-json\/wp\/v2\/categories?post=163315"},{"taxonomy":"post_tag","embeddable":true,"href":"https:\/\/smago.de\/ws2\/wp-json\/wp\/v2\/tags?post=163315"}],"curies":[{"name":"wp","href":"https:\/\/api.w.org\/{rel}","templated":true}]}}