{"id":163294,"date":"2021-04-02T00:00:42","date_gmt":"2021-04-01T22:00:42","guid":{"rendered":"https:\/\/smago.de\/ws2\/?p=163294"},"modified":"2021-04-01T15:27:54","modified_gmt":"2021-04-01T13:27:54","slug":"lets-dance-heute-02-04-2021-rtl-lets-dance-das-grosse-tanz-alphabet","status":"publish","type":"post","link":"https:\/\/smago.de\/ws2\/smago-informiert\/lets-dance-heute-02-04-2021-rtl-lets-dance-das-grosse-tanz-alphabet\/","title":{"rendered":"&#8222;LET&#8217;S DANCE&#8220; <br>Heute (02.04.2021), RTL: &#8222;Let&#8217;s Dance &#8211; Das gro\u00dfe Tanz-Alphabet&#8220;!"},"content":{"rendered":"<p style=\"text-align: justify;\">20:15 Uhr &#8211; 00:00 Uhr (Wh. in der Nacht auf 03.04., 00:00 Uhr &#8211; 03:15 Uhr)! Jury: Jorge Gonz\u00e1lez, Joachim Llambi und Motsi Mabuse; Moderation: Daniel Hartwich und Victoria Swarovski!<br \/>\n<!--more--><\/p>\n<p>&nbsp;<\/p>\n<p>&nbsp;<\/p>\n<p style=\"text-align: justify;\">Die sch\u00f6nsten, besten, emotionalsten und lustigsten T\u00e4nze aus den vergangenen &#8222;Let&#8217;s Dance&#8220;-Staffeln: In der Osterzeit pr\u00e4sentieren Victoria Swarovski und Daniel Hartwich die Highlights der Tanzstile von &#8222;C&#8220; wie &#8222;Cha Cha Cha&#8220; bis &#8222;W&#8220; wie &#8222;Wiener Walzer&#8220;. Joachim Llambi, Motsi Mabuse und Jorge Gonz\u00e1lez beleuchten die T\u00e4nze und die K\u00f6rpersprache.<\/p>\n<p style=\"text-align: justify;\">Die Fans von Deutschlands beliebtester Tanzshow d\u00fcrfen sich auf gro\u00dfartige Tanzparkett-Momente freuen.<\/p>\n<p>&nbsp;<\/p>\n<p>&nbsp;<\/p>\n<figure id=\"attachment_163295\" aria-describedby=\"caption-attachment-163295\" style=\"width: 800px\" class=\"wp-caption alignnone\"><img decoding=\"async\" loading=\"lazy\" class=\"size-large wp-image-163295\" src=\"https:\/\/smago.de\/ws2\/wp-content\/uploads\/2021\/04\/1758299-800x533.jpg\" alt=\"\" width=\"800\" height=\"533\" srcset=\"https:\/\/smago.de\/ws2\/wp-content\/uploads\/2021\/04\/1758299-800x533.jpg 800w, https:\/\/smago.de\/ws2\/wp-content\/uploads\/2021\/04\/1758299-522x348.jpg 522w, https:\/\/smago.de\/ws2\/wp-content\/uploads\/2021\/04\/1758299-225x150.jpg 225w, https:\/\/smago.de\/ws2\/wp-content\/uploads\/2021\/04\/1758299-768x512.jpg 768w, https:\/\/smago.de\/ws2\/wp-content\/uploads\/2021\/04\/1758299-1536x1024.jpg 1536w, https:\/\/smago.de\/ws2\/wp-content\/uploads\/2021\/04\/1758299-2048x1365.jpg 2048w, https:\/\/smago.de\/ws2\/wp-content\/uploads\/2021\/04\/1758299-392x261.jpg 392w, https:\/\/smago.de\/ws2\/wp-content\/uploads\/2021\/04\/1758299-130x87.jpg 130w, https:\/\/smago.de\/ws2\/wp-content\/uploads\/2021\/04\/1758299-668x445.jpg 668w, https:\/\/smago.de\/ws2\/wp-content\/uploads\/2021\/04\/1758299-783x522.jpg 783w, https:\/\/smago.de\/ws2\/wp-content\/uploads\/2021\/04\/1758299-285x190.jpg 285w, https:\/\/smago.de\/ws2\/wp-content\/uploads\/2021\/04\/1758299-435x290.jpg 435w, https:\/\/smago.de\/ws2\/wp-content\/uploads\/2021\/04\/1758299-150x100.jpg 150w, https:\/\/smago.de\/ws2\/wp-content\/uploads\/2021\/04\/1758299-370x247.jpg 370w\" sizes=\"(max-width: 800px) 100vw, 800px\" \/><figcaption id=\"caption-attachment-163295\" class=\"wp-caption-text\"><em>Die Moderatoren Victoria Swarovski und Daniel Hartwich (Archivfoto aus 2020)<\/em><\/p>\n<p><em>Foto-Credit: <strong><a href=\"https:\/\/www.tvnow.de\">TVNOW<\/a><\/strong> \/ Stefan Gregorowius<\/em><\/figcaption><\/figure>\n","protected":false},"excerpt":{"rendered":"<p>20:15 Uhr &#8211; 00:00 Uhr (Wh. in der Nacht auf 03.04., 00:00 Uhr &#8211; 03:15 Uhr)! Jury: Jorge Gonz\u00e1lez, Joachim<\/p>\n","protected":false},"author":2,"featured_media":163295,"comment_status":"open","ping_status":"closed","sticky":false,"template":"","format":"standard","meta":{"_FSMCFIC_featured_image_caption":"","_FSMCFIC_featured_image_nocaption":"","_FSMCFIC_featured_image_hide":""},"categories":[33,128],"tags":[43],"acf":[],"_links":{"self":[{"href":"https:\/\/smago.de\/ws2\/wp-json\/wp\/v2\/posts\/163294"}],"collection":[{"href":"https:\/\/smago.de\/ws2\/wp-json\/wp\/v2\/posts"}],"about":[{"href":"https:\/\/smago.de\/ws2\/wp-json\/wp\/v2\/types\/post"}],"author":[{"embeddable":true,"href":"https:\/\/smago.de\/ws2\/wp-json\/wp\/v2\/users\/2"}],"replies":[{"embeddable":true,"href":"https:\/\/smago.de\/ws2\/wp-json\/wp\/v2\/comments?post=163294"}],"version-history":[{"count":2,"href":"https:\/\/smago.de\/ws2\/wp-json\/wp\/v2\/posts\/163294\/revisions"}],"predecessor-version":[{"id":163297,"href":"https:\/\/smago.de\/ws2\/wp-json\/wp\/v2\/posts\/163294\/revisions\/163297"}],"wp:featuredmedia":[{"embeddable":true,"href":"https:\/\/smago.de\/ws2\/wp-json\/wp\/v2\/media\/163295"}],"wp:attachment":[{"href":"https:\/\/smago.de\/ws2\/wp-json\/wp\/v2\/media?parent=163294"}],"wp:term":[{"taxonomy":"category","embeddable":true,"href":"https:\/\/smago.de\/ws2\/wp-json\/wp\/v2\/categories?post=163294"},{"taxonomy":"post_tag","embeddable":true,"href":"https:\/\/smago.de\/ws2\/wp-json\/wp\/v2\/tags?post=163294"}],"curies":[{"name":"wp","href":"https:\/\/api.w.org\/{rel}","templated":true}]}}