{"id":163258,"date":"2021-04-01T00:00:17","date_gmt":"2021-03-31T22:00:17","guid":{"rendered":"https:\/\/smago.de\/ws2\/?p=163258"},"modified":"2021-04-01T23:11:21","modified_gmt":"2021-04-01T21:11:21","slug":"grand-prix-der-volksmusik-die-doppel-cd-grand-prix-der-volksmusik-enthaelt-alle-25-sieger-titel","status":"publish","type":"post","link":"https:\/\/smago.de\/ws2\/volksmusik\/grand-prix-der-volksmusik-die-doppel-cd-grand-prix-der-volksmusik-enthaelt-alle-25-sieger-titel\/","title":{"rendered":"&#8222;GRAND PRIX DER VOLKSMUSIK&#8220; <br>Die Doppel-CD &#8222;Grand Prix der Volksmusik&#8220; enth\u00e4lt alle 25 Sieger-Titel!"},"content":{"rendered":"<p>Der &#8222;Grand Prix der Volksmusik&#8220; w\u00fcrde in diesem Jahr sein 35-j\u00e4hriges Jubil\u00e4um feiern!<br \/>\n<!--more--><\/p>\n<p style=\"text-align: justify;\">Der &#8222;Grand Prix der Volksmusik&#8220; war ein von 1986 bis 2010 j\u00e4hrlich stattfindender Wettbewerb volkst\u00fcmlicher Musik, der von Hans R. Beierlein ins Leben gerufen wurde. Zun\u00e4chst nahmen nur K\u00fcnstler aus Deutschland, \u00d6sterreich und der Schweiz teil. Seit 2000 nahm auch S\u00fcdtirol an diesem Wettbewerb teil und hatte in diesen elf Jahren f\u00fcnfmal den Sieger gestellt.<\/p>\n<p style=\"text-align: justify;\">Rekordsieger ist die Schweiz mit insgesamt acht Siegen.<\/p>\n<p>Dieser Grand Prix wurde als Koproduktion von ORF, ZDF, SF DRS und Rai Sender Bozen von der \u201eArbeitsgemeinschaft zur F\u00f6rderung der musikalischen Unterhaltung\u201c (in \u00d6sterreich unter Vorsitz von G\u00fcnter Tolar) veranstaltet.<\/p>\n<p style=\"text-align: justify;\">Am 15. September 2010 verk\u00fcndeten die austragenden Sender wegen (angeblich!) zu niedriger Einschaltquoten das Aus f\u00fcr den &#8222;Grand Prix der Volksmusik&#8220;.<\/p>\n<p>Die Doppel-CD &#8222;Grand Prix der Volksmusik&#8220; (VM Records \/ MCP), die ab 02.04.2021 erh\u00e4ltlich ist, enth\u00e4lt erstmalig alle 25 Sieger-Titel auf einer Doppel-CD.<\/p>\n<p>&nbsp;<\/p>\n<p>&nbsp;<\/p>\n<p>&nbsp;<\/p>\n<p><strong>Diese da w\u00e4ren &#8230;:<\/strong><\/p>\n<p>&nbsp;<\/p>\n<p>&nbsp;<\/p>\n<ul>\n<li>1986 (Wien) Nella Martinetti (Schweiz) \u201eBella Musica\u201c<\/li>\n<li>1987 (Dortmund) Maja Brunner (Schweiz) \u201eDas kommt uns spanisch vor\u201c<\/li>\n<li>1988 (Z\u00fcrich) Original Naabtal Duo (Deutschland) \u201ePatrona Bavariae\u201c<\/li>\n<li>1989 (Linz) Stefan Mross (Deutscher f\u00fcr \u00d6sterreich startend) \u201eHeimwehmelodie\u201c<\/li>\n<li>1990 (Saarbr\u00fccken) Kastelruther Spatzen (S\u00fcdtiroler f\u00fcr Deutschland startend) \u201eTr\u00e4nen passen nicht zu dir\u201c<\/li>\n<li>1991 (Innsbruck) Alpentrio Tirol (\u00d6sterreich) \u201eHast a bisserl Zeit f\u00fcr mi\u201c<\/li>\n<li>1992 (Z\u00fcrich) Stefanie Hertel (Deutschland) \u201e\u00dcber jedes Bacherl geht a Br\u00fcckerl\u201c<\/li>\n<li>1993 (Rostock) Die jungen Klostertaler (\u00d6sterreich) \u201eAn a Wunder hob i g&#8217;laubt\u201c<\/li>\n<li>1994 (Z\u00fcrich) Henry Arland mit Hansi und Maxi (Deutschland) \u201eEcho der Berge\u201c<\/li>\n<li>1995 (Wien) G\u00e9raldine Olivier (Schweiz) \u201eNimm dir wieder einmal Zeit\u201c<\/li>\n<li>1996 (Mainz) Daniela und Dirk (Schweiz) \u201eMonte Cristallo\u201c<\/li>\n<li>1997 (Z\u00fcrich) Sandra Weiss (Schweiz) \u201eIch suche nicht das Paradies\u201c<\/li>\n<li>1998 (Wien) Francine Jordi (Schweiz) \u201eDas Feuer der Sehnsucht\u201c<\/li>\n<li>1999 (Erfurt) Monique (Schweiz) \u201eEinmal so, einmal so\u201c<\/li>\n<li>2000 (Z\u00fcrich) Oswald Sattler &amp; Jantje Smit (S\u00fcdtirol) \u201eIch zeig dir die Berge\u201c<\/li>\n<li>2001 (Wien) Marianne Cathomen (Schweiz) \u201eHey Baby, k\u00fcss mich noch mal\u201c<\/li>\n<li>2002 (Meran) Nockalm Quintett &amp; Stephanie (\u00d6sterreich) \u201eDort auf Wolke Sieben\u201c<\/li>\n<li>2003 (Rust) Marc Pircher (\u00d6sterreich) \u201eHey Diandl, sp\u00fcrst es so wia i\u201c<\/li>\n<li>2004 (Wien) Die Ladiner (S\u00fcdtirol) \u201eBeuge dich vor grauem Haar\u201c<\/li>\n<li>2005 (Z\u00fcrich) Die Psayrer mit Barbara (S\u00fcdtirol) \u201eBerge im Feuer\u201c<\/li>\n<li>2006 (M\u00fcnchen) Rudy Giovannini, Belsy und der Coro Monti Pallidi (S\u00fcdtirol) \u201eSalve Regina\u201c<\/li>\n<li>2007 (Wien) Sigrid &amp; Marina mit den Zillertaler Haderlumpen (\u00d6sterreich) \u201eAlles hat zwei Seiten\u201c<\/li>\n<li>2008 (Z\u00fcrich) Die Klostertaler (\u00d6sterreich) \u201eHeimat ist dort wo die Berge sind\u201c<\/li>\n<li>2009 (M\u00fcnchen) Vincent &amp; Fernando (S\u00fcdtirol) \u201eDer Engel von Marienberg\u201c<\/li>\n<li>2010 (Wien) Belsy &amp; Florian Fesl (Deutschland) \u201eI hab Di gern<\/li>\n<\/ul>\n<p>&nbsp;<\/p>\n<p>&nbsp;<\/p>\n<p><img decoding=\"async\" loading=\"lazy\" class=\"alignnone size-full wp-image-163259\" src=\"https:\/\/smago.de\/ws2\/wp-content\/uploads\/2021\/03\/GPVoMu_DCD_back.jpg\" alt=\"\" width=\"522\" height=\"377\" srcset=\"https:\/\/smago.de\/ws2\/wp-content\/uploads\/2021\/03\/GPVoMu_DCD_back.jpg 522w, https:\/\/smago.de\/ws2\/wp-content\/uploads\/2021\/03\/GPVoMu_DCD_back-208x150.jpg 208w, https:\/\/smago.de\/ws2\/wp-content\/uploads\/2021\/03\/GPVoMu_DCD_back-377x272.jpg 377w, https:\/\/smago.de\/ws2\/wp-content\/uploads\/2021\/03\/GPVoMu_DCD_back-130x94.jpg 130w, https:\/\/smago.de\/ws2\/wp-content\/uploads\/2021\/03\/GPVoMu_DCD_back-263x190.jpg 263w, https:\/\/smago.de\/ws2\/wp-content\/uploads\/2021\/03\/GPVoMu_DCD_back-402x290.jpg 402w\" sizes=\"(max-width: 522px) 100vw, 522px\" \/><\/p>\n","protected":false},"excerpt":{"rendered":"<p>Der &#8222;Grand Prix der Volksmusik&#8220; w\u00fcrde in diesem Jahr sein 35-j\u00e4hriges Jubil\u00e4um feiern!<\/p>\n","protected":false},"author":2,"featured_media":163260,"comment_status":"open","ping_status":"closed","sticky":false,"template":"","format":"standard","meta":{"_FSMCFIC_featured_image_caption":"","_FSMCFIC_featured_image_nocaption":"","_FSMCFIC_featured_image_hide":""},"categories":[30],"tags":[1984],"acf":[],"_links":{"self":[{"href":"https:\/\/smago.de\/ws2\/wp-json\/wp\/v2\/posts\/163258"}],"collection":[{"href":"https:\/\/smago.de\/ws2\/wp-json\/wp\/v2\/posts"}],"about":[{"href":"https:\/\/smago.de\/ws2\/wp-json\/wp\/v2\/types\/post"}],"author":[{"embeddable":true,"href":"https:\/\/smago.de\/ws2\/wp-json\/wp\/v2\/users\/2"}],"replies":[{"embeddable":true,"href":"https:\/\/smago.de\/ws2\/wp-json\/wp\/v2\/comments?post=163258"}],"version-history":[{"count":5,"href":"https:\/\/smago.de\/ws2\/wp-json\/wp\/v2\/posts\/163258\/revisions"}],"predecessor-version":[{"id":163309,"href":"https:\/\/smago.de\/ws2\/wp-json\/wp\/v2\/posts\/163258\/revisions\/163309"}],"wp:featuredmedia":[{"embeddable":true,"href":"https:\/\/smago.de\/ws2\/wp-json\/wp\/v2\/media\/163260"}],"wp:attachment":[{"href":"https:\/\/smago.de\/ws2\/wp-json\/wp\/v2\/media?parent=163258"}],"wp:term":[{"taxonomy":"category","embeddable":true,"href":"https:\/\/smago.de\/ws2\/wp-json\/wp\/v2\/categories?post=163258"},{"taxonomy":"post_tag","embeddable":true,"href":"https:\/\/smago.de\/ws2\/wp-json\/wp\/v2\/tags?post=163258"}],"curies":[{"name":"wp","href":"https:\/\/api.w.org\/{rel}","templated":true}]}}