{"id":163161,"date":"2021-03-29T18:18:54","date_gmt":"2021-03-29T16:18:54","guid":{"rendered":"https:\/\/smago.de\/ws2\/?p=163161"},"modified":"2021-03-29T18:18:54","modified_gmt":"2021-03-29T16:18:54","slug":"matthias-carras-seine-comeback-single-du-hast-mich-ueberzeugt-erscheint-bei-fiesta-records","status":"publish","type":"post","link":"https:\/\/smago.de\/ws2\/pop-schlager\/matthias-carras-seine-comeback-single-du-hast-mich-ueberzeugt-erscheint-bei-fiesta-records\/","title":{"rendered":"MATTHIAS CARRAS <br>Seine Comeback-Single &#8222;Du hast mich \u00fcberzeugt &#8230;&#8220; erscheint bei &#8222;Fiesta Records&#8220;!"},"content":{"rendered":"<p>Es ist seine erste Single &#8222;seit sieben langen Jahren&#8220; &#8230;:<br \/>\n<!--more--><\/p>\n<p>&nbsp;<\/p>\n<p>MATTHIAS CARRAS h\u00e4lt Wort.<\/p>\n<p style=\"text-align: justify;\">Und freut sich selbst am meisten &#8230;:<\/p>\n<p style=\"text-align: justify;\"><em>&#8222;Ich freue mich ohne Ende. In zwei Wochen geht meine erste Single, nach sieben langen Jahren, an den Start. Ich bin unendlich gl\u00fccklich und dankbar.&#8220;<\/em><\/p>\n<p style=\"text-align: justify;\">\n<div class=\"nc684nl6\">Und so wird aus dem &#8222;ehemaligen deutschen Pop- und Schlagers\u00e4nger Matthias Carras&#8220; jetzt wieder der deutsche Pop- und Schlagers\u00e4nger Matthias Carras!<\/div>\n<div><\/div>\n<div><\/div>\n<div>\n<\/div>\n<div><\/div>\n<div style=\"text-align: justify;\"><strong>Kurzbiografie MATTHIAS CARRAS<\/strong> (Quelle: Wikipedia.de)<\/p>\n<\/div>\n<div class=\"nc684nl6\">\n<div style=\"text-align: justify;\">Nach einer Ausbildung zum Einzelhandelskaufmann arbeitete er als F\u00fchrungskraft in einem Modehaus. Nebenbei jobbte er als DJ in Diskotheken. 1990 erfolgte eine erste Einladung zu Studioaufnahmen, woraufhin 1991 eine erste Single ver\u00f6ffentlicht wurde und erste TV-Auftritte erfolgten. Ein Jahr sp\u00e4ter wirkte er &#8211; u. a. neben David Brandes (als S\u00e4nger) &#8211; bei dem ZDF-Wettbewerb &#8222;Schlager &#8217;92&#8220; mit.<\/div>\n<div style=\"text-align: justify;\"><\/div>\n<div style=\"text-align: justify;\">1998 war Carras mit den Singles &#8222;Ich krieg nie genug von dir&#8220; und &#8222;Ich bin dein Co-Pilot&#8220; so erfolgreich, etwa aufgrund seiner F\u00f6rderung durch Uwe H\u00fcbner in der &#8222;ZDF-Hitparade&#8220;, dass er eine Karriere als Musiker antrat und den kaufm\u00e4nnischen Beruf aufgab. Er sang im Jahr 2000 das Deb\u00fctalbum &#8222;Bitte anschnallen&#8220; ein, weitere Produktionen folgten. Er arbeitete unter anderem mit den Produzenten Ronny Jentzsch und Hermann Niesig zusammen. Von 2002 bis 2004 war Carras auch Fernsehmoderator f\u00fcr eine Schlager-Quizshow bei 9Live, sp\u00e4ter bei Super RTL.<\/div>\n<div style=\"text-align: justify;\"><\/div>\n<div style=\"text-align: justify;\">2015 beendete Carras seine Musikerkarriere aufgrund einer chronischen Depression, gab aber auch weitere Gr\u00fcnde f\u00fcr seinen Entschluss an, insbesondere den Wandel im Musikgesch\u00e4ft.<\/div>\n<div style=\"text-align: justify;\"><\/div>\n<div style=\"text-align: justify;\">Privat ist Carras bereits seit vor seiner Schlagerkarriere verheiratet, hat drei Kinder sowie Enkelkinder.<\/p>\n<p>Nach erneut \u00fcberstandener schwerer Krebserkrankung meldet sich Matthias Carras im April 2021 mit dem Titel &#8222;Du hast mich \u00fcberzeugt &#8230;&#8220; via Fiesta Records (Andreas Rosmiarek) zur\u00fcck.<\/p><\/div>\n<\/div>\n","protected":false},"excerpt":{"rendered":"<p>Es ist seine erste Single &#8222;seit sieben langen Jahren&#8220; &#8230;:<\/p>\n","protected":false},"author":2,"featured_media":163162,"comment_status":"open","ping_status":"closed","sticky":false,"template":"","format":"standard","meta":{"_FSMCFIC_featured_image_caption":"","_FSMCFIC_featured_image_nocaption":"","_FSMCFIC_featured_image_hide":""},"categories":[28,39],"tags":[378],"acf":[],"_links":{"self":[{"href":"https:\/\/smago.de\/ws2\/wp-json\/wp\/v2\/posts\/163161"}],"collection":[{"href":"https:\/\/smago.de\/ws2\/wp-json\/wp\/v2\/posts"}],"about":[{"href":"https:\/\/smago.de\/ws2\/wp-json\/wp\/v2\/types\/post"}],"author":[{"embeddable":true,"href":"https:\/\/smago.de\/ws2\/wp-json\/wp\/v2\/users\/2"}],"replies":[{"embeddable":true,"href":"https:\/\/smago.de\/ws2\/wp-json\/wp\/v2\/comments?post=163161"}],"version-history":[{"count":1,"href":"https:\/\/smago.de\/ws2\/wp-json\/wp\/v2\/posts\/163161\/revisions"}],"predecessor-version":[{"id":163163,"href":"https:\/\/smago.de\/ws2\/wp-json\/wp\/v2\/posts\/163161\/revisions\/163163"}],"wp:featuredmedia":[{"embeddable":true,"href":"https:\/\/smago.de\/ws2\/wp-json\/wp\/v2\/media\/163162"}],"wp:attachment":[{"href":"https:\/\/smago.de\/ws2\/wp-json\/wp\/v2\/media?parent=163161"}],"wp:term":[{"taxonomy":"category","embeddable":true,"href":"https:\/\/smago.de\/ws2\/wp-json\/wp\/v2\/categories?post=163161"},{"taxonomy":"post_tag","embeddable":true,"href":"https:\/\/smago.de\/ws2\/wp-json\/wp\/v2\/tags?post=163161"}],"curies":[{"name":"wp","href":"https:\/\/api.w.org\/{rel}","templated":true}]}}