{"id":162955,"date":"2021-03-26T00:00:27","date_gmt":"2021-03-25T23:00:27","guid":{"rendered":"https:\/\/smago.de\/ws2\/?p=162955"},"modified":"2021-03-24T16:57:23","modified_gmt":"2021-03-24T15:57:23","slug":"daniela-alfinito-u-a-heute-26-03-2021-in-der-ndr-talk-show-zu-gast","status":"publish","type":"post","link":"https:\/\/smago.de\/ws2\/pop-schlager\/daniela-alfinito-u-a-heute-26-03-2021-in-der-ndr-talk-show-zu-gast\/","title":{"rendered":"DANIELA ALFINITO u.a. <br>Heute (26.03.2021) in der &#8222;NDR Talk Show&#8220; zu Gast!"},"content":{"rendered":"<p>NDR fernsehen + hr fernsehen, 22:00 Uhr &#8211; 00:00 Uhr!<br \/>\n<!--more--><\/p>\n<p style=\"text-align: justify;\">\n<p style=\"text-align: justify;\">\n<h2 style=\"text-align: justify;\">Richard David Precht, Philosoph und Autor<\/h2>\n<div class=\"contentimage w50\" style=\"text-align: justify;\"><\/div>\n<p style=\"text-align: justify;\">Der Bestseller-Autor Richard David Precht ist Deutschlands bekanntester Philosoph. Er schafft es immer wieder, mit seinen popul\u00e4rphilosophischen Sachb\u00fcchern Themen der Philosophie und der Ethik einer breiten \u00d6ffentlichkeit anschaulich zu vermitteln. Die Jahre 2020 und 2021 werden von der Covid-19-Pandemie gepr\u00e4gt und von der Frage: Wie gehen wir damit um? W\u00e4hrend der weitaus gr\u00f6\u00dfte Teil der Menschen Empathie mit den Schwachen und besonders Gef\u00e4hrdeten zeigte, entpflichtete sich eine Minderheit davon und rebellierte gegen die staatlichen Ma\u00dfnahmen zum Schutz der Gesundheit aller B\u00fcrger, so Richard David Precht. F\u00fcr den 56-J\u00e4hrigen ein Anlass, dar\u00fcber nachzudenken, was eigentlich die Pflicht des F\u00fcrsorge- und Vorsorgestaates gegen\u00fcber seinen B\u00fcrgern ist und was die Pflicht seiner B\u00fcrger. Was schulden wir dem Staat und was sind die Rechte der Anderen auf uns?<\/p>\n<p>&nbsp;<\/p>\n<p>&nbsp;<\/p>\n<p>&nbsp;<\/p>\n<p>&nbsp;<\/p>\n<h2 style=\"text-align: justify;\">Vladimir Burlakov, Schauspieler<\/h2>\n<div class=\"contentimage w50\" style=\"text-align: justify;\"><\/div>\n<p style=\"text-align: justify;\">Mit einer Traumquote von \u00fcber 10,4 Millionen Zuschauenden startete Vladimir Burlakov 2020 als neuer &#8222;Tatort&#8220;-Kommissar in Saarbr\u00fccken. F\u00fcr den 34-j\u00e4hrigen Schauspieler ein Ritterschlag und die Best\u00e4tigung. Schauspieler werden, das wollte er schon als Kind. Geboren wurde er in Moskau. Dort wuchs Vladimir Burlakov bis zum Alter von neun Jahren auf. Dann siedelte er mit seiner Mutter, seiner Zwillingsschwester und seiner Gro\u00dfmutter nach M\u00fcnchen um. Keiner von ihnen sprach Deutsch. Die Familie lebte vor\u00fcbergehend in einem Asylbewerberheim. Von 2006 bis 2010 studierte Burlakov Schauspiel an der renommierten Otto Falckenberg-Schule in M\u00fcnchen. Was die Zuschauerinnen und Zuschauer in seinem zweiten &#8222;Tatort&#8220;-Fall erwartet, erz\u00e4hlt er in der NDR Talk Show.<\/p>\n<p>&nbsp;<\/p>\n<p>&nbsp;<\/p>\n<p>&nbsp;<\/p>\n<p>&nbsp;<\/p>\n<h2 style=\"text-align: justify;\">Tahnee, Comedian<\/h2>\n<div class=\"contentimage w50\" style=\"text-align: justify;\"><\/div>\n<p style=\"text-align: justify;\">F\u00fcr die einen ist sie das Cham\u00e4leon der deutschsprachigen Comedy, f\u00fcr andere vor allem eine Frau der offenen Worte! Von klassischem Stand-up, Sketch-und Radio-Comedy, \u00fcber Parodien bekannter und unbekannter Pers\u00f6nlichkeiten bis hin zu vielf\u00e4ltigen Gesangs- und Rapeinlagen beweist sie immer wieder ihr herausragendes K\u00f6nnen. Dabei hat die mittlerweile vielfach preisgekr\u00f6nte K\u00f6lnerin keine Angst vor Tabubr\u00fcchen. Zwei Jahre moderierte Tahnee die Kultshow NightWash und ging mit mehreren Comedy-Programmen auf Tour. Ab dem 26. M\u00e4rz wird es mit &#8222;Tahnee.7&#8220; ein neues wochenaktuelles satirisches Kurzformat in der ARD-Mediathek.<\/p>\n<p>&nbsp;<\/p>\n<p>&nbsp;<\/p>\n<p>&nbsp;<\/p>\n<p>&nbsp;<\/p>\n<h2 style=\"text-align: justify;\">Katja Gloger und Georg Mascolo, Journalisten-Ehepaar<\/h2>\n<div class=\"contentimage w50\" style=\"text-align: justify;\"><\/div>\n<p style=\"text-align: justify;\">Das Journalisten-Ehepaar Katja Gloger und Georg Mascolo hat gemeinsam ein Buch \u00fcber ein Jahr Corona-Pandemie verfasst. In &#8222;Ausbruch. Innenansichten einer Pandemie&#8220; ziehen Gloger und Mascolo eine Bilanz der deutschen Politik in Zeiten von Corona. Katja Gloger war lange Jahre f\u00fcr den &#8222;Stern&#8220; Korrespondentin in Moskau, sie ist eine gefragte Russland-Expertin und arbeitet als Journalistin und Autorin. Georg Mascolo arbeitet beim NDR im &#8222;Ressort Investigation&#8220; und leitet seit 2014 die Recherchekooperation von NDR, WDR und S\u00fcddeutscher Zeitung. In der NDR Talk Show erz\u00e4hlt das Ehepaar, welche Auswirkungen die Arbeit an dem gemeinsamen Buchprojekt\u00a0 auf ihren Alltag hatte und warum es in einer Pandemie so wichtig ist, Transparenz \u00fcber die getroffenen politischen Entscheidungen zu schaffen.<\/p>\n<p>&nbsp;<\/p>\n<p>&nbsp;<\/p>\n<p>&nbsp;<\/p>\n<p>&nbsp;<\/p>\n<h2 style=\"text-align: justify;\">Daniela Alfinito, S\u00e4ngerin und Pflegerin<\/h2>\n<div class=\"contentimage w50\" style=\"text-align: justify;\"><\/div>\n<p style=\"text-align: justify;\">Sie ist Deutschlands heimlicher Superstar der Schlagerszene: die S\u00e4ngerin Daniela Alfinito. Anfang des Jahres hat sie zum dritten Mal in Folge mit einem Album Platz 1 der deutschen Charts erobert. &#8222;Splitter aus Gl\u00fcck&#8220; verdr\u00e4ngte sogar AC\/DC vom Spitzenplatz. Trotz des Erfolges ist die Tochter des &#8222;Amigos&#8220;-S\u00e4ngers Bernd Ulrich auf dem Boden geblieben. Die gelernte Altenpflegerin, die diesen Beruf seit fast 30 Jahren aus\u00fcbt, arbeitet immer noch halbtags in einem Seniorenheim. In der NDR Talk Show erz\u00e4hlt die 49-J\u00e4hrige wie ihr Alltag zwischen Senioren und Schlagerfans aussieht.<\/p>\n<p>&nbsp;<\/p>\n<p>&nbsp;<\/p>\n<p>&nbsp;<\/p>\n<p>&nbsp;<\/p>\n<h2 style=\"text-align: justify;\">Nora Eckert, Autorin<\/h2>\n<div class=\"contentimage w50\" style=\"text-align: justify;\"><\/div>\n<p style=\"text-align: justify;\">Nora Eckert kommt 1954 als Sohn einer Damenschneiderin in N\u00fcrnberg zur Welt. Um der Bundeswehr zu entgehen, zieht sie mit 19 Jahren nach West-Berlin und entdeckt dort, dass sie als Frau leben m\u00f6chte. Was folgt, ist eine schmerzhafte Odyssee &#8211; aber auch eine fantastische Zeit als Garderobiere im legend\u00e4ren Travestieclub &#8222;Chez Romy Haag&#8220;, in dem Stars wie David Bowie, Bryan Ferry und Lou Reed ein- und ausgehen. Warum sie findet, dass in den 70er Jahren lockerer mit Transsexualit\u00e4t umgegangen wurde als heute, das erz\u00e4hlt sie in ihrer Autobiographie &#8222;Wie alle, nur anders&#8220; &#8211; und in der NDR Talk Show.<\/p>\n<p>&nbsp;<\/p>\n<p>&nbsp;<\/p>\n<figure id=\"attachment_162956\" aria-describedby=\"caption-attachment-162956\" style=\"width: 800px\" class=\"wp-caption alignnone\"><img decoding=\"async\" loading=\"lazy\" class=\"size-large wp-image-162956\" src=\"https:\/\/smago.de\/ws2\/wp-content\/uploads\/2021\/03\/1_NDR_Talk_Show_2016-800x457.jpg\" alt=\"\" width=\"800\" height=\"457\" srcset=\"https:\/\/smago.de\/ws2\/wp-content\/uploads\/2021\/03\/1_NDR_Talk_Show_2016-800x457.jpg 800w, https:\/\/smago.de\/ws2\/wp-content\/uploads\/2021\/03\/1_NDR_Talk_Show_2016-522x298.jpg 522w, https:\/\/smago.de\/ws2\/wp-content\/uploads\/2021\/03\/1_NDR_Talk_Show_2016-263x150.jpg 263w, https:\/\/smago.de\/ws2\/wp-content\/uploads\/2021\/03\/1_NDR_Talk_Show_2016-768x439.jpg 768w, https:\/\/smago.de\/ws2\/wp-content\/uploads\/2021\/03\/1_NDR_Talk_Show_2016-1536x878.jpg 1536w, https:\/\/smago.de\/ws2\/wp-content\/uploads\/2021\/03\/1_NDR_Talk_Show_2016-2048x1170.jpg 2048w, https:\/\/smago.de\/ws2\/wp-content\/uploads\/2021\/03\/1_NDR_Talk_Show_2016-392x224.jpg 392w, https:\/\/smago.de\/ws2\/wp-content\/uploads\/2021\/03\/1_NDR_Talk_Show_2016-130x74.jpg 130w, https:\/\/smago.de\/ws2\/wp-content\/uploads\/2021\/03\/1_NDR_Talk_Show_2016-779x445.jpg 779w, https:\/\/smago.de\/ws2\/wp-content\/uploads\/2021\/03\/1_NDR_Talk_Show_2016-870x497.jpg 870w, https:\/\/smago.de\/ws2\/wp-content\/uploads\/2021\/03\/1_NDR_Talk_Show_2016-292x167.jpg 292w, https:\/\/smago.de\/ws2\/wp-content\/uploads\/2021\/03\/1_NDR_Talk_Show_2016-435x249.jpg 435w, https:\/\/smago.de\/ws2\/wp-content\/uploads\/2021\/03\/1_NDR_Talk_Show_2016-510x290.jpg 510w\" sizes=\"(max-width: 800px) 100vw, 800px\" \/><figcaption id=\"caption-attachment-162956\" class=\"wp-caption-text\"><em>\u00a9 NDR \/ Uwe Ernst<\/em><\/figcaption><\/figure>\n","protected":false},"excerpt":{"rendered":"<p>NDR fernsehen + hr fernsehen, 22:00 Uhr &#8211; 00:00 Uhr!<\/p>\n","protected":false},"author":2,"featured_media":162956,"comment_status":"open","ping_status":"closed","sticky":false,"template":"","format":"standard","meta":{"_FSMCFIC_featured_image_caption":"","_FSMCFIC_featured_image_nocaption":"","_FSMCFIC_featured_image_hide":""},"categories":[28,128],"tags":[254],"acf":[],"_links":{"self":[{"href":"https:\/\/smago.de\/ws2\/wp-json\/wp\/v2\/posts\/162955"}],"collection":[{"href":"https:\/\/smago.de\/ws2\/wp-json\/wp\/v2\/posts"}],"about":[{"href":"https:\/\/smago.de\/ws2\/wp-json\/wp\/v2\/types\/post"}],"author":[{"embeddable":true,"href":"https:\/\/smago.de\/ws2\/wp-json\/wp\/v2\/users\/2"}],"replies":[{"embeddable":true,"href":"https:\/\/smago.de\/ws2\/wp-json\/wp\/v2\/comments?post=162955"}],"version-history":[{"count":1,"href":"https:\/\/smago.de\/ws2\/wp-json\/wp\/v2\/posts\/162955\/revisions"}],"predecessor-version":[{"id":162957,"href":"https:\/\/smago.de\/ws2\/wp-json\/wp\/v2\/posts\/162955\/revisions\/162957"}],"wp:featuredmedia":[{"embeddable":true,"href":"https:\/\/smago.de\/ws2\/wp-json\/wp\/v2\/media\/162956"}],"wp:attachment":[{"href":"https:\/\/smago.de\/ws2\/wp-json\/wp\/v2\/media?parent=162955"}],"wp:term":[{"taxonomy":"category","embeddable":true,"href":"https:\/\/smago.de\/ws2\/wp-json\/wp\/v2\/categories?post=162955"},{"taxonomy":"post_tag","embeddable":true,"href":"https:\/\/smago.de\/ws2\/wp-json\/wp\/v2\/tags?post=162955"}],"curies":[{"name":"wp","href":"https:\/\/api.w.org\/{rel}","templated":true}]}}