{"id":162932,"date":"2021-03-26T00:00:59","date_gmt":"2021-03-25T23:00:59","guid":{"rendered":"https:\/\/smago.de\/ws2\/?p=162932"},"modified":"2021-03-25T20:44:54","modified_gmt":"2021-03-25T19:44:54","slug":"gabriella-massa","status":"publish","type":"post","link":"https:\/\/smago.de\/ws2\/pop-schlager\/gabriella-massa\/","title":{"rendered":"GABRIELLA MASSA <br>smago! Exklusiv-Interview mit Gabriella Massa, der &#8222;Seidenstimme&#8220;!"},"content":{"rendered":"<p style=\"text-align: justify;\">Ihr brandneuer Song &#8222;Ich hab nie aufgeh\u00f6rt dich zu lieben&#8220; ist ab heute (26.03.2021) erh\u00e4ltlich!<br \/>\n<!--more--><\/p>\n<p>&nbsp;<\/p>\n<p>&nbsp;<\/p>\n<p style=\"text-align: justify;\"><strong>Liebe Gabriella, du durftest bereits mit internationalen Superstars wie Percy Sledge, Kool &amp; the Gang oder The Black Pumas auf der B\u00fchne stehen. Welche Begegnung hat dich ganz besonders beeindruckt?<\/strong><\/p>\n<p style=\"text-align: justify;\">Lieber Andy, herzlichen Dank, dass DU dir die\u00a0Zeit und M\u00fche nimmst f\u00fcr dieses\u00a0Interview. Finde es grandios, mille grazie.<\/p>\n<p style=\"text-align: justify;\">Besonders beeindruckt hat mich\u00a0Percy Sledge. Und wei\u00dft du auch, warum? Er war so &#8222;down to earth&#8220;, sang einfach seine Lieder\u00a0wie auf seinen\u00a0Platten und die Leute\u00a0haben ihn\u00a0daf\u00fcr geliebt und gefeiert. Er war, wie er war \u2026 er selbst und ich konnte mich so mit ihm identifizieren.<\/p>\n<p style=\"text-align: justify;\">Unsere Probe fand w\u00e4hrend\u00a0des\u00a0Soundchecks statt. Ich war gerade in St. Moritz angekommen. Nach einer langen Fahrt\u00a0und innerhalb von 30 Minuten standen wir schon auf der B\u00fchne und er l\u00e4chelte die\u00a0ganze\u00a0Zeit zu uns r\u00fcber. Das war so fantastisch, zu erleben, dass er \u201chappy\u201d war.<\/p>\n<p style=\"text-align: justify;\">Letzte Woche hatte ich noch Kontakt mit The Black Pumas, die mehrere Male f\u00fcr den Grammy nominert waren. Wenn ich dann so zur\u00fcckschaue, bin ich schon ein &#8222;fortunate girl&#8220;, dass ich mit vielen Weltstars arbeiten durfte.<\/p>\n<p style=\"text-align: justify;\">Im Grunde\u00a0genommen\u00a0ist jede\u00a0Begegnung im Leben speziell, weil es ist toll ist, eine\u00a0neue \u201cSeele\u201d kennenzulernen. Vielleicht ist es nicht f\u00fcr ein Leben lang, aber daf\u00fcr genie\u00dfe ich den Moment umso\u00a0mehr.<\/p>\n<p style=\"text-align: justify;\"><strong>Wie hast du Jennifer Rush erlebt, deren Welthit \u201eThe Power Of Love&#8220; du im vergangenen Jahr als \u201eSie suchen nach Liebe&#8220; gecovert hast?<\/strong><\/p>\n<p style=\"text-align: justify;\">Mit einem Weltstar und einer S\u00e4ngerin wie Jennifer Rush zu arbeiten, war klasse. Ich bin ihr auch sehr\u00a0dankbar, dass ich die M\u00f6glichkeit bekomme habe, einige Jahre\u00a0ihre feste Background-S\u00e4ngerin gewesen zu sein.<\/p>\n<p style=\"text-align: justify;\">Es war schon eine Hausnummer, nachdem mein Produzent\u00a0Boris Hanzer gesagt hat: \u201eGabrielle, wenn schon, denn schon \u2026 &#8211;\u00a0dann\u00a0soll deine zweite Single das Lied von Jennifer Rush sein.<\/p>\n<p style=\"text-align: justify;\">Man\u00a0kennt \u201eThe Power Of Love&#8220; auch in der Version von Celine Dion und Nino de Angelo (\u201eIch suche nach Liebe\u201c). Das Lied habe ich nicht nur oft mit\u00a0Jennifer weltweit auf der\u00a0B\u00fchne gesungen, sondern auch auf vielen weiteren Veranstaltungen bis zum heutigen Tag. F\u00fcr mich war es auch eine Herausfoderung\u00a0als Italienerin, die in Holland lebt, das Lied komplett auf\u00a0deutsch zu singen.\u00a0Da\u00a0bin ich &#8222;out of my comfort zone&#8220; getretten. Mein Deutsch ist zwar nicht\u00a0perfekt, aber als Italienerin &#x1f609; kommen meine\u00a0H\u00e4nde\u00a0dann ganz gut zum\u00a0Einsatz.<\/p>\n<p style=\"text-align: justify;\"><strong>Die deutsche Originalversion von \u201eThe Power Of Love&#8220; wurde von Nino de Angelo gesungen, hie\u00df aber \u201eIch suche nach Liebe&#8220;. Wie kam es zu dieser neuen Textversion (\u201eSie suchen nach Liebe&#8220;)?<\/strong><\/p>\n<p style=\"text-align: justify;\">Ganz ehrlich? Es war keine Absicht. Ich habe immer nur SIE statt ICH im Kopf gehabt. Aber ich finde, es passt auch so ganz zum Song.<\/p>\n<p style=\"text-align: justify;\"><strong>Was, w\u00fcrdest du sagen, ist typisch Niederl\u00e4ndisch an dir &#8211; was typisch Italienisch?<\/strong><\/p>\n<p style=\"text-align: justify;\">Ich bin in Holland, in Heerlen, geboren und wohne noch immer da. Und was typisch Niederl\u00e4ndisch bei mir ist : Struktur. Ich bin sehr strukturiert und diszipliniert. Das Italienische ist halt mein Temperament,\u00a0aber immer mit einem L\u00e4cheln im\u00a0Gesicht. Eigentlich ist das schon ein\u00a0guter\u00a0Mix.<\/p>\n<p style=\"text-align: justify;\"><strong>Welche Gef\u00fchle \u00fcbermannten dich, als du zum ersten Mal Platz 1 der \u201edj-hitparade&#8220; belegtest?<\/strong><\/p>\n<p style=\"text-align: justify;\">F\u00fcr mich als Newcomerin im Schlagerbereich war das schon ein besonderer \u201cWow\u201d-Moment, weil jeder immer wieder \u00fcber\u00a0Uwe H\u00fcbner sprach. Von Natur aus\u00a0bin ich sehr ruhig und &#8222;down to earth&#8220;, aber in diesem\u00a0Moment hatte ich Tr\u00e4nen\u00a0in meinen Augen, nachdem ich mit mein Plattenlabel Chef Andreas Rosmariek gesprochen hatte.<\/p>\n<p style=\"text-align: justify;\">Es war f\u00fcr mich eine Ehre. Vor allem,\u00a0weil es noch nie passiert ist,\u00a0dass eine K\u00fcnstlerin, die man nicht kennt, von 0 auf 1 gelandet ist.\u00a0Diese Platzierung konnte ich \u00fcber viele Monate halten. Ich bin auch allen DJs sehr dankbar, die an mich als Newcomerin im deutschen Schlager geglaubt und mir als S\u00e4ngerin vertraut haben.<\/p>\n<p style=\"text-align: justify;\"><strong>Auch \u201eNon succedera piu (Das lass ich nicht zu)&#8220; gab es vor rund vierzig Jahren schon einmal mit anderem Text &#8211; \u201eIch tanz gern allein&#8220;, gesungen von DENISE. War dir auch dieser Text nicht &#8222;gut genug&#8220;?<\/strong><\/p>\n<p style=\"text-align: justify;\">Also, nicht gut genug w\u00fcrde ich definitiv nicht sagen. Ganz ehrlich: Ich kenne die Version von Denise nicht und man\u00a0hat mir die deutsch-italienische Version angeboten. Das passt auch zu\u00a0mir, da\u00a0mein Wunsch war, Deutsch-Italienisch zu singen, also genau in dieser Kombination.\u00a0Jedes Mal, wenn ich diesen Song singe, habe ich immer gute Laune und freue mich, um\u00a0es mit der\u00a0Welt zu teilen. Ich werde mir\u00a0\u00a0den Song von Denise nach diesem interview auf jeden Fall anh\u00f6ren. Danke f\u00fcr deinen Tipp\u00a0&#x1f609;<\/p>\n<p style=\"text-align: justify;\"><strong>Giovanni Zarrella singt deutsche Schlager auf Italienisch, Du italienische Schlager auf Deutsch. Planst du weitere Covertitel?<\/strong><\/p>\n<p style=\"text-align: justify;\">Nein, meine dritte Single ist KEIN Cover. Viele fragten sich schon, warum ich mit Covern\u00a0angefangen bin, aber das hatte etwas damit zu tun, dass ich schauen wollte, ob es \u00fcberhaupt Interesse an einer neuen Stimme\u00a0in Deutschland, \u00d6sterreich und der Schweiz gibt.\u00a0Es gibt ja schon viele gute K\u00fcnstler*innen und jede(r) ist einzigartig.<\/p>\n<p><strong><span style=\"font-family: -webkit-standard;\">Dein \u201eSlogan&#8220; lautet \u201eGabriella &#8211; The Silk Voice&#8220; &#8211; \u201edie Seidenstimme\u201c &#8230;\u00a0<\/span><\/strong><\/p>\n<p style=\"text-align: justify;\">Ich habe einen genialen Webdesigner und Freund. Er hat mich schon \u00f6fters live erlebt und er war und ist\u00a0noch\u00a0immer erstaunt, was ich so mit meiner Stimme kann. Ob es jetzt sehr kleine, feine Songs sind oder die gro\u00dfe\u00a0Arie\u00a0ist, er hat\u00a0mich immer &#8222;the silk voice&#8220; genannt. So ist es entstanden.<\/p>\n<p style=\"text-align: justify;\"><strong>Dein neuer Titel &#8222;Ich hab nie aufgeh\u00f6rt dich zu lieben&#8220; erz\u00e4hlt &#8222;von der gro\u00dfen Liebe, dem Herzklopfen und den Gef\u00fchlen, die auch noch nach so vielen Jahren vorhanden sind&#8220;. Verr\u00e4tst du uns deinen aktuellen \u201eBeziehungsstatus&#8220;?<\/strong><\/p>\n<p style=\"text-align: justify;\">Haha, nein! Ich glaube, es ist\u00a0jedem schon einmal passiert.\u00a0Wenn du deiner ersten gro\u00dfen Liebe nach langer Zeit wieder begegnest,\u00a0dann wirst du feststellen, dass diese Person immer ein Teil von dir ist. Ich glaube auch fest daran, dass man jemanden\u00a0lieben kann, ohne das es mal deine\u00a0gro\u00dfe\u00a0Liebe war oder\u00a0ist.<\/p>\n<p style=\"text-align: justify;\"><strong>Das Besondere an diesem Song ist, dass du selbst als Autorin mitgewirkt hast<\/strong>.<\/p>\n<p style=\"text-align: justify;\">Ja, das stimmt. Ich schreibe auch selber, aber bisher hatte ich noch keine Chance bekommen, um es zu zeigen. Mein Deutsch ist, wie gesagt, nicht perfekt, aber w\u00e4hrend des 12,5-j\u00e4hrigen\u00a0Jubil\u00e4ums hat Boris Hanzer zu mir gesagt: \u201cGabriella, wir machen einen deutschen Text\u00a0f\u00fcr Uwe und sein Team auf &#8218;Happy Birthday&#8216;. Ich sagte ja\u2026. Das Blatt\u00a0war zu Anfang zu\u00a080% leer, aber in zehn Minuten war der Text dann fertig. Viele Ideen sind in meinem Kopf, (eine zweite Stimme hier, eine dritte Stimme da). Deutsche Texte zu schreiben, ist wirklich nicht einfach. Als ich im Auto unterwegs Richtung D\u00fcsseldorf ins Tonstudio gefahren bin, habe ich den italienischen Text zu\u00a0&#8222;Sie suchen nach Liebe&#8220; geschrieben (eingesungen).<\/p>\n<p style=\"text-align: justify;\"><strong>Planst du schon in Richtung eigenes Album?<\/strong><\/p>\n<p style=\"text-align: justify;\">Ja, eigentlich schon. Weil ich seit meinem ersten eigenen Song Gefallen daran gefunden habe an dieser \u201eIdee\u201c.<\/p>\n<p style=\"text-align: justify;\"><strong>Wie \/ Inwieweit hast du dich mit dem (Dauer-)Lockdown arrangiert?\u00a0<\/strong><\/p>\n<p style=\"text-align: justify;\">Von Natur aus\u00a0bin ich eine\u00a0positive\u00a0Person\u00a0und habe mich eigentlich gut arrangiert, weil es ist, wie es ist. Ich bin\u00a0selber noch kreativer\u00a0geworden und\u00a0habe mich selber auch besser kennengelernt. Oft tausche ich das liebe Wort &#8222;MUSS&#8220; durch das Wort &#8222;KANN&#8220; aus.<\/p>\n<p style=\"text-align: justify;\"><strong>Was planst du f\u00fcr die Zeit f\u00fcr nach Corona?<\/strong><\/p>\n<p style=\"text-align: justify;\">Ganz ehrlich: Ja, Corona, \u00a0&#8211; das Wort gibt es, aber es hat mich\u00a0nie dahingehend gebremst, um nichts\u00a0zu tun. Schon vor der Corona-Pandemie habe ich gearbeitet, genauso wie w\u00e4hrend des Lockdowns als auch in der Zeit danach.\u00a0Nat\u00fcrlich hoffe ich, dass ich die tollen\u00a0Leute, die mich immer unterst\u00fctzen, bald auch pers\u00f6nlich kennenlerne. Das w\u00e4re mein gr\u00f6\u00dfter Wunsch.<\/p>\n<p style=\"text-align: justify;\"><strong>Du giltst als \u00e4u\u00dferst Fan affin, liebst und suchst den Kontakt zu deinen Fans. Wo ziehst du f\u00fcr dich die Grenze zur Privatperson Gabriella Massa?<\/strong><\/p>\n<p style=\"text-align: justify;\">Alles, was mit Musik zu tun hat, ist ok, aber ganz private Sachen, sind halt privat &#8211; wie es das Wort schon sagt.<\/p>\n<p style=\"text-align: justify;\"><strong>Bei deinen Live Streams singst du auch live, getreu deinem Motto \u201ewhat you hear and see is what you get&#8220; &#8230; Das ist \u00e4u\u00dferst ungew\u00f6hnlich &#8230;<\/strong><\/p>\n<p style=\"text-align: justify;\">Findest du? Also ich bin von Herzen eine Musikerin \/ S\u00e4ngerin, und das sch\u00f6nste Geschenk, das\u00a0du jemanden\u00a0geben kannst, wie \u00a0eigentlich in alles im Leben&#8230;. bist du. DU. Mein Talent &#8211; also, das hoffe ich &#x1f609; -, ist meine Stimme und meine Spontanit\u00e4t. Es gibt keine Fassade\u00a0oder Maske. Ich freue mich, wenn ich mit meiner Stimme jemanden zum\u00a0Lachen oder zum Weinen zu bringen. Hoffentlich sind es dann auch\u00a0Freundentr\u00e4nen &#x1f609;\u00a0Wenn den Menschen meine Stimme gef\u00e4llt, dann werde ich auch immer singen. Singen ist nun mal meine Passion.<\/p>\n<p style=\"text-align: justify;\"><strong>Auch die Ver\u00f6ffentlichung deines neuen Titels wird entsprechend gefeiert &#8211; oder?<\/strong><\/p>\n<p style=\"text-align: justify;\">Ja, sicher. Normalerweise w\u00e4re ich live via Social Media gegangen, aber dieses Mal mache ich es anders:<\/p>\n<p style=\"text-align: justify;\">Ich habe eine kleine \u00dcberraschung f\u00fcr alle meine Fans und Follower. Im April wird es zwar ein offizielles Musikvideo geben,\u00a0ABER am\u00a026.03 um 18.00 Uhr gibt es eine Video-Premiere auf meinem YouTube-Channel. Dort gibt es ein spezielles\u00a0\u201cBehind the scenes\u201d mit Einblicken vom Videodreh. Ich w\u00fcrde\u00a0mich freuen, wenn ihr alle mitschaut.<\/p>\n<p style=\"text-align: justify;\">Auf meiner Fanpage\u00a0<a href=\"https:\/\/deref-gmx.net\/mail\/client\/QvR5eEfCjBU\/dereferrer\/?redirectUrl=http%3A%2F%2Fwww.facebook.com%2Fgabriellamassa.offiziell\" target=\"_blank\" rel=\"noopener noreferrer\">\u00a0www.facebook.com\/gabriellamassa.offiziell<\/a>\u00a0habe ich extra dazu ein Online Event erstellt.<\/p>\n<p style=\"text-align: justify;\"><strong>Webseite:<\/strong>\u00a0<a href=\"https:\/\/deref-gmx.net\/mail\/client\/-9uTf8lPx6I\/dereferrer\/?redirectUrl=http%3A%2F%2Fwww.gabriellamassa.de\" target=\"_blank\" rel=\"noopener noreferrer\">www.gabriellamassa.de<\/a><\/p>\n<p style=\"text-align: justify;\"><strong>Instagram:<\/strong>\u00a0<a href=\"https:\/\/deref-gmx.net\/mail\/client\/xzitHNL6fm0\/dereferrer\/?redirectUrl=http%3A%2F%2Fwww.instagram.com%2Fgabriellamassa.offiziell\" target=\"_blank\" rel=\"noopener noreferrer\">www.instagram.com\/gabriellamassa.offiziell<\/a><\/p>\n<p>&nbsp;<\/p>\n<p>&nbsp;<\/p>\n<p><img decoding=\"async\" loading=\"lazy\" class=\"alignnone size-large wp-image-162655\" src=\"https:\/\/smago.de\/ws2\/wp-content\/uploads\/2021\/03\/massa_ichhabnie-800x800.jpg\" alt=\"\" width=\"800\" height=\"800\" srcset=\"https:\/\/smago.de\/ws2\/wp-content\/uploads\/2021\/03\/massa_ichhabnie-800x800.jpg 800w, https:\/\/smago.de\/ws2\/wp-content\/uploads\/2021\/03\/massa_ichhabnie-522x522.jpg 522w, https:\/\/smago.de\/ws2\/wp-content\/uploads\/2021\/03\/massa_ichhabnie-150x150.jpg 150w, https:\/\/smago.de\/ws2\/wp-content\/uploads\/2021\/03\/massa_ichhabnie-768x768.jpg 768w, https:\/\/smago.de\/ws2\/wp-content\/uploads\/2021\/03\/massa_ichhabnie-1536x1536.jpg 1536w, https:\/\/smago.de\/ws2\/wp-content\/uploads\/2021\/03\/massa_ichhabnie-2048x2048.jpg 2048w, https:\/\/smago.de\/ws2\/wp-content\/uploads\/2021\/03\/massa_ichhabnie-272x272.jpg 272w, https:\/\/smago.de\/ws2\/wp-content\/uploads\/2021\/03\/massa_ichhabnie-600x600.jpg 600w, https:\/\/smago.de\/ws2\/wp-content\/uploads\/2021\/03\/massa_ichhabnie-130x130.jpg 130w, https:\/\/smago.de\/ws2\/wp-content\/uploads\/2021\/03\/massa_ichhabnie-445x445.jpg 445w, https:\/\/smago.de\/ws2\/wp-content\/uploads\/2021\/03\/massa_ichhabnie-190x190.jpg 190w, https:\/\/smago.de\/ws2\/wp-content\/uploads\/2021\/03\/massa_ichhabnie-290x290.jpg 290w\" sizes=\"(max-width: 800px) 100vw, 800px\" \/><\/p>\n","protected":false},"excerpt":{"rendered":"<p>Ihr brandneuer Song &#8222;Ich hab nie aufgeh\u00f6rt dich zu lieben&#8220; ist ab heute (26.03.2021) erh\u00e4ltlich!<\/p>\n","protected":false},"author":2,"featured_media":163007,"comment_status":"open","ping_status":"closed","sticky":false,"template":"","format":"standard","meta":{"_FSMCFIC_featured_image_caption":"","_FSMCFIC_featured_image_nocaption":"","_FSMCFIC_featured_image_hide":""},"categories":[28,39],"tags":[1722],"acf":[],"_links":{"self":[{"href":"https:\/\/smago.de\/ws2\/wp-json\/wp\/v2\/posts\/162932"}],"collection":[{"href":"https:\/\/smago.de\/ws2\/wp-json\/wp\/v2\/posts"}],"about":[{"href":"https:\/\/smago.de\/ws2\/wp-json\/wp\/v2\/types\/post"}],"author":[{"embeddable":true,"href":"https:\/\/smago.de\/ws2\/wp-json\/wp\/v2\/users\/2"}],"replies":[{"embeddable":true,"href":"https:\/\/smago.de\/ws2\/wp-json\/wp\/v2\/comments?post=162932"}],"version-history":[{"count":5,"href":"https:\/\/smago.de\/ws2\/wp-json\/wp\/v2\/posts\/162932\/revisions"}],"predecessor-version":[{"id":163009,"href":"https:\/\/smago.de\/ws2\/wp-json\/wp\/v2\/posts\/162932\/revisions\/163009"}],"wp:featuredmedia":[{"embeddable":true,"href":"https:\/\/smago.de\/ws2\/wp-json\/wp\/v2\/media\/163007"}],"wp:attachment":[{"href":"https:\/\/smago.de\/ws2\/wp-json\/wp\/v2\/media?parent=162932"}],"wp:term":[{"taxonomy":"category","embeddable":true,"href":"https:\/\/smago.de\/ws2\/wp-json\/wp\/v2\/categories?post=162932"},{"taxonomy":"post_tag","embeddable":true,"href":"https:\/\/smago.de\/ws2\/wp-json\/wp\/v2\/tags?post=162932"}],"curies":[{"name":"wp","href":"https:\/\/api.w.org\/{rel}","templated":true}]}}