{"id":162903,"date":"2021-03-23T10:05:59","date_gmt":"2021-03-23T09:05:59","guid":{"rendered":"https:\/\/smago.de\/ws2\/?p=162903"},"modified":"2021-03-23T10:07:35","modified_gmt":"2021-03-23T09:07:35","slug":"marcella-rockefeller-der-song-original-entstammt-dem-album-anders-als-geplant-marcella-singt-plate-und-sommer","status":"publish","type":"post","link":"https:\/\/smago.de\/ws2\/pop-schlager\/marcella-rockefeller-der-song-original-entstammt-dem-album-anders-als-geplant-marcella-singt-plate-und-sommer\/","title":{"rendered":"MARCELLA ROCKEFELLER <br>Der Song &#8222;Original&#8220; entstammt dem Album &#8222;Anders als geplant &#8211; Marcella singt Plate und Sommer&#8220;!"},"content":{"rendered":"<p>Die CD\u00a0ist am 19.03.2021 auf dem Label <em>Milch Musik<\/em> erschienen!<br \/>\n<!--more--><\/p>\n<p>&nbsp;<\/p>\n<p>&nbsp;<\/p>\n<p style=\"text-align: justify;\"><strong>Hier kommt Marcella Rockefeller mit dem wohl ber\u00fchrendsten Song von ihrem kommenden Album: &#8222;Original&#8220;!<\/strong><\/p>\n<p style=\"text-align: justify;\">In der Vorab-Single besingt <strong>Marcella <\/strong>ihre verstorbene Oma, eine Wegbegleiterin, Unterst\u00fctzerin und ihr gr\u00f6\u00dfter Fan von Anfang an. <strong>Marcella <\/strong>singt zwar vom Vermissen, doch auch von den bleibenden und pr\u00e4genden Erinnerungen, die uns die Menschen, die uns nahe standen, hinterlassen. So erz\u00e4hlt <strong>Marcella <\/strong>in ihrer typischen direkten Art vor allem von den Lektionen, die ihre Oma ihr mitgegeben hat: <em>&#8222;Life\u0092s a bitch &#8211; Doch wenn du auf die Fresse f\u00e4llst, hast du trotzdem eine Wahl&#8220;<\/em>.<\/p>\n<p style=\"text-align: justify;\">Geschrieben wurde der Song von <strong>Peter Plate, Ulf Leo Sommer <\/strong>und <strong>Joshua Lange <\/strong>(u.a. <strong>Rosenstolz \/ Sarah Connor \/ Max Raabe<\/strong>), die sich schon f\u00fcr die letzten erfolgreichen Singles von <strong>Marcella Rockefeller <\/strong>verantwortlich zeichneten. <strong>&#8222;Original&#8220; <\/strong>ist ein Denkmal und Mutmach-Song zugleich. Eine Ermunterung, sich nicht unterkriegen zu lassen und zu sich selbst zu stehen &#8211; eben ein Original zu bleiben.<\/p>\n<p style=\"text-align: justify;\">Das Album <strong>&#8222;Anders als geplant &#8211; Marcella singt Plate &amp; Sommer&#8220;<\/strong> ist am 19. M\u00e4rz bei demm Label<em> Milch Musik<\/em> erschienen.<\/p>\n<p style=\"text-align: justify;\">Neben ihren bekannten Hits, wie z.B. <strong>&#8222;Heller (High Heels)&#8220; <\/strong>oder der Aids Benefiz Single <strong>&#8222;Ich hab genauso Angst wie du&#8220; <\/strong>enth\u00e4lt es ihre Lieblingslieder aus der Feder von Rosenstolz-Gr\u00fcndern <strong>Peter Plate <\/strong>und Ulf <strong>Leo Sommer<\/strong>, sowie neue, eigens f\u00fcr das Album geschriebene Songs.<\/p>\n<p>&nbsp;<\/p>\n<p>&nbsp;<\/p>\n<p>&nbsp;<\/p>\n<p style=\"text-align: center;\"><strong>1. &#8222;Original&#8220; &#8211; 4:06<\/strong><\/p>\n<p style=\"text-align: center;\">(M+T.: Peter Plate &amp; Ulf Leo Sommer; V: Milchmusik Verlag)<\/p>\n<p style=\"text-align: center;\">(P) 2021\u00a0Milch Musik<\/p>\n<p>&nbsp;<\/p>\n<p>&nbsp;<\/p>\n<p><img decoding=\"async\" loading=\"lazy\" class=\"alignnone size-large wp-image-162905 aligncenter\" src=\"https:\/\/smago.de\/ws2\/wp-content\/uploads\/2021\/03\/rockefeller_CD-800x800.jpeg\" alt=\"\" width=\"800\" height=\"800\" srcset=\"https:\/\/smago.de\/ws2\/wp-content\/uploads\/2021\/03\/rockefeller_CD-800x800.jpeg 800w, https:\/\/smago.de\/ws2\/wp-content\/uploads\/2021\/03\/rockefeller_CD-522x522.jpeg 522w, https:\/\/smago.de\/ws2\/wp-content\/uploads\/2021\/03\/rockefeller_CD-150x150.jpeg 150w, https:\/\/smago.de\/ws2\/wp-content\/uploads\/2021\/03\/rockefeller_CD-768x768.jpeg 768w, https:\/\/smago.de\/ws2\/wp-content\/uploads\/2021\/03\/rockefeller_CD-272x272.jpeg 272w, https:\/\/smago.de\/ws2\/wp-content\/uploads\/2021\/03\/rockefeller_CD-600x600.jpeg 600w, https:\/\/smago.de\/ws2\/wp-content\/uploads\/2021\/03\/rockefeller_CD-130x130.jpeg 130w, https:\/\/smago.de\/ws2\/wp-content\/uploads\/2021\/03\/rockefeller_CD-445x445.jpeg 445w, https:\/\/smago.de\/ws2\/wp-content\/uploads\/2021\/03\/rockefeller_CD-190x190.jpeg 190w, https:\/\/smago.de\/ws2\/wp-content\/uploads\/2021\/03\/rockefeller_CD-290x290.jpeg 290w, https:\/\/smago.de\/ws2\/wp-content\/uploads\/2021\/03\/rockefeller_CD.jpeg 1500w\" sizes=\"(max-width: 800px) 100vw, 800px\" \/><\/p>\n","protected":false},"excerpt":{"rendered":"<p>Die CD\u00a0ist am 19.03.2021 auf dem Label Milch Musik erschienen!<\/p>\n","protected":false},"author":2,"featured_media":162904,"comment_status":"open","ping_status":"closed","sticky":false,"template":"","format":"standard","meta":{"_FSMCFIC_featured_image_caption":"","_FSMCFIC_featured_image_nocaption":"","_FSMCFIC_featured_image_hide":""},"categories":[28],"tags":[1973],"acf":[],"_links":{"self":[{"href":"https:\/\/smago.de\/ws2\/wp-json\/wp\/v2\/posts\/162903"}],"collection":[{"href":"https:\/\/smago.de\/ws2\/wp-json\/wp\/v2\/posts"}],"about":[{"href":"https:\/\/smago.de\/ws2\/wp-json\/wp\/v2\/types\/post"}],"author":[{"embeddable":true,"href":"https:\/\/smago.de\/ws2\/wp-json\/wp\/v2\/users\/2"}],"replies":[{"embeddable":true,"href":"https:\/\/smago.de\/ws2\/wp-json\/wp\/v2\/comments?post=162903"}],"version-history":[{"count":4,"href":"https:\/\/smago.de\/ws2\/wp-json\/wp\/v2\/posts\/162903\/revisions"}],"predecessor-version":[{"id":162909,"href":"https:\/\/smago.de\/ws2\/wp-json\/wp\/v2\/posts\/162903\/revisions\/162909"}],"wp:featuredmedia":[{"embeddable":true,"href":"https:\/\/smago.de\/ws2\/wp-json\/wp\/v2\/media\/162904"}],"wp:attachment":[{"href":"https:\/\/smago.de\/ws2\/wp-json\/wp\/v2\/media?parent=162903"}],"wp:term":[{"taxonomy":"category","embeddable":true,"href":"https:\/\/smago.de\/ws2\/wp-json\/wp\/v2\/categories?post=162903"},{"taxonomy":"post_tag","embeddable":true,"href":"https:\/\/smago.de\/ws2\/wp-json\/wp\/v2\/tags?post=162903"}],"curies":[{"name":"wp","href":"https:\/\/api.w.org\/{rel}","templated":true}]}}