{"id":162896,"date":"2021-03-23T00:00:47","date_gmt":"2021-03-22T23:00:47","guid":{"rendered":"https:\/\/smago.de\/ws2\/?p=162896"},"modified":"2021-03-22T23:29:20","modified_gmt":"2021-03-22T22:29:20","slug":"aurel-endlich-wieder-sommer-freut-sich-aurel","status":"publish","type":"post","link":"https:\/\/smago.de\/ws2\/country\/aurel-endlich-wieder-sommer-freut-sich-aurel\/","title":{"rendered":"AUREL <br>&#8222;Endlich wieder Sommer&#8220;, freut sich Aurel!"},"content":{"rendered":"<p>L\u00e4ssiger Country-Chill out Pop vom Allerfeinsten!<br \/>\n<!--more--><\/p>\n<p>&nbsp;<\/p>\n<p style=\"text-align: justify;\">\n<p style=\"text-align: justify;\">AUREL ist auch 2021 mit einem Sommer-Song bereits am Start, der sehns\u00fcchtig erwartet wird.<\/p>\n<p><em>\u201eIch habe mir vorgestellt, wie es w\u00e4re, wenn endlich wieder Sommer ist!\u00a0Raus auf die Liege, grillen mit Freunden, das Wetter genie\u00dfen. Alles, was uns\u00a0so lange schon fehlt\u201c,<\/em> so Aurel.<\/p>\n<p>Entstanden ist die neue Single \u201eEndlich wieder Sommer\u201c erneut in der Hitschmiede von Hens Hensen (u. a. Beatrice Egli, Vincent Gross, Die Nockis, Mathias Reim).<\/p>\n<p><em>\u201eDie dicken Sachen fliegen in den Schrank\u2026,\u201c<\/em> &#8211; so die erste Zeile der neuen Single.<\/p>\n<p>Was dann folgt, ist ein Liebeslied an die warme Jahreszeit. Verpackt in ein sommerlich-poppiges Gewand, mit einem Refrain, der sich nach erstmaligem H\u00f6ren direkt in den Geh\u00f6rg\u00e4ngen festsetzt. Ohrwurm pur.<\/p>\n<p><em>\u201eIch versuche, trotz aller Widrigkeiten positiv zu bleiben. Wie wir alle, hoffe ich auf entspannte Zeiten und freue mich riesig auf den Sommer!<\/em><br \/>\n<em>Wir d\u00fcrfen hoffentlich bald wieder auf die B\u00fchne. Ich kann es kaum erwarten, gemeinsam mit meiner Band die Songs unseres neuen Albums zu pr\u00e4sentieren.&#8220;<\/em><\/p>\n<p>Aurel konnte sich mit den Singles \u201eDu bist f\u00fcr mich Musik\u201c, \u201eLass uns leben\u201c und \u201eGib mir mehr\u201c wochenlang in den Top 100 der deutsch-konservativen Airplaycharts, sowie diversen Radiohitparaden platzieren.<\/p>\n<p>Sein erstes Album \u201eSonne\u201c, mit dem Radiohit \u201eIch brauch mal wieder Sonne\u201c, erschien\u00a02017, der Nachfolger \u201cNichts als Meer\u201c 2019.<\/p>\n","protected":false},"excerpt":{"rendered":"<p>L\u00e4ssiger Country-Chill out Pop vom Allerfeinsten!<\/p>\n","protected":false},"author":2,"featured_media":162897,"comment_status":"open","ping_status":"closed","sticky":false,"template":"","format":"standard","meta":{"_FSMCFIC_featured_image_caption":"","_FSMCFIC_featured_image_nocaption":"","_FSMCFIC_featured_image_hide":""},"categories":[4],"tags":[1417],"acf":[],"_links":{"self":[{"href":"https:\/\/smago.de\/ws2\/wp-json\/wp\/v2\/posts\/162896"}],"collection":[{"href":"https:\/\/smago.de\/ws2\/wp-json\/wp\/v2\/posts"}],"about":[{"href":"https:\/\/smago.de\/ws2\/wp-json\/wp\/v2\/types\/post"}],"author":[{"embeddable":true,"href":"https:\/\/smago.de\/ws2\/wp-json\/wp\/v2\/users\/2"}],"replies":[{"embeddable":true,"href":"https:\/\/smago.de\/ws2\/wp-json\/wp\/v2\/comments?post=162896"}],"version-history":[{"count":1,"href":"https:\/\/smago.de\/ws2\/wp-json\/wp\/v2\/posts\/162896\/revisions"}],"predecessor-version":[{"id":162898,"href":"https:\/\/smago.de\/ws2\/wp-json\/wp\/v2\/posts\/162896\/revisions\/162898"}],"wp:featuredmedia":[{"embeddable":true,"href":"https:\/\/smago.de\/ws2\/wp-json\/wp\/v2\/media\/162897"}],"wp:attachment":[{"href":"https:\/\/smago.de\/ws2\/wp-json\/wp\/v2\/media?parent=162896"}],"wp:term":[{"taxonomy":"category","embeddable":true,"href":"https:\/\/smago.de\/ws2\/wp-json\/wp\/v2\/categories?post=162896"},{"taxonomy":"post_tag","embeddable":true,"href":"https:\/\/smago.de\/ws2\/wp-json\/wp\/v2\/tags?post=162896"}],"curies":[{"name":"wp","href":"https:\/\/api.w.org\/{rel}","templated":true}]}}