{"id":162799,"date":"2021-03-19T16:54:58","date_gmt":"2021-03-19T15:54:58","guid":{"rendered":"https:\/\/smago.de\/ws2\/?p=162799"},"modified":"2021-03-19T16:54:58","modified_gmt":"2021-03-19T15:54:58","slug":"zdf-zdf-stellt-selbstverpflichtungserklaerung-fuer-2021-2022-vor","status":"publish","type":"post","link":"https:\/\/smago.de\/ws2\/smago-informiert\/zdf-zdf-stellt-selbstverpflichtungserklaerung-fuer-2021-2022-vor\/","title":{"rendered":"&#8222;ZDF&#8220; <br>ZDF stellt Selbstverpflichtungserkl\u00e4rung f\u00fcr 2021\/2022 vor!"},"content":{"rendered":"<p>Intendant Bellut: Wir m\u00fcssen uns fortlaufend erneuern!<br \/>\n<!--more--><\/p>\n<p>&nbsp;<\/p>\n<p>&nbsp;<\/p>\n<p style=\"text-align: justify;\">Mehr Vielfalt im Programm, mehr Inhalte f\u00fcr J\u00fcngere \u2013 das geh\u00f6rt zu den Zielen, die sich das ZDF in seiner Selbstverpflichtungserkl\u00e4rung 2021\/2022 setzt. ZDF-Intendant Dr. Thomas Bellut erkl\u00e4rte am Freitag bei der Pr\u00e4sentation vor dem Fernsehrat in Mainz: &#8222;Die Interessen der Zuschauerinnen und Zuschauer differenzieren sich weiter, die Gesellschaft wird zunehmend diverser. Um alle Menschen in Deutschland anzusprechen und zu erreichen, m\u00fcssen wir uns fortlaufend erneuern, das gilt f\u00fcr unsere Programminhalte ebenso wie f\u00fcr unsere Ausspielwege.&#8220;<\/p>\n<p style=\"text-align: justify;\">Daf\u00fcr wird die ZDFmediathek als non-linearer Hauptausspielweg weiter gest\u00e4rkt. Auch Drittplattformen werden genutzt, um Zuschauergruppen zu erreichen, die das ZDF und seine linearen Programmangebote selten nutzen.<\/p>\n<p style=\"text-align: justify;\">Die Informationsprogramme von ZDFheute werden im Superwahljahr ausgebaut. Alle Nachrichtenformate der &#8222;heute&#8220;-Familie werden kontinuierlich und konsequent weiterentwickelt \u2013 im Fernsehen, online und in den sozialen Medien. Die journalistische Qualit\u00e4t und Kompetenz des ZDF sollen daf\u00fcr genutzt werden, noch passgenauere Nachrichteninhalte auf allen Ausspielwegen anzubieten.<\/p>\n<p style=\"text-align: justify;\">Der \u00f6ffentlich-rechtliche Programmauftrag wird angesichts vieler gesellschaftlicher Ver\u00e4nderungen immer wichtiger. Eine Aufgabe besteht darin, die Lebenswirklichkeit in seiner gesamten Breite und Diversit\u00e4t abzubilden. Daf\u00fcr wird beispielsweise die w\u00f6chentliche Reportagereihe &#8222;37\u00b0&#8220; zu einer Format-Familie mit besonderem Blick auf die Verbreitung in der ZDFmediathek und in Social-Media-Kan\u00e4len ausgebaut.<\/p>\n<p style=\"text-align: justify;\">Die Bew\u00e4ltigung der Corona-Pandemie und deren soziale und \u00f6konomische Folgen ist ein \u00fcbergreifender Schwerpunkt 2021\/2022 und flie\u00dft in alle Programmbereiche des ZDF ein. Die Pandemie zeigt, wie wichtig der Zugang \u00fcber den \u00f6ffentlich-rechtlichen Rundfunk zu Wissenschaft und Kultur ist. Darum werden Inhalte und Vermittlungsformen st\u00e4rker auf bestimmte Zielgruppen und passende Ausspielwege ausgerichtet \u2013 zum Beispiel bei &#8222;Terra X&#8220;: Das Onlineangebot wird ausgebaut, &#8222;Die gro\u00dfe Terra X-Show&#8220; erh\u00e4lt eine h\u00f6here Folgenzahl und eine Kinderausgabe. Das Mediatheksangebot &#8222;Terra X plus Schule&#8220; wird systematisch unter anderem mit Unterrichtsmaterialien f\u00fcr Lehrkr\u00e4fte erweitert.<\/p>\n<p style=\"text-align: justify;\">Im Bereich der Fiktion plant das ZDF weiterhin gro\u00dfe Eventmehrteiler, Miniserien mit j\u00fcngerer Annonce, gesellschaftlich relevante Fernsehfilme, k\u00fcrzere Formen wie Instantfiction f\u00fcr die ZDFmediathek und die breite Entwicklung neuer Serien. Mit der Verfilmung literarischer Bestseller wie Frank Sch\u00e4tzings \u00d6ko-Science-Fiction-Thriller &#8222;Der Schwarm\u201c oder Siegfried Lenz&#8216; Roman &#8222;Deutschstunde&#8220; werden relevante Themen wie Umweltschutz und Vergangenheitsbew\u00e4ltigung behandelt. Die gro\u00dfe Bandbreite von der Reflektion deutscher Lebenswirklichkeit bis zur Aufarbeitung historischer Ereignisse findet sich in Produktionen wie &#8222;Dr. Ballouz&#8220; um einen ungew\u00f6hnlichen Chefarzt in der Uckermark bis zur &#8222;Wannseekonferenz&#8220; in Kombination mit einer Dokumentation. Von &#8222;Die Macht der Kr\u00e4nkung&#8220; in ZDFneo \u00fcber ein Amokszenario in einem Supermarkt bis zu der Serie &#8222;Der Palast&#8220; oder dem im M\u00e4rz geplanten Mehrteiler &#8222;Ku&#8217;damm 63&#8220;.<\/p>\n<p style=\"text-align: justify;\">Neue Unterhaltungsangebote sollen unter anderem in den Bereichen Musik und Factual Entertainment im ZDF, in ZDFneo und der ZDFmediathek etabliert werden. Hierzu z\u00e4hlen auch die geplante Schlagershow und das Format &#8222;Heimliche Helden&#8220; mit Giovanni Zarrella.<\/p>\n<p style=\"text-align: justify;\">Das ZDF bietet Kulturschaffenden eine mediale B\u00fchne. Mit Blick darauf wird die traditionsreiche Kulturmarke &#8222;aspekte&#8220; weiter erneuert. Das Ziel lautet: verst\u00e4rkt j\u00fcngere Zuschauergruppen im non-linearen Bereich f\u00fcr Kulturinhalte gewinnen. ZDFkultur wird seine Kulturpartnerschaften in linearen wie non-linearen Formaten fortsetzen und sich im \u00f6ffentlich-rechtlichen Kulturkosmos vernetzen.<\/p>\n<p style=\"text-align: justify;\">Als gr\u00f6\u00dfter Einzelauftraggeber unterst\u00fctzt das ZDF die Entwicklung der Kreativwirtschaft in \u00f6konomischer, \u00f6kologischer, technologischer und sozialer Dimension. Der schonende Einsatz von Ressourcen ist dabei ein wichtiges Prinzip: Im Zeitraum 2021\/2022 soll dasjenige Programmvolumen in den Bereichen Fiktion, Unterhaltung und Dokumentationen gesteigert werden, das den Kriterien des &#8222;Gr\u00fcnen Drehpasses&#8220; entspricht. Die Nachwuchs- und Talentf\u00f6rderung vor und hinter der Kamera nimmt in der Unternehmensstrategie eine besondere Bedeutung ein. Dabei sollen Diversit\u00e4tskriterien noch st\u00e4rker ber\u00fccksichtigt werden.<\/p>\n<p style=\"text-align: justify;\">Seit 2004 sieht der Rundfunkstaatsvertrag die Abgabe von Selbstverpflichtungserkl\u00e4rungen f\u00fcr die \u00f6ffentlich-rechtlichen Rundfunkanstalten in einem zweij\u00e4hrigen Turnus vor.<\/p>\n<p>&nbsp;<\/p>\n<p>&nbsp;<\/p>\n<p>Die vollst\u00e4ndige Selbstverpflichtungserkl\u00e4rung finden Sie <strong><a href=\"http:\/\/kurz.zdf.de\/sve2122\/\">HIER &#8230;:\u00a0<\/a><\/strong><\/p>\n<p>&nbsp;<\/p>\n<figure id=\"attachment_150247\" aria-describedby=\"caption-attachment-150247\" style=\"width: 720px\" class=\"wp-caption alignnone\"><img decoding=\"async\" loading=\"lazy\" class=\"size-full wp-image-150247\" src=\"https:\/\/smago.de\/ws2\/wp-content\/uploads\/2020\/07\/csm_ZDF_logo_corporate_design_03_4da3679ae9.jpg\" alt=\"\" width=\"720\" height=\"405\" srcset=\"https:\/\/smago.de\/ws2\/wp-content\/uploads\/2020\/07\/csm_ZDF_logo_corporate_design_03_4da3679ae9.jpg 720w, https:\/\/smago.de\/ws2\/wp-content\/uploads\/2020\/07\/csm_ZDF_logo_corporate_design_03_4da3679ae9-522x294.jpg 522w, https:\/\/smago.de\/ws2\/wp-content\/uploads\/2020\/07\/csm_ZDF_logo_corporate_design_03_4da3679ae9-267x150.jpg 267w, https:\/\/smago.de\/ws2\/wp-content\/uploads\/2020\/07\/csm_ZDF_logo_corporate_design_03_4da3679ae9-392x221.jpg 392w, https:\/\/smago.de\/ws2\/wp-content\/uploads\/2020\/07\/csm_ZDF_logo_corporate_design_03_4da3679ae9-130x73.jpg 130w, https:\/\/smago.de\/ws2\/wp-content\/uploads\/2020\/07\/csm_ZDF_logo_corporate_design_03_4da3679ae9-292x164.jpg 292w, https:\/\/smago.de\/ws2\/wp-content\/uploads\/2020\/07\/csm_ZDF_logo_corporate_design_03_4da3679ae9-435x245.jpg 435w\" sizes=\"(max-width: 720px) 100vw, 720px\" \/><figcaption id=\"caption-attachment-150247\" class=\"wp-caption-text\"><em>Foto-Credit: ZDF \/ Corporate Design<\/em><\/figcaption><\/figure>\n","protected":false},"excerpt":{"rendered":"<p>Intendant Bellut: Wir m\u00fcssen uns fortlaufend erneuern!<\/p>\n","protected":false},"author":2,"featured_media":150247,"comment_status":"open","ping_status":"closed","sticky":false,"template":"","format":"standard","meta":{"_FSMCFIC_featured_image_caption":"","_FSMCFIC_featured_image_nocaption":"","_FSMCFIC_featured_image_hide":""},"categories":[33],"tags":[135],"acf":[],"_links":{"self":[{"href":"https:\/\/smago.de\/ws2\/wp-json\/wp\/v2\/posts\/162799"}],"collection":[{"href":"https:\/\/smago.de\/ws2\/wp-json\/wp\/v2\/posts"}],"about":[{"href":"https:\/\/smago.de\/ws2\/wp-json\/wp\/v2\/types\/post"}],"author":[{"embeddable":true,"href":"https:\/\/smago.de\/ws2\/wp-json\/wp\/v2\/users\/2"}],"replies":[{"embeddable":true,"href":"https:\/\/smago.de\/ws2\/wp-json\/wp\/v2\/comments?post=162799"}],"version-history":[{"count":1,"href":"https:\/\/smago.de\/ws2\/wp-json\/wp\/v2\/posts\/162799\/revisions"}],"predecessor-version":[{"id":162800,"href":"https:\/\/smago.de\/ws2\/wp-json\/wp\/v2\/posts\/162799\/revisions\/162800"}],"wp:featuredmedia":[{"embeddable":true,"href":"https:\/\/smago.de\/ws2\/wp-json\/wp\/v2\/media\/150247"}],"wp:attachment":[{"href":"https:\/\/smago.de\/ws2\/wp-json\/wp\/v2\/media?parent=162799"}],"wp:term":[{"taxonomy":"category","embeddable":true,"href":"https:\/\/smago.de\/ws2\/wp-json\/wp\/v2\/categories?post=162799"},{"taxonomy":"post_tag","embeddable":true,"href":"https:\/\/smago.de\/ws2\/wp-json\/wp\/v2\/tags?post=162799"}],"curies":[{"name":"wp","href":"https:\/\/api.w.org\/{rel}","templated":true}]}}