{"id":162739,"date":"2021-03-18T23:59:15","date_gmt":"2021-03-18T22:59:15","guid":{"rendered":"https:\/\/smago.de\/ws2\/?p=162739"},"modified":"2021-03-19T01:18:15","modified_gmt":"2021-03-19T00:18:15","slug":"maximilian-arland-anita-alexandra-hofmann-michael-holm-laura-wilde-u-a-freitag-19-03-2021-rbb-fernsehen-eine-musikalische-reise-an-den-bodensee-wh-v-2019","status":"publish","type":"post","link":"https:\/\/smago.de\/ws2\/pop-schlager\/maximilian-arland-anita-alexandra-hofmann-michael-holm-laura-wilde-u-a-freitag-19-03-2021-rbb-fernsehen-eine-musikalische-reise-an-den-bodensee-wh-v-2019\/","title":{"rendered":"MAXIMILIAN ARLAND, ANITA &#038; ALEXANDRA HOFMANN, MICHAEL HOLM, LAURA WILDE u.a. <br>Freitag (19.03.2021), rbb FERNSEHEN: &#8222;Eine musikalische Reise an den Bodensee&#8220; (Wh. v. 2019!)!"},"content":{"rendered":"<p>&#8222;Malerische St\u00e4dte und kleine Fischerd\u00f6rfer, Wasser zu F\u00fc\u00dfen und Berge im Blick &#8211; ein Besuch in der Bodensee-Region mit viel Musik&#8220; \/\/ 22:30 Uhr &#8211; 00:00 Uhr!<br \/>\n<!--more--><\/p>\n<p>&nbsp;<\/p>\n<p style=\"text-align: justify;\">\n<p style=\"text-align: justify;\">Der Bodensee geh\u00f6rt zu jenen wenigen Urlaubszielen in Deutschland, die keine W\u00fcnsche offenlassen. Romantische D\u00f6rfer, prachtvolle G\u00e4rten und malerische Weinberge.<\/p>\n<p style=\"text-align: justify;\">Die Musikalische Reise unternimmt eine Ausfahrt mit dem restaurierten Museumsschiff &#8222;\u00d6sterreich&#8220; und ist dabei, wenn die Wasserskisportler aus Konstanz ihre akrobatischen Showeinlagen zeigen.<\/p>\n<p>Auf dem markgr\u00e4flichen Weingut am Nordufer trifft Moderator Markus Brock Prinz Bernhard von Baden. Auf der Insel Reichenau besucht er einen der sch\u00f6nsten Bodenseeg\u00e4rten und l\u00e4sst sich au\u00dferdem in Unteruhldingen die Welt der Pfahlbauten aus der Steinzeit erkl\u00e4ren.<\/p>\n<p style=\"text-align: justify;\">Musikalische G\u00e4ste sind Laura Wilde, Santiano, Michael Holm, Anita &amp; Alexandra Hofmann, Maximilian Arland und viele andere.<\/p>\n<p>&nbsp;<\/p>\n<p>&nbsp;<\/p>\n<figure id=\"attachment_162740\" aria-describedby=\"caption-attachment-162740\" style=\"width: 800px\" class=\"wp-caption alignnone\"><img decoding=\"async\" loading=\"lazy\" class=\"size-large wp-image-162740\" src=\"https:\/\/smago.de\/ws2\/wp-content\/uploads\/2021\/03\/2_Eine_musikalische_Reise_an_den_Bodensee-800x534.jpg\" alt=\"\" width=\"800\" height=\"534\" srcset=\"https:\/\/smago.de\/ws2\/wp-content\/uploads\/2021\/03\/2_Eine_musikalische_Reise_an_den_Bodensee-800x534.jpg 800w, https:\/\/smago.de\/ws2\/wp-content\/uploads\/2021\/03\/2_Eine_musikalische_Reise_an_den_Bodensee-522x348.jpg 522w, https:\/\/smago.de\/ws2\/wp-content\/uploads\/2021\/03\/2_Eine_musikalische_Reise_an_den_Bodensee-225x150.jpg 225w, https:\/\/smago.de\/ws2\/wp-content\/uploads\/2021\/03\/2_Eine_musikalische_Reise_an_den_Bodensee-768x512.jpg 768w, https:\/\/smago.de\/ws2\/wp-content\/uploads\/2021\/03\/2_Eine_musikalische_Reise_an_den_Bodensee-1536x1024.jpg 1536w, https:\/\/smago.de\/ws2\/wp-content\/uploads\/2021\/03\/2_Eine_musikalische_Reise_an_den_Bodensee-2048x1366.jpg 2048w, https:\/\/smago.de\/ws2\/wp-content\/uploads\/2021\/03\/2_Eine_musikalische_Reise_an_den_Bodensee-392x261.jpg 392w, https:\/\/smago.de\/ws2\/wp-content\/uploads\/2021\/03\/2_Eine_musikalische_Reise_an_den_Bodensee-130x87.jpg 130w, https:\/\/smago.de\/ws2\/wp-content\/uploads\/2021\/03\/2_Eine_musikalische_Reise_an_den_Bodensee-667x445.jpg 667w, https:\/\/smago.de\/ws2\/wp-content\/uploads\/2021\/03\/2_Eine_musikalische_Reise_an_den_Bodensee-783x522.jpg 783w, https:\/\/smago.de\/ws2\/wp-content\/uploads\/2021\/03\/2_Eine_musikalische_Reise_an_den_Bodensee-285x190.jpg 285w, https:\/\/smago.de\/ws2\/wp-content\/uploads\/2021\/03\/2_Eine_musikalische_Reise_an_den_Bodensee-435x290.jpg 435w, https:\/\/smago.de\/ws2\/wp-content\/uploads\/2021\/03\/2_Eine_musikalische_Reise_an_den_Bodensee-150x100.jpg 150w, https:\/\/smago.de\/ws2\/wp-content\/uploads\/2021\/03\/2_Eine_musikalische_Reise_an_den_Bodensee-370x247.jpg 370w\" sizes=\"(max-width: 800px) 100vw, 800px\" \/><figcaption id=\"caption-attachment-162740\" class=\"wp-caption-text\"><\/em> <em>\u00a9 rbb &#8211; SWR &#8211; Mainau<\/em><\/figcaption><\/figure>\n","protected":false},"excerpt":{"rendered":"<p>&#8222;Malerische St\u00e4dte und kleine Fischerd\u00f6rfer, Wasser zu F\u00fc\u00dfen und Berge im Blick &#8211; ein Besuch in der Bodensee-Region mit viel<\/p>\n","protected":false},"author":2,"featured_media":162740,"comment_status":"open","ping_status":"closed","sticky":false,"template":"","format":"standard","meta":{"_FSMCFIC_featured_image_caption":"","_FSMCFIC_featured_image_nocaption":"","_FSMCFIC_featured_image_hide":""},"categories":[28,29,128],"tags":[1967],"acf":[],"_links":{"self":[{"href":"https:\/\/smago.de\/ws2\/wp-json\/wp\/v2\/posts\/162739"}],"collection":[{"href":"https:\/\/smago.de\/ws2\/wp-json\/wp\/v2\/posts"}],"about":[{"href":"https:\/\/smago.de\/ws2\/wp-json\/wp\/v2\/types\/post"}],"author":[{"embeddable":true,"href":"https:\/\/smago.de\/ws2\/wp-json\/wp\/v2\/users\/2"}],"replies":[{"embeddable":true,"href":"https:\/\/smago.de\/ws2\/wp-json\/wp\/v2\/comments?post=162739"}],"version-history":[{"count":1,"href":"https:\/\/smago.de\/ws2\/wp-json\/wp\/v2\/posts\/162739\/revisions"}],"predecessor-version":[{"id":162741,"href":"https:\/\/smago.de\/ws2\/wp-json\/wp\/v2\/posts\/162739\/revisions\/162741"}],"wp:featuredmedia":[{"embeddable":true,"href":"https:\/\/smago.de\/ws2\/wp-json\/wp\/v2\/media\/162740"}],"wp:attachment":[{"href":"https:\/\/smago.de\/ws2\/wp-json\/wp\/v2\/media?parent=162739"}],"wp:term":[{"taxonomy":"category","embeddable":true,"href":"https:\/\/smago.de\/ws2\/wp-json\/wp\/v2\/categories?post=162739"},{"taxonomy":"post_tag","embeddable":true,"href":"https:\/\/smago.de\/ws2\/wp-json\/wp\/v2\/tags?post=162739"}],"curies":[{"name":"wp","href":"https:\/\/api.w.org\/{rel}","templated":true}]}}