{"id":162612,"date":"2021-03-15T22:38:25","date_gmt":"2021-03-15T21:38:25","guid":{"rendered":"https:\/\/smago.de\/ws2\/?p=162612"},"modified":"2021-03-23T22:57:21","modified_gmt":"2021-03-23T21:57:21","slug":"michael-stein-michael-stein-ist-tot","status":"publish","type":"post","link":"https:\/\/smago.de\/ws2\/schlager\/michael-stein-michael-stein-ist-tot\/","title":{"rendered":"MICHAEL STEIN <br>Michael Stein ist tot!"},"content":{"rendered":"<p>\u00dcber sein wahres Alter ranken sich Mythen &#8230;!<br \/>\n<!--more--><\/p>\n<p>&nbsp;<\/p>\n<p style=\"text-align: justify;\">Die Sonne scheint f\u00fcr ihn nicht mehr, denn er ging fort &#8230;<\/p>\n<p style=\"text-align: justify;\">Der Schlagers\u00e4nger MICHAEL STEIN, der in den Jahren 1984 bis 1991 mit 6 Titeln Einzug in die Offiziellen Deutschen Single Charts fand (&#8222;Die Sonne scheint f\u00fcr mich nicht mehr&#8220;, &#8222;Du geh\u00f6rst zu ihm&#8220;, &#8222;Sandy Goodbye&#8220;, &#8222;Adios Marlena&#8220;, &#8222;Ich hab dich lieb&#8220; und &#8222;Martinique Ch\u00e9rie&#8220;) ist am Samstagabend (13.03.2021) gegen 21:00 Uhr &#8222;pl\u00f6tzlich und unerwartet&#8220; verstorben.<\/p>\n<p style=\"text-align: justify;\">Bevor er als Michael Stein Karriere machte, ver\u00f6ffentlichte er bereits im Jahre 1979 als Marc Oliver seine erste Single &#8222;Ich hab dich lieb&#8220; (nicht zu verwechseln mit dem Titel &#8222;Ich hab dich lieb&#8220;, den er einige Jahre sp\u00e4ter als Michael Stein ver\u00f6ffentlichte).<\/p>\n<p style=\"text-align: justify;\">Bereits 1974 hatte er im Duett mit Angela Robert als &#8222;Susi und Alf&#8220; eine erste Single ver\u00f6ffentlicht: &#8222;Ich lebe nur f\u00fcr dich allein ((I&#8217;m Leaving It All Up To You)); B-Seite: &#8222;Nun, sind wir beide ein Paar&#8220;. Laut damaliger Aussage der Plattenfirma Ariola war &#8222;Alf&#8220; damals 21 Jahre alt. (Wikipedia.de gibt 1956 als sein Geburtsjahr an). Demnach w\u00e4re er 1953 geboren. Die Kollegen der <strong><a href=\"https:\/\/schlagerprofis.de\/25161\/\">Schlagerprofis<\/a><\/strong> wollen sogar 1950 als Geburtsjahr ermittelt haben.<\/p>\n<p>Sein pl\u00f6tzlicher und unerwarteter Tod ist vor allem f\u00fcr seine 89-j\u00e4hrige Mutter ein Riesenschock. Da es &#8222;niemanden an Familie mehr gibt, gibt es eine anonyme Beerdigung&#8220;, teilt seine langj\u00e4hrige Fanclubleiterin mit.<\/p>\n<p style=\"text-align: justify;\">1976 brachten Susi und Alf als &#8222;Susi &amp; Alf&#8220; eine weitere Single auf den Markt: &#8222;In einer kleinen Konditorei&#8220; (B-Seite: &#8222;In der Gartenlaube&#8220;).<\/p>\n<p>&nbsp;<\/p>\n<figure id=\"attachment_162613\" aria-describedby=\"caption-attachment-162613\" style=\"width: 758px\" class=\"wp-caption alignnone\"><img decoding=\"async\" loading=\"lazy\" class=\"size-full wp-image-162613\" src=\"https:\/\/smago.de\/ws2\/wp-content\/uploads\/2021\/03\/stein_FB.jpg\" alt=\"\" width=\"758\" height=\"758\" srcset=\"https:\/\/smago.de\/ws2\/wp-content\/uploads\/2021\/03\/stein_FB.jpg 758w, https:\/\/smago.de\/ws2\/wp-content\/uploads\/2021\/03\/stein_FB-522x522.jpg 522w, https:\/\/smago.de\/ws2\/wp-content\/uploads\/2021\/03\/stein_FB-150x150.jpg 150w, https:\/\/smago.de\/ws2\/wp-content\/uploads\/2021\/03\/stein_FB-272x272.jpg 272w, https:\/\/smago.de\/ws2\/wp-content\/uploads\/2021\/03\/stein_FB-600x600.jpg 600w, https:\/\/smago.de\/ws2\/wp-content\/uploads\/2021\/03\/stein_FB-130x130.jpg 130w, https:\/\/smago.de\/ws2\/wp-content\/uploads\/2021\/03\/stein_FB-445x445.jpg 445w, https:\/\/smago.de\/ws2\/wp-content\/uploads\/2021\/03\/stein_FB-190x190.jpg 190w, https:\/\/smago.de\/ws2\/wp-content\/uploads\/2021\/03\/stein_FB-290x290.jpg 290w\" sizes=\"(max-width: 758px) 100vw, 758px\" \/><figcaption id=\"caption-attachment-162613\" class=\"wp-caption-text\"><em>Foto-Credit: Facebook-Seite von Michael Stein<\/em><\/figcaption><\/figure>\n","protected":false},"excerpt":{"rendered":"<p>\u00dcber sein wahres Alter ranken sich Mythen &#8230;!<\/p>\n","protected":false},"author":2,"featured_media":162613,"comment_status":"open","ping_status":"closed","sticky":false,"template":"","format":"standard","meta":{"_FSMCFIC_featured_image_caption":"","_FSMCFIC_featured_image_nocaption":"","_FSMCFIC_featured_image_hide":""},"categories":[29],"tags":[1963],"acf":[],"_links":{"self":[{"href":"https:\/\/smago.de\/ws2\/wp-json\/wp\/v2\/posts\/162612"}],"collection":[{"href":"https:\/\/smago.de\/ws2\/wp-json\/wp\/v2\/posts"}],"about":[{"href":"https:\/\/smago.de\/ws2\/wp-json\/wp\/v2\/types\/post"}],"author":[{"embeddable":true,"href":"https:\/\/smago.de\/ws2\/wp-json\/wp\/v2\/users\/2"}],"replies":[{"embeddable":true,"href":"https:\/\/smago.de\/ws2\/wp-json\/wp\/v2\/comments?post=162612"}],"version-history":[{"count":4,"href":"https:\/\/smago.de\/ws2\/wp-json\/wp\/v2\/posts\/162612\/revisions"}],"predecessor-version":[{"id":162926,"href":"https:\/\/smago.de\/ws2\/wp-json\/wp\/v2\/posts\/162612\/revisions\/162926"}],"wp:featuredmedia":[{"embeddable":true,"href":"https:\/\/smago.de\/ws2\/wp-json\/wp\/v2\/media\/162613"}],"wp:attachment":[{"href":"https:\/\/smago.de\/ws2\/wp-json\/wp\/v2\/media?parent=162612"}],"wp:term":[{"taxonomy":"category","embeddable":true,"href":"https:\/\/smago.de\/ws2\/wp-json\/wp\/v2\/categories?post=162612"},{"taxonomy":"post_tag","embeddable":true,"href":"https:\/\/smago.de\/ws2\/wp-json\/wp\/v2\/tags?post=162612"}],"curies":[{"name":"wp","href":"https:\/\/api.w.org\/{rel}","templated":true}]}}