{"id":162165,"date":"2021-03-02T13:00:55","date_gmt":"2021-03-02T12:00:55","guid":{"rendered":"https:\/\/smago.de\/ws2\/?p=162165"},"modified":"2021-03-02T13:01:12","modified_gmt":"2021-03-02T12:01:12","slug":"zdf-zdf-intendant-thomas-bellut-hoert-2022-auf","status":"publish","type":"post","link":"https:\/\/smago.de\/ws2\/smago-informiert\/zdf-zdf-intendant-thomas-bellut-hoert-2022-auf\/","title":{"rendered":"&#8222;ZDF&#8220; <br>ZDF-Intendant Thomas Bellut h\u00f6rt 2022 auf!"},"content":{"rendered":"<p>Bellut steht seit M\u00e4rz 2012 an der Spitze des ZDF!<!--more--><\/p>\n<p>&nbsp;<\/p>\n<p>&nbsp;<\/p>\n<p style=\"text-align: justify;\">ZDF-Intendant Dr. Thomas Bellut hat gegen\u00fcber der Fernsehratsvorsitzenden Marlehn Thieme erkl\u00e4rt, dass er sich nicht um eine dritte Amtszeit bewerben werde. Dem Fernsehrat steht damit ausreichend Zeit zur Verf\u00fcgung, um die Nachfolge zu regeln.<\/p>\n<p style=\"text-align: justify;\">ZDF-Intendant Dr. Thomas Bellut: &#8222;Die kommenden zw\u00f6lf Monate bieten noch zahlreiche Herausforderungen: Corona, Digitalisierung, die Finanzausstattung des ZDF, die Wahlberichterstattung, um nur einige zu nennen. Am 15. M\u00e4rz 2022 ist es dann nach 40 spannenden Jahren im Mediengesch\u00e4ft Zeit f\u00fcr einen neuen Lebensabschnitt.&#8220;<\/p>\n<p style=\"text-align: justify;\">Thomas Bellut steht seit M\u00e4rz 2012 an der Spitze des ZDF. Davor war er von 2002 bis 2012 Programmdirektor. Der\/die Intendant\/in wird vom Fernsehrat f\u00fcr die Dauer von f\u00fcnf Jahren gew\u00e4hlt.<\/p>\n","protected":false},"excerpt":{"rendered":"<p>Bellut steht seit M\u00e4rz 2012 an der Spitze des ZDF!<\/p>\n","protected":false},"author":2,"featured_media":162166,"comment_status":"open","ping_status":"closed","sticky":false,"template":"","format":"standard","meta":{"_FSMCFIC_featured_image_caption":"","_FSMCFIC_featured_image_nocaption":"","_FSMCFIC_featured_image_hide":""},"categories":[33],"tags":[135],"acf":[],"_links":{"self":[{"href":"https:\/\/smago.de\/ws2\/wp-json\/wp\/v2\/posts\/162165"}],"collection":[{"href":"https:\/\/smago.de\/ws2\/wp-json\/wp\/v2\/posts"}],"about":[{"href":"https:\/\/smago.de\/ws2\/wp-json\/wp\/v2\/types\/post"}],"author":[{"embeddable":true,"href":"https:\/\/smago.de\/ws2\/wp-json\/wp\/v2\/users\/2"}],"replies":[{"embeddable":true,"href":"https:\/\/smago.de\/ws2\/wp-json\/wp\/v2\/comments?post=162165"}],"version-history":[{"count":2,"href":"https:\/\/smago.de\/ws2\/wp-json\/wp\/v2\/posts\/162165\/revisions"}],"predecessor-version":[{"id":162168,"href":"https:\/\/smago.de\/ws2\/wp-json\/wp\/v2\/posts\/162165\/revisions\/162168"}],"wp:featuredmedia":[{"embeddable":true,"href":"https:\/\/smago.de\/ws2\/wp-json\/wp\/v2\/media\/162166"}],"wp:attachment":[{"href":"https:\/\/smago.de\/ws2\/wp-json\/wp\/v2\/media?parent=162165"}],"wp:term":[{"taxonomy":"category","embeddable":true,"href":"https:\/\/smago.de\/ws2\/wp-json\/wp\/v2\/categories?post=162165"},{"taxonomy":"post_tag","embeddable":true,"href":"https:\/\/smago.de\/ws2\/wp-json\/wp\/v2\/tags?post=162165"}],"curies":[{"name":"wp","href":"https:\/\/api.w.org\/{rel}","templated":true}]}}