{"id":161822,"date":"2021-02-22T00:00:42","date_gmt":"2021-02-21T23:00:42","guid":{"rendered":"https:\/\/smago.de\/ws2\/?p=161822"},"modified":"2021-02-21T22:21:35","modified_gmt":"2021-02-21T21:21:35","slug":"peter-plate","status":"publish","type":"post","link":"https:\/\/smago.de\/ws2\/deutsch-rock\/peter-plate\/","title":{"rendered":"PETER PLATE <br>Peter Plate liest dem Magazin &#8222;tip&#8220; die Leviten!"},"content":{"rendered":"<p>Lesen Sie HIER seinen &#8222;Offenen Brief&#8220; an Jacek Slaski &#8230;:<br \/>\n<!--more--><\/p>\n<p style=\"text-align: justify;\">\n<div class=\"kvgmc6g5 cxmmr5t8 oygrvhab hcukyx3x c1et5uql ii04i59q\" style=\"text-align: justify;\">\n<div dir=\"auto\"><em>Lieber Jacek Slaski,<\/p>\n<p><\/em><\/div>\n<\/div>\n<div class=\"o9v6fnle cxmmr5t8 oygrvhab hcukyx3x c1et5uql ii04i59q\" style=\"text-align: justify;\">\n<div dir=\"auto\"><em>Sie haben mir mit Ihrem Artikel (tip Berlin <strong><a href=\"https:\/\/www.tip-berlin.de\/konzerte-party\/peter-plate-fordert-quote-fuer-deutsche-musik-im-radio\/?fbclid=IwAR0FTrwsxX0LiQuCQ2DEAD4vVgTur-jZ_NdZr6sSwqcjroz3w9pIZU5iDEw\">&#8222;Echt jetzt? Peter Plate fordert eine Quote f\u00fcr deutsche Musik im Radio&#8220;<\/a><\/strong>) echt eine schlaflose Nacht bereitet.<\/em><\/div>\n<div dir=\"auto\"><em><br \/>\nAngefangen damit, dass sie v\u00f6llig aus dem Zusammenhang gerissen ihren Lesern vorgaukeln, es w\u00e4re ein Interview \u00fcber die Radioquote gewesen (was es nicht war). Bis dahin, dass sie in einem Rundumschlag Maffay, Gr\u00f6nemeyer, Lindenberg etc. unterstellen, wir w\u00fcrden uns hier nur f\u00fcr unsere eigenen Belange einsetzen.<\/em><\/div>\n<div dir=\"auto\"><em><br \/>\nIm Grunde arbeiten sie hier nach dem Prinzip: unterstelle etwas, irgendwas bleibt schon h\u00e4ngen.<\/em><\/div>\n<\/div>\n<div class=\"o9v6fnle cxmmr5t8 oygrvhab hcukyx3x c1et5uql ii04i59q\" style=\"text-align: justify;\">\n<div dir=\"auto\"><em><br \/>\nWarum reden wir nicht \u00fcber die Sache?<\/em><\/div>\n<div dir=\"auto\"><em><br \/>\nEs ist einfach eine Tatsache, das junge K\u00fcnstler*innen ohne das Live Gesch\u00e4ft momentan nicht von der Musik leben k\u00f6nnen. Das ist in Corona Zeiten eine Katastrophe. Hier war unser Vorschlag, dass es doch klasse w\u00e4re, wenn die Radiostationen etwas mehr regionale K\u00fcnstler spielen w\u00fcrden. Ein Ansto\u00df zur Diskussion.<\/em><\/div>\n<div dir=\"auto\"><em><br \/>\nWeder m\u00fcssen diese K\u00fcnstler nun \u201edeutsch\u201c singen, noch geht es um Lindenberg, Gr\u00f6nemeyer oder Sarah Connor. Das findet nur in ihrem Kopf statt.<\/em><\/div>\n<\/div>\n<div class=\"o9v6fnle cxmmr5t8 oygrvhab hcukyx3x c1et5uql ii04i59q\" style=\"text-align: justify;\">\n<div dir=\"auto\"><em><br \/>\nNoch einmal, um es wirklich klar zu stellen: Ich glaube, kaum ein K\u00fcnstler ist wirklich aus Leidenschaft f\u00fcr eine Quote &#8211; ist ja nun auch wirklich total unsexy &#8211; aber gegen eine freiwillige Unterst\u00fctzung der Radiosender um Nachwuchsk\u00fcnstler*innen (und nur um die geht es mir) zu helfen, h\u00e4tte ich pers\u00f6nlich nun wirklich gar nichts. Im \u00dcbrigen ging es in dem Interview genau darum, eben NICHT nach Regulierung von \u201eoben\u201c zu schreien, sondern ich habe gesagt, dass wir das nur im miteinander schaffen. Also: Weniger meckern, mehr Ideen!<\/p>\n<p>Ich bin gespannt.<\/em><\/div>\n<\/div>\n<div class=\"o9v6fnle cxmmr5t8 oygrvhab hcukyx3x c1et5uql ii04i59q\">\n<div dir=\"auto\" style=\"text-align: justify;\"><em><\/p>\n<p>Ihr Peter Plate<\/em><\/div>\n<\/div>\n<div dir=\"auto\"><\/div>\n<div dir=\"auto\"><\/div>\n<div dir=\"auto\"><\/div>\n<div dir=\"auto\">\n<figure id=\"attachment_161825\" aria-describedby=\"caption-attachment-161825\" style=\"width: 800px\" class=\"wp-caption alignnone\"><img decoding=\"async\" loading=\"lazy\" class=\"size-large wp-image-161825\" src=\"https:\/\/smago.de\/ws2\/wp-content\/uploads\/2091\/02\/plate-800x800.jpg\" alt=\"\" width=\"800\" height=\"800\" srcset=\"https:\/\/smago.de\/ws2\/wp-content\/uploads\/2091\/02\/plate-800x800.jpg 800w, https:\/\/smago.de\/ws2\/wp-content\/uploads\/2091\/02\/plate-522x522.jpg 522w, https:\/\/smago.de\/ws2\/wp-content\/uploads\/2091\/02\/plate-150x150.jpg 150w, https:\/\/smago.de\/ws2\/wp-content\/uploads\/2091\/02\/plate-768x768.jpg 768w, https:\/\/smago.de\/ws2\/wp-content\/uploads\/2091\/02\/plate-272x272.jpg 272w, https:\/\/smago.de\/ws2\/wp-content\/uploads\/2091\/02\/plate-600x600.jpg 600w, https:\/\/smago.de\/ws2\/wp-content\/uploads\/2091\/02\/plate-130x130.jpg 130w, https:\/\/smago.de\/ws2\/wp-content\/uploads\/2091\/02\/plate-445x445.jpg 445w, https:\/\/smago.de\/ws2\/wp-content\/uploads\/2091\/02\/plate-190x190.jpg 190w, https:\/\/smago.de\/ws2\/wp-content\/uploads\/2091\/02\/plate-290x290.jpg 290w, https:\/\/smago.de\/ws2\/wp-content\/uploads\/2091\/02\/plate.jpg 959w\" sizes=\"(max-width: 800px) 100vw, 800px\" \/><figcaption id=\"caption-attachment-161825\" class=\"wp-caption-text\"><\/em> <em>Foto-Credit: <strong><a href=\"https:\/\/www.facebook.com\/peterplate.official\">Facebook-Seite von Peter Plate<\/a><\/strong><\/em><\/figcaption><\/figure>\n<\/div>\n<div dir=\"auto\"><\/div>\n","protected":false},"excerpt":{"rendered":"<p>Lesen Sie HIER seinen &#8222;Offenen Brief&#8220; an Jacek Slaski &#8230;:<\/p>\n","protected":false},"author":2,"featured_media":161825,"comment_status":"open","ping_status":"closed","sticky":false,"template":"","format":"standard","meta":{"_FSMCFIC_featured_image_caption":"","_FSMCFIC_featured_image_nocaption":"","_FSMCFIC_featured_image_hide":""},"categories":[5],"tags":[1954],"acf":[],"_links":{"self":[{"href":"https:\/\/smago.de\/ws2\/wp-json\/wp\/v2\/posts\/161822"}],"collection":[{"href":"https:\/\/smago.de\/ws2\/wp-json\/wp\/v2\/posts"}],"about":[{"href":"https:\/\/smago.de\/ws2\/wp-json\/wp\/v2\/types\/post"}],"author":[{"embeddable":true,"href":"https:\/\/smago.de\/ws2\/wp-json\/wp\/v2\/users\/2"}],"replies":[{"embeddable":true,"href":"https:\/\/smago.de\/ws2\/wp-json\/wp\/v2\/comments?post=161822"}],"version-history":[{"count":3,"href":"https:\/\/smago.de\/ws2\/wp-json\/wp\/v2\/posts\/161822\/revisions"}],"predecessor-version":[{"id":161826,"href":"https:\/\/smago.de\/ws2\/wp-json\/wp\/v2\/posts\/161822\/revisions\/161826"}],"wp:featuredmedia":[{"embeddable":true,"href":"https:\/\/smago.de\/ws2\/wp-json\/wp\/v2\/media\/161825"}],"wp:attachment":[{"href":"https:\/\/smago.de\/ws2\/wp-json\/wp\/v2\/media?parent=161822"}],"wp:term":[{"taxonomy":"category","embeddable":true,"href":"https:\/\/smago.de\/ws2\/wp-json\/wp\/v2\/categories?post=161822"},{"taxonomy":"post_tag","embeddable":true,"href":"https:\/\/smago.de\/ws2\/wp-json\/wp\/v2\/tags?post=161822"}],"curies":[{"name":"wp","href":"https:\/\/api.w.org\/{rel}","templated":true}]}}