{"id":161672,"date":"2021-02-17T23:27:03","date_gmt":"2021-02-17T22:27:03","guid":{"rendered":"https:\/\/smago.de\/ws2\/?p=161672"},"modified":"2021-02-17T23:29:44","modified_gmt":"2021-02-17T22:29:44","slug":"lyane-hegemann-easy-chriz-will-das-alles-nicht-mehr-ihre-dritte-zusammenarbeit","status":"publish","type":"post","link":"https:\/\/smago.de\/ws2\/pop\/lyane-hegemann-easy-chriz-will-das-alles-nicht-mehr-ihre-dritte-zusammenarbeit\/","title":{"rendered":"LYANE HEGEMANN &#038; EASY CHRIZ <br>&#8222;Will das alles nicht mehr&#8220; &#8211; ihre dritte Zusammenarbeit!"},"content":{"rendered":"<p>Sehen Sie HIER den Videoclip &#8230;:<br \/>\n<!--more--><\/p>\n<p style=\"text-align: justify;\">\n<p>&nbsp;<\/p>\n<p style=\"text-align: justify;\">Endlich steht, nach sieben Monaten, die brandneue deutsch Pop Single \u201eWill das alles nicht mehr\u201c von Lyane Hegemann und EAZY CHRIZ trotz Lockdown in den Startl\u00f6chern. Das sympathische Duo hat die Zusammenarbeit im vergangenen Jahr mit den Songs \u201eEndlich wieder frei\u201c und \u201eAlles was ich brauch\u201c gestartet. Dass die beiden Musiker genau den richtigen Nerv bei ihren Fans getroffen haben, belegen bisher \u00fcber 1,2 Millionen Streams auf Spotify und Co.<\/p>\n<p style=\"text-align: justify;\">Die beiden Protagonisten erz\u00e4hlen in \u201eWill das alles nicht mehr\u201c von einer zerbrochenen Liebesgeschichte, wie es das wahre Leben nicht besser k\u00f6nnte. Man hat sich auseinander gelebt, sich gegenseitig verletzt und trotzdem erinnert man sich beim kleinsten Lebenszeichen des Anderen an die guten Zeiten und beginnt dar\u00fcber nachzudenken, welche Entscheidungen richtig und welche falsch waren. Man h\u00e4lt eben gern an den sch\u00f6nen Erinnerungen fest.<\/p>\n<p style=\"text-align: justify;\">F\u00fcr die aktuelle Single haben Lyane und Chriz wieder auf das bew\u00e4hrte Produzententeam zur\u00fcckgegriffen: F\u00fcr den coolen Rhythmus der Radio-Version zeichnet Bernd M\u00fcller aka BMONDE verantwortlich. Der moderne Mix aus Tropical House-Elementen und aktuellen Pop-Sounds l\u00e4dt direkt zum Tanzen ein. Etwas chilliger geht der Remix von Tom Payle alias Thomas Bleicher zur Sache, mit typischen RnB Elementen und Gitarreneinw\u00fcrfen.<\/p>\n<p>&nbsp;<\/p>\n<p>&nbsp;<\/p>\n<p><iframe loading=\"lazy\" src=\"\/\/www.youtube.com\/embed\/yQFR0vq6g7k?feature=emb_logo\" width=\"560\" height=\"314\" allowfullscreen=\"allowfullscreen\"><\/iframe><\/p>\n","protected":false},"excerpt":{"rendered":"<p>Sehen Sie HIER den Videoclip &#8230;:<\/p>\n","protected":false},"author":2,"featured_media":161673,"comment_status":"open","ping_status":"closed","sticky":false,"template":"","format":"standard","meta":{"_FSMCFIC_featured_image_caption":"","_FSMCFIC_featured_image_nocaption":"","_FSMCFIC_featured_image_hide":""},"categories":[27,28],"tags":[1065],"acf":[],"_links":{"self":[{"href":"https:\/\/smago.de\/ws2\/wp-json\/wp\/v2\/posts\/161672"}],"collection":[{"href":"https:\/\/smago.de\/ws2\/wp-json\/wp\/v2\/posts"}],"about":[{"href":"https:\/\/smago.de\/ws2\/wp-json\/wp\/v2\/types\/post"}],"author":[{"embeddable":true,"href":"https:\/\/smago.de\/ws2\/wp-json\/wp\/v2\/users\/2"}],"replies":[{"embeddable":true,"href":"https:\/\/smago.de\/ws2\/wp-json\/wp\/v2\/comments?post=161672"}],"version-history":[{"count":2,"href":"https:\/\/smago.de\/ws2\/wp-json\/wp\/v2\/posts\/161672\/revisions"}],"predecessor-version":[{"id":161675,"href":"https:\/\/smago.de\/ws2\/wp-json\/wp\/v2\/posts\/161672\/revisions\/161675"}],"wp:featuredmedia":[{"embeddable":true,"href":"https:\/\/smago.de\/ws2\/wp-json\/wp\/v2\/media\/161673"}],"wp:attachment":[{"href":"https:\/\/smago.de\/ws2\/wp-json\/wp\/v2\/media?parent=161672"}],"wp:term":[{"taxonomy":"category","embeddable":true,"href":"https:\/\/smago.de\/ws2\/wp-json\/wp\/v2\/categories?post=161672"},{"taxonomy":"post_tag","embeddable":true,"href":"https:\/\/smago.de\/ws2\/wp-json\/wp\/v2\/tags?post=161672"}],"curies":[{"name":"wp","href":"https:\/\/api.w.org\/{rel}","templated":true}]}}