{"id":161599,"date":"2021-02-15T14:54:11","date_gmt":"2021-02-15T13:54:11","guid":{"rendered":"https:\/\/smago.de\/ws2\/?p=161599"},"modified":"2021-02-15T14:54:11","modified_gmt":"2021-02-15T13:54:11","slug":"smago-informiert-zdf-passt-finanzplanung-an","status":"publish","type":"post","link":"https:\/\/smago.de\/ws2\/smago-informiert\/smago-informiert-zdf-passt-finanzplanung-an\/","title":{"rendered":"smago! INFORMIERT <br>ZDF passt Finanzplanung an!"},"content":{"rendered":"<p>Intendant Bellut: <em>&#8222;Wir versuchen alles, um 2021 ohne Auswirkungen auf das Programm zu \u00fcberbr\u00fccken, ab 2022 w\u00fcrde sich das \u00e4ndern.&#8220;<\/em>!<br \/>\n<!--more--><\/p>\n<p>&nbsp;<\/p>\n<p>&nbsp;<\/p>\n<p style=\"text-align: justify;\">ZDF-Intendant Dr. Thomas Bellut hat den Verwaltungsrat dar\u00fcber informiert, wie der Sender mit den Minderertr\u00e4gen beim Rundfunkbeitrag bis zur Entscheidung des Bundesverfassungsgerichts umgehen will. Wegen der ausgebliebenen Anhebung um 86 Cent zum 1. Januar 2021 sind vorl\u00e4ufig geringere Ertr\u00e4ge in H\u00f6he von rund 150 Millionen Euro im laufenden Jahr die Folge. Durch den Einsatz von R\u00fccklagen, Einsparungen und der Verschiebung von Investitionen soll das Programm zun\u00e4chst weitgehend verschont bleiben.<\/p>\n<p style=\"text-align: justify;\">Dr. Thomas Bellut: &#8222;Gerade in der Corona-Krise halte ich es f\u00fcr meine Pflicht, die mittelst\u00e4ndisch gepr\u00e4gte deutsche Produzentenlandschaft und die Kreativen weiterhin zu unterst\u00fctzen und das Programm jedenfalls solange wie m\u00f6glich nicht einzuschr\u00e4nken. Klar ist aber auch, dass ein l\u00e4ngeres Ausbleiben der Beitragserh\u00f6hung schwerwiegende Folgen h\u00e4tte.&#8220;<\/p>\n<p style=\"text-align: justify;\">Solange offen ist, wann die Beitragsanpassung erfolgen kann, muss sich das ZDF auch mit den Folgen ab dem Jahr 2022 besch\u00e4ftigen. Sollte die Beitragserh\u00f6hung weiter ausbleiben, w\u00fcrden auch in den drei Jahren bis 2024 jeweils 150 Millionen Euro fehlen. Rund 75 Prozent davon k\u00f6nnten nur durch Reduzierungen im Programm realisiert werden. Dies betr\u00e4fe \u00fcberwiegend die fiktionale Auftragsproduktion mit erheblichen Auswirkungen auf die Lage der Produktionswirtschaft und der Kreativschaffenden. Auch bei den Partnerkan\u00e4len und der ZDFmediathek w\u00e4ren sp\u00fcrbare Einschnitte die Folge. Dies h\u00e4tte Auswirkungen auf die Qualit\u00e4t des Programms und die Wettbewerbsf\u00e4higkeit des ZDF.<\/p>\n","protected":false},"excerpt":{"rendered":"<p>Intendant Bellut: &#8222;Wir versuchen alles, um 2021 ohne Auswirkungen auf das Programm zu \u00fcberbr\u00fccken, ab 2022 w\u00fcrde sich das \u00e4ndern.&#8220;!<\/p>\n","protected":false},"author":2,"featured_media":150247,"comment_status":"open","ping_status":"closed","sticky":false,"template":"","format":"standard","meta":{"_FSMCFIC_featured_image_caption":"","_FSMCFIC_featured_image_nocaption":"","_FSMCFIC_featured_image_hide":""},"categories":[33,128],"tags":[135],"acf":[],"_links":{"self":[{"href":"https:\/\/smago.de\/ws2\/wp-json\/wp\/v2\/posts\/161599"}],"collection":[{"href":"https:\/\/smago.de\/ws2\/wp-json\/wp\/v2\/posts"}],"about":[{"href":"https:\/\/smago.de\/ws2\/wp-json\/wp\/v2\/types\/post"}],"author":[{"embeddable":true,"href":"https:\/\/smago.de\/ws2\/wp-json\/wp\/v2\/users\/2"}],"replies":[{"embeddable":true,"href":"https:\/\/smago.de\/ws2\/wp-json\/wp\/v2\/comments?post=161599"}],"version-history":[{"count":1,"href":"https:\/\/smago.de\/ws2\/wp-json\/wp\/v2\/posts\/161599\/revisions"}],"predecessor-version":[{"id":161600,"href":"https:\/\/smago.de\/ws2\/wp-json\/wp\/v2\/posts\/161599\/revisions\/161600"}],"wp:featuredmedia":[{"embeddable":true,"href":"https:\/\/smago.de\/ws2\/wp-json\/wp\/v2\/media\/150247"}],"wp:attachment":[{"href":"https:\/\/smago.de\/ws2\/wp-json\/wp\/v2\/media?parent=161599"}],"wp:term":[{"taxonomy":"category","embeddable":true,"href":"https:\/\/smago.de\/ws2\/wp-json\/wp\/v2\/categories?post=161599"},{"taxonomy":"post_tag","embeddable":true,"href":"https:\/\/smago.de\/ws2\/wp-json\/wp\/v2\/tags?post=161599"}],"curies":[{"name":"wp","href":"https:\/\/api.w.org\/{rel}","templated":true}]}}