{"id":161254,"date":"2021-02-09T00:00:48","date_gmt":"2021-02-08T23:00:48","guid":{"rendered":"https:\/\/smago.de\/ws2\/?p=161254"},"modified":"2021-02-08T22:28:06","modified_gmt":"2021-02-08T21:28:06","slug":"erich-oexler-bewegender-nachruf-auf-dtv-mitglied-erich-oexler-koenig-von-mallorca","status":"publish","type":"post","link":"https:\/\/smago.de\/ws2\/party-schlager\/erich-oexler-bewegender-nachruf-auf-dtv-mitglied-erich-oexler-koenig-von-mallorca\/","title":{"rendered":"ERICH \u00d6XLER <br>Bewegender Nachruf auf DTV-Mitglied Erich \u00d6xler (&#8222;K\u00f6nig von Mallorca&#8220;)!"},"content":{"rendered":"<p>Das K\u00fcrzel &#8222;DTV&#8220; steht f\u00fcr &#8222;Deutscher Textdichter Verband&#8220;! DTV-Vorstandsmitglied Thomas Woitkewitsch schreibt &#8230;:<br \/>\n<!--more--><\/p>\n<p>&nbsp;<\/p>\n<p>&nbsp;<\/p>\n<p>&nbsp;<\/p>\n<p style=\"text-align: justify;\">ERICH \u00d6XLER ist tot. Der erfolgreiche Musikautor, Produzent, Manager, Labelchef und DTV-Mitglied wurde nur 51 Jahre alt. Seine gr\u00f6\u00dften Erfolge feierte er mit Ballermann- und Partysongs. So erfand er f\u00fcr J\u00fcrgen Drews den &#8222;K\u00f6nig von Mallorca&#8220; und f\u00fcr Tim Toupet die Mitgr\u00f6hl-Hymne &#8222;Du hast die Haare sch\u00f6n&#8220; und brachte als Produzent alte Hits wie &#8222;Joana (du geile Sau)&#8220; (Peter Wackel), &#8222;Amsterdam&#8220; (Axel Fischer) und &#8222;Ich liebe das Leben&#8220; (Vicky Leandros) zu neuem Ruhm. Erich \u00d6xler hatte aber auch andere k\u00fcnstlerische Seiten. F\u00fcr die \u00d6sterreicherin\u00a0Simone textete er Ende der 1990er-Jahre den Radioerfolg &#8222;Es ist einfach fortzugehn&#8220; und die deutsche Version der &#8222;La Boum&#8220;-Titelmelodie &#8222;Deine Augen&#8220;. Au\u00dferdem schrieb Erich \u00d6xler u.a. f\u00fcr Wolfgang Petry, Olaf Henning, Die Paldauer, Anna-Maria Zimmermann, Die Klostertaler und Tony Marshall.\u00a0Er war 2000 Absolvent und 2001 Juror\u00a0der Celler Schule, f\u00fchrte sein eigenes Label HITMIX.de Music und galt in der Branche als klarer und aufrichtiger Gespr\u00e4chs- und Gesch\u00e4ftspartner, Kampfgeist,\u00a0Chancengeber und hochkreativer Kopf. Er starb nach schwerer Krankheit Anfang Februar 2021.\u00a0Wir sind traurig und geschockt \u00fcber diese Nachricht und f\u00fchlen mit seiner Frau Claudia.<\/p>\n<p>&nbsp;<\/p>\n<p>&nbsp;<\/p>\n<p>&nbsp;<\/p>\n<p><strong>DTV-Vorstandsmitglied Thomas Woitkewitsch schickte folgende Nachricht zur Erinnerung an Erich \u00d6xler:<\/strong><\/p>\n<p>&nbsp;<\/p>\n<p style=\"text-align: justify;\"><em>Erich \u00d6xler ist mir nur einmal begegnet,\u00a0bei einem DTV-Sommerfest in M\u00fcnchen war er durch Zufall mein Tischnachbar. Auf den ersten Blick wirkte er nicht besonders redselig, aber nach einer stockenden Wer-Wie-Was-Ann\u00e4herungsphase kamen wir in ein Gespr\u00e4ch, an das ich mich noch heute, zwanzig Jahren danach, gut erinnere.<br \/>\n<\/em><br \/>\n<em>Erich \u00d6xler erz\u00e4hlte, wie er in Augsburg im Fernsehen die erste \u201eWetten, dass\u2026\u201c- Folge aus Mallorca gesehen und geh\u00f6rt hatte, dass Thomas Gottschalk J\u00fcrgen Drews als \u201eK\u00f6nig von Mallorca\u201c titulierte, was ihn zum gleichnamigen J\u00fcrgen-Drews-Hit anregte. (\u201eDabei kannte ich damals Mallorca noch \u00fcberhaupt nicht, mein bisheriges Wissen \u00fcber die Insel verdankte ich RTL II. Au\u00dferdem fand J\u00fcrgen Drews meinen Text nicht gut. Ich habe ihn so lange genervt, bis er nachgab.\u201c)<br \/>\n<\/em><br \/>\n<em>Nach diesem ersten Hit kamen noch viele andere. Erich \u00d6xler wurde zum K\u00f6nig des Partyschlagers. Er hatte ein Ohr f\u00fcr Gute-Laune-Melodien\u00a0und ein Gesp\u00fcr f\u00fcr Zeilen und Texte, die das gro\u00dfe Publikum, wie er sagte, auch noch mit mehr als zwei Promille auswendig singen konnte. Zu seinen<br \/>\n<\/em><br \/>\n<em>Inspirationsquellen z\u00e4hlten neben den Volksfesten die Fu\u00dfballstadien. Er schw\u00e4rmte f\u00fcr die Songs der S\u00fcdkurve, deren verbindende Power vor allem die englischen Fu\u00dfballfans schon fr\u00fch erkannt hatten. Einen dieser Titel mochten wir ganz besonders: die inoffizielle Vereinshymne des FC Liverpool \u201dYou\u2019ll Never Walk Alone\u201c.\u00a0An sie musste ich denken bei der traurigen Nachricht von Erich \u00d6xlers fr\u00fchem Tod.\u00a0<\/em><\/p>\n<p>&nbsp;<\/p>\n<figure id=\"attachment_161256\" aria-describedby=\"caption-attachment-161256\" style=\"width: 720px\" class=\"wp-caption alignnone\"><img decoding=\"async\" loading=\"lazy\" class=\"size-full wp-image-161256\" src=\"https:\/\/smago.de\/ws2\/wp-content\/uploads\/2021\/02\/oexlers.jpg\" alt=\"\" width=\"720\" height=\"960\" srcset=\"https:\/\/smago.de\/ws2\/wp-content\/uploads\/2021\/02\/oexlers.jpg 720w, https:\/\/smago.de\/ws2\/wp-content\/uploads\/2021\/02\/oexlers-392x522.jpg 392w, https:\/\/smago.de\/ws2\/wp-content\/uploads\/2021\/02\/oexlers-600x800.jpg 600w, https:\/\/smago.de\/ws2\/wp-content\/uploads\/2021\/02\/oexlers-113x150.jpg 113w, https:\/\/smago.de\/ws2\/wp-content\/uploads\/2021\/02\/oexlers-204x272.jpg 204w, https:\/\/smago.de\/ws2\/wp-content\/uploads\/2021\/02\/oexlers-450x600.jpg 450w, https:\/\/smago.de\/ws2\/wp-content\/uploads\/2021\/02\/oexlers-98x130.jpg 98w, https:\/\/smago.de\/ws2\/wp-content\/uploads\/2021\/02\/oexlers-334x445.jpg 334w, https:\/\/smago.de\/ws2\/wp-content\/uploads\/2021\/02\/oexlers-143x190.jpg 143w, https:\/\/smago.de\/ws2\/wp-content\/uploads\/2021\/02\/oexlers-218x290.jpg 218w, https:\/\/smago.de\/ws2\/wp-content\/uploads\/2021\/02\/oexlers-510x680.jpg 510w\" sizes=\"(max-width: 720px) 100vw, 720px\" \/><figcaption id=\"caption-attachment-161256\" class=\"wp-caption-text\"><em>Das Foto zeigt Erich \u00d6xler mit seiner Frau Claudia und H\u00fcndin Maja im Dezember 2020<\/em><\/p>\n<p><em>Foto-Credit: <strong><a href=\"https:\/\/www.facebook.com\/oexler\/tributes\">Facebook-Kondolenzseite von Erich \u00d6xler<\/a><\/strong><\/em><\/figcaption><\/figure>\n","protected":false},"excerpt":{"rendered":"<p>Das K\u00fcrzel &#8222;DTV&#8220; steht f\u00fcr &#8222;Deutscher Textdichter Verband&#8220;! DTV-Vorstandsmitglied Thomas Woitkewitsch schreibt &#8230;:<\/p>\n","protected":false},"author":2,"featured_media":161256,"comment_status":"open","ping_status":"closed","sticky":false,"template":"","format":"standard","meta":{"_FSMCFIC_featured_image_caption":"","_FSMCFIC_featured_image_nocaption":"","_FSMCFIC_featured_image_hide":""},"categories":[26,28],"tags":[1921],"acf":[],"_links":{"self":[{"href":"https:\/\/smago.de\/ws2\/wp-json\/wp\/v2\/posts\/161254"}],"collection":[{"href":"https:\/\/smago.de\/ws2\/wp-json\/wp\/v2\/posts"}],"about":[{"href":"https:\/\/smago.de\/ws2\/wp-json\/wp\/v2\/types\/post"}],"author":[{"embeddable":true,"href":"https:\/\/smago.de\/ws2\/wp-json\/wp\/v2\/users\/2"}],"replies":[{"embeddable":true,"href":"https:\/\/smago.de\/ws2\/wp-json\/wp\/v2\/comments?post=161254"}],"version-history":[{"count":3,"href":"https:\/\/smago.de\/ws2\/wp-json\/wp\/v2\/posts\/161254\/revisions"}],"predecessor-version":[{"id":161258,"href":"https:\/\/smago.de\/ws2\/wp-json\/wp\/v2\/posts\/161254\/revisions\/161258"}],"wp:featuredmedia":[{"embeddable":true,"href":"https:\/\/smago.de\/ws2\/wp-json\/wp\/v2\/media\/161256"}],"wp:attachment":[{"href":"https:\/\/smago.de\/ws2\/wp-json\/wp\/v2\/media?parent=161254"}],"wp:term":[{"taxonomy":"category","embeddable":true,"href":"https:\/\/smago.de\/ws2\/wp-json\/wp\/v2\/categories?post=161254"},{"taxonomy":"post_tag","embeddable":true,"href":"https:\/\/smago.de\/ws2\/wp-json\/wp\/v2\/tags?post=161254"}],"curies":[{"name":"wp","href":"https:\/\/api.w.org\/{rel}","templated":true}]}}