{"id":161216,"date":"2021-02-07T23:42:11","date_gmt":"2021-02-07T22:42:11","guid":{"rendered":"https:\/\/smago.de\/ws2\/?p=161216"},"modified":"2021-02-07T23:42:34","modified_gmt":"2021-02-07T22:42:34","slug":"smago-informiert-ard-mediathek-startet-mit-neuem-bestwert-ins-jahr-2021","status":"publish","type":"post","link":"https:\/\/smago.de\/ws2\/smago-informiert\/smago-informiert-ard-mediathek-startet-mit-neuem-bestwert-ins-jahr-2021\/","title":{"rendered":"smago! INFORMIERT <br>ARD-Mediathek startet mit neuem Bestwert ins Jahr 2021!"},"content":{"rendered":"<p>Nachhaltige Verbesserungen der gemeinsamen Videoplattform:<br \/>\n<!--more--><\/p>\n<p>&nbsp;<\/p>\n<p>&nbsp;<\/p>\n<p>&nbsp;<\/p>\n<p class=\"text small\" style=\"text-align: justify;\">Die ARD-Mediathek hat im neuen Jahr gleich zu Beginn an Dynamik hinzugewonnen, da immer mehr Menschen das Angebot nutzen. Hatte das Jahr 2020 schon mit einem Bestwert von 151 Millionen Videoabrufen im Dezember geendet, so konnte sich die gemeinsame Videoplattform der ARD im Januar 2021 weiter steigern und erreichte mit mehr als 170 Millionen Abrufen erneut einen H\u00f6chstwert. Damit stiegen die Abrufe der ARD-Mediathek in den vergangenen zw\u00f6lf Monaten um 99 Prozent (1.2.2020-31.1.2021: 1,4 Mrd.) und haben sich somit in einem Jahr verdoppelt.<\/p>\n<div class=\"clearMe\" style=\"text-align: justify;\"><\/div>\n<p class=\"text small\" style=\"text-align: justify;\">Kai Gniffke, als SWR-Intendant verantwortlich f\u00fcr die Arbeit von ARD Online, ordnet diese Zahlen ein: &#8222;Die ARD-Mediathek hat 2020 neue Ma\u00dfst\u00e4be gesetzt und geht mit m\u00e4chtig Schwung ins Jahr 2021. Unsere gemeinsame Mediathek ist damit ein gutes Beispiel f\u00fcr den digitalen Weg, auf dem sich die ARD insgesamt befindet. Nach Jahren der Aufholjagd sind wir bei der Zahl der aktiven Nutzerinnen und Nutzer sowie der t\u00e4glichen Gesamtnutzung nun Nummer 1 unter den Streaming-Plattformen der deutschen Fernsehsender!&#8220;<\/p>\n<div class=\"clearMe\" style=\"text-align: justify;\"><\/div>\n<div style=\"text-align: justify;\"><\/div>\n<div style=\"text-align: justify;\"><\/div>\n<div style=\"text-align: justify;\"><\/div>\n<div style=\"text-align: justify;\"><\/div>\n<h2 class=\"subtitle small\" style=\"text-align: justify;\">Nachhaltige Verbesserungen der gemeinsamen Videoplattform<\/h2>\n<p>&nbsp;<\/p>\n<p class=\"text small\" style=\"text-align: justify;\">Auf allen digitalen Ausspielwegen wird die Plattform h\u00e4ufiger genutzt. Die ARD-Mediathek f\u00fcr Smart TVs konnte dabei besonders deutlich zulegen. Neben einer personellen Verst\u00e4rkung des Kuratierungs- und Entwicklungsteams der Mediathek wurden \u00fcber eine gemeinsame Inhalteoffensive des ARD-Verbunds mehr serielle Inhalte priorit\u00e4r f\u00fcr die Mediathek produziert. Dar\u00fcber hinaus bescherten Verbesserungen bei der Planung und Kuration der Inhalte dem ARD-Verbund dieses beeindruckende Wachstum.<\/p>\n<div class=\"clearMe\" style=\"text-align: justify;\"><\/div>\n<div style=\"text-align: justify;\"><\/div>\n<div style=\"text-align: justify;\"><\/div>\n<div style=\"text-align: justify;\"><\/div>\n<div style=\"text-align: justify;\"><\/div>\n<h2 class=\"subtitle small\" style=\"text-align: justify;\">Homeschooling mit der ARD-Mediathek<\/h2>\n<p>&nbsp;<\/p>\n<p class=\"text small\" style=\"text-align: justify;\">Die gesellschaftlich besonders relevanten Inhalte trugen ebenfalls zum Erfolg bei. Die ARD hatte zu Jahresbeginn auf den Lockdown reagiert, indem sie die Bildungsangebote f\u00fcr Sch\u00fcler*innen, Eltern und Lehrer*innen ausbaute. Allein die Seiten der Mediatheks-Rubrik &#8222;Zu Hause lernen&#8220; wurden 4,29 Millionen Mal aufgerufen. In den Vormonaten waren es durchschnittlich 1,45 Millionen Abrufe &#8211; das hei\u00dft: Die Zugriffe haben sich nahezu verdreifacht. Die Abrufe der &#8222;Sendung mit der Maus&#8220; (WDR) lagen allein in der Mediathek bei mehr als einer Million, gefolgt von &#8222;Planet Schule&#8220; (SWR\/WDR) mit 718.000.<\/p>\n<div class=\"clearMe\" style=\"text-align: justify;\"><\/div>\n<div style=\"text-align: justify;\"><\/div>\n<div style=\"text-align: justify;\"><\/div>\n<div style=\"text-align: justify;\"><\/div>\n<h2 class=\"subtitle small\" style=\"text-align: justify;\">Serien wie &#8222;Charit\u00e9&#8220; und Extra-Seiten<\/h2>\n<p>&nbsp;<\/p>\n<p class=\"text small\" style=\"text-align: justify;\">Die ARD-Mediathek kann 2021 mit der dritten Staffel der Serie &#8222;Charit\u00e9&#8220; (MDR, Degeto \/ Ufa Fiction) an ihre Serienerfolge im Sp\u00e4tjahr 2020 ankn\u00fcpfen. Jede Folge der neuen Staffel erzielte im Januar im Schnitt 1,5 Millionen Videoabrufe, insgesamt sind es mehr als neun Millionen (inkl. 1. und 2. Staffeln sowie dem Bonusmaterial: 13,7 Mio. Videoabrufe). Neu im Angebot der ARD-Mediathek sind au\u00dferdem die Extra-Seiten. Ein Eldorado \u00f6ffnet sich hier f\u00fcr &#8222;Tatort&#8220;-Freunde. Und wer zum Beispiel wissen will, wie wir als Gesellschaft wurden was wir sind, und das Heute besser verstehen m\u00f6chte, wird auf der &#8222;Geschichte&#8220;-Seite f\u00fcndig.<\/p>\n<div class=\"clearMe\" style=\"text-align: justify;\"><\/div>\n<div style=\"text-align: justify;\"><\/div>\n<div style=\"text-align: justify;\"><\/div>\n<div style=\"text-align: justify;\"><\/div>\n<h2 class=\"subtitle small\" style=\"text-align: justify;\">Ausblick: neue Serien, Krimi, Dokus, Comedy<\/h2>\n<p>&nbsp;<\/p>\n<p class=\"text small\" style=\"text-align: justify;\">Im Februar erwartet die Nutzenden die britische Comedyserie &#8222;State of the Union&#8220; um ein Ehepaar in der Krise samt Therapie und die norwegische Sci-Fi-\/Comedyserie &#8222;Magnus &#8211; Trollj\u00e4ger&#8220; \u00fcber einen merkw\u00fcrdigen und zugleich genialen Polizisten. Im Dokumentarischen sind geplant: &#8222;Anschlag auf unser Leben&#8220; \u00fcber das Attentat in Hanau sowie die Wirtschaftsdoku &#8222;#Dieselgate&#8220; \u00fcber einen der gr\u00f6\u00dften Skandale der deutschen Industriegeschichte.<\/p>\n<p class=\"text small\" style=\"text-align: justify;\">Und auch der M\u00e4rz bietet echte Highlights: Mit &#8222;Die Toten von Marnow&#8220; um die Suche nach einem Serienm\u00f6rder und &#8222;Beforeigners&#8220;, einer norwegischen Produktion, stehen zwei Thriller-Serien am Start. Vergn\u00fcglich wird es mit der Comedyserie &#8222;Almania&#8220;. Einen gro\u00dfen Programmschwerpunkt wird es anl\u00e4sslich des 50. Geburtstags der Maus geben.<\/p>\n<div class=\"clearMe\" style=\"text-align: justify;\"><\/div>\n<div><\/div>\n<div><\/div>\n<div>\n<figure id=\"attachment_161217\" aria-describedby=\"caption-attachment-161217\" style=\"width: 800px\" class=\"wp-caption alignnone\"><img decoding=\"async\" loading=\"lazy\" class=\"size-nerubian-single wp-image-161217\" src=\"https:\/\/smago.de\/ws2\/wp-content\/uploads\/2021\/02\/1_ARD_Mediathek_Logo_2021-870x487.jpg\" alt=\"\" width=\"800\" height=\"448\" srcset=\"https:\/\/smago.de\/ws2\/wp-content\/uploads\/2021\/02\/1_ARD_Mediathek_Logo_2021-870x487.jpg 870w, https:\/\/smago.de\/ws2\/wp-content\/uploads\/2021\/02\/1_ARD_Mediathek_Logo_2021-522x292.jpg 522w, https:\/\/smago.de\/ws2\/wp-content\/uploads\/2021\/02\/1_ARD_Mediathek_Logo_2021-800x448.jpg 800w, https:\/\/smago.de\/ws2\/wp-content\/uploads\/2021\/02\/1_ARD_Mediathek_Logo_2021-268x150.jpg 268w, https:\/\/smago.de\/ws2\/wp-content\/uploads\/2021\/02\/1_ARD_Mediathek_Logo_2021-768x430.jpg 768w, https:\/\/smago.de\/ws2\/wp-content\/uploads\/2021\/02\/1_ARD_Mediathek_Logo_2021-1536x860.jpg 1536w, https:\/\/smago.de\/ws2\/wp-content\/uploads\/2021\/02\/1_ARD_Mediathek_Logo_2021-2048x1147.jpg 2048w, https:\/\/smago.de\/ws2\/wp-content\/uploads\/2021\/02\/1_ARD_Mediathek_Logo_2021-392x220.jpg 392w, https:\/\/smago.de\/ws2\/wp-content\/uploads\/2021\/02\/1_ARD_Mediathek_Logo_2021-130x73.jpg 130w, https:\/\/smago.de\/ws2\/wp-content\/uploads\/2021\/02\/1_ARD_Mediathek_Logo_2021-794x445.jpg 794w, https:\/\/smago.de\/ws2\/wp-content\/uploads\/2021\/02\/1_ARD_Mediathek_Logo_2021-292x164.jpg 292w, https:\/\/smago.de\/ws2\/wp-content\/uploads\/2021\/02\/1_ARD_Mediathek_Logo_2021-435x244.jpg 435w\" sizes=\"(max-width: 800px) 100vw, 800px\" \/><figcaption id=\"caption-attachment-161217\" class=\"wp-caption-text\"><em>Foto-Credit: ARD Design<\/em><\/figcaption><\/figure>\n<\/div>\n","protected":false},"excerpt":{"rendered":"<p>Nachhaltige Verbesserungen der gemeinsamen Videoplattform:<\/p>\n","protected":false},"author":2,"featured_media":161217,"comment_status":"open","ping_status":"closed","sticky":false,"template":"","format":"standard","meta":{"_FSMCFIC_featured_image_caption":"","_FSMCFIC_featured_image_nocaption":"","_FSMCFIC_featured_image_hide":""},"categories":[33],"tags":[798],"acf":[],"_links":{"self":[{"href":"https:\/\/smago.de\/ws2\/wp-json\/wp\/v2\/posts\/161216"}],"collection":[{"href":"https:\/\/smago.de\/ws2\/wp-json\/wp\/v2\/posts"}],"about":[{"href":"https:\/\/smago.de\/ws2\/wp-json\/wp\/v2\/types\/post"}],"author":[{"embeddable":true,"href":"https:\/\/smago.de\/ws2\/wp-json\/wp\/v2\/users\/2"}],"replies":[{"embeddable":true,"href":"https:\/\/smago.de\/ws2\/wp-json\/wp\/v2\/comments?post=161216"}],"version-history":[{"count":2,"href":"https:\/\/smago.de\/ws2\/wp-json\/wp\/v2\/posts\/161216\/revisions"}],"predecessor-version":[{"id":161219,"href":"https:\/\/smago.de\/ws2\/wp-json\/wp\/v2\/posts\/161216\/revisions\/161219"}],"wp:featuredmedia":[{"embeddable":true,"href":"https:\/\/smago.de\/ws2\/wp-json\/wp\/v2\/media\/161217"}],"wp:attachment":[{"href":"https:\/\/smago.de\/ws2\/wp-json\/wp\/v2\/media?parent=161216"}],"wp:term":[{"taxonomy":"category","embeddable":true,"href":"https:\/\/smago.de\/ws2\/wp-json\/wp\/v2\/categories?post=161216"},{"taxonomy":"post_tag","embeddable":true,"href":"https:\/\/smago.de\/ws2\/wp-json\/wp\/v2\/tags?post=161216"}],"curies":[{"name":"wp","href":"https:\/\/api.w.org\/{rel}","templated":true}]}}