{"id":161101,"date":"2021-02-05T09:43:15","date_gmt":"2021-02-05T08:43:15","guid":{"rendered":"https:\/\/smago.de\/ws2\/?p=161101"},"modified":"2021-02-05T09:43:15","modified_gmt":"2021-02-05T08:43:15","slug":"vivien-gold-am-19-02-2021-erscheint-ihre-neue-single-unertraeglich","status":"publish","type":"post","link":"https:\/\/smago.de\/ws2\/pop-schlager\/vivien-gold-am-19-02-2021-erscheint-ihre-neue-single-unertraeglich\/","title":{"rendered":"VIVIEN GOLD <br>Am 19.02.2021 erscheint ihre neue Single &#8222;Unertr\u00e4glich&#8220;!"},"content":{"rendered":"<p>Das Album soll vier Wochen sp\u00e4ter &#8211; und somit am 19. M\u00e4rz &#8211; erscheinen!<br \/>\n<!--more--><\/p>\n<p style=\"text-align: justify;\">\n<p style=\"text-align: justify;\">\n<p style=\"text-align: justify;\">VIVIEN GOLD &#8211; \u201eUnertr\u00e4glich\u201c gut &#8230;<\/p>\n<p>Die S\u00e4ngerin ver\u00f6ffentlicht mit der dritten Single einen weiteren Vorboten aus ihrem Deb\u00fct-Album &#8230;<\/p>\n<p>Im vergangenen Jahr machte die sympathische Newcomerin \u201eDie Musik ganz laut\u201c und lie\u00df die Schlagerherzen im \u201eNeonlicht\u201c tanzen. In mehreren beliebten TV-Shows von ZDF und ARD zeigte VIVIEN GOLD eindrucksvoll, dass eine richtige Power-Frau in ihr steckt. Ihre unverwechselbare Stimme und die gro\u00dfe Liebe zur B\u00fchne durfte sie dort einem Millionen-Publikum pr\u00e4sentieren.<\/p>\n<p>Nach erfolgreichen Platzierungen der beiden ersten Songs in den Radio-Hitparaden beweist VIVIEN GOLD mit der dritten Single eine neue Facette. Auf \u201eUnertr\u00e4glich\u201c ist sie nachdenklicher, leidenschaftlicher und dennoch stark. Auch f\u00fcr diese Ver\u00f6ffentlichung konnten wieder namhafte Partner ins Boot geholt werden. Das Team von Nur So! etwa hat dieses Mal den Remix f\u00fcr die Fox-Szene gezaubert.<\/p>\n<p>In dem Song selbst geht es um die Geschichte zweier Menschen, die sich kopflos in ein Abenteuer st\u00fcrzen und doch nie ganz zueinander finden. \u201eZusammen sind wir unertr\u00e4glich, von der Herrlichkeit verflucht.\u201c Es beginnt ein Spiel um Liebe und Distanz. Dies sind Momente, die wir manchmal unertr\u00e4glich finden und manchmal einfach unertr\u00e4glich gut.<\/p>\n<p>Getextet wurde die neue Single von VIVIEN GOLD wieder selbst. Gemeinsam mit Erfolgsproduzent Andr\u00e9 Stade entstand die fesselnde Nummer.<\/p>\n<p>\u201eUnertr\u00e4glich\u201c wird am 19.02.2021 ver\u00f6ffentlicht. Die Single ist der Vorbote auf das im M\u00e4rz erscheinende Deb\u00fct-Album \u201eGedankenkarussell\u201c. Damit zeigt VIVIEN GOLD, dass man mit viel Leidenschaft zur Musik und selbstgeschriebenen Songs den Sprung in die Riege der gro\u00dfen Popschlager-S\u00e4ngerinnen schaffen kann.<\/p>\n","protected":false},"excerpt":{"rendered":"<p>Das Album soll vier Wochen sp\u00e4ter &#8211; und somit am 19. M\u00e4rz &#8211; erscheinen!<\/p>\n","protected":false},"author":2,"featured_media":161102,"comment_status":"open","ping_status":"closed","sticky":false,"template":"","format":"standard","meta":{"_FSMCFIC_featured_image_caption":"","_FSMCFIC_featured_image_nocaption":"","_FSMCFIC_featured_image_hide":""},"categories":[28],"tags":[1607],"acf":[],"_links":{"self":[{"href":"https:\/\/smago.de\/ws2\/wp-json\/wp\/v2\/posts\/161101"}],"collection":[{"href":"https:\/\/smago.de\/ws2\/wp-json\/wp\/v2\/posts"}],"about":[{"href":"https:\/\/smago.de\/ws2\/wp-json\/wp\/v2\/types\/post"}],"author":[{"embeddable":true,"href":"https:\/\/smago.de\/ws2\/wp-json\/wp\/v2\/users\/2"}],"replies":[{"embeddable":true,"href":"https:\/\/smago.de\/ws2\/wp-json\/wp\/v2\/comments?post=161101"}],"version-history":[{"count":1,"href":"https:\/\/smago.de\/ws2\/wp-json\/wp\/v2\/posts\/161101\/revisions"}],"predecessor-version":[{"id":161103,"href":"https:\/\/smago.de\/ws2\/wp-json\/wp\/v2\/posts\/161101\/revisions\/161103"}],"wp:featuredmedia":[{"embeddable":true,"href":"https:\/\/smago.de\/ws2\/wp-json\/wp\/v2\/media\/161102"}],"wp:attachment":[{"href":"https:\/\/smago.de\/ws2\/wp-json\/wp\/v2\/media?parent=161101"}],"wp:term":[{"taxonomy":"category","embeddable":true,"href":"https:\/\/smago.de\/ws2\/wp-json\/wp\/v2\/categories?post=161101"},{"taxonomy":"post_tag","embeddable":true,"href":"https:\/\/smago.de\/ws2\/wp-json\/wp\/v2\/tags?post=161101"}],"curies":[{"name":"wp","href":"https:\/\/api.w.org\/{rel}","templated":true}]}}